{"id":38509,"date":"2025-08-21T10:20:07","date_gmt":"2025-08-21T10:20:07","guid":{"rendered":"https:\/\/www.europesays.com\/pt\/38509\/"},"modified":"2025-08-21T10:20:07","modified_gmt":"2025-08-21T10:20:07","slug":"eddington-manas-e-outras-estreias-para-esta-semana-cinema","status":"publish","type":"post","link":"https:\/\/www.europesays.com\/pt\/38509\/","title":{"rendered":"Eddington, Manas e outras estreias para esta semana | Cinema"},"content":{"rendered":"<p>Durante os primeiros meses da pandemia de covid-19, na pequena cidade de Eddington, no Novo M\u00e9xico (EUA), desencadeia-se um conflito entre Joe Cross, o xerife, e Ted Garcia, o presidente da c\u00e2mara. O que come\u00e7a como uma alterca\u00e7\u00e3o sobre o uso de m\u00e1scara num supermercado, depressa se converte num campo de batalha pol\u00edtico e social, inflamado por not\u00edcias falsas e v\u00eddeos virais que se espalham nas redes sociais. E quando surge a possibilidade de ali ser constru\u00eddo um data center, um local de armazenamento de dados ligado \u00e0 intelig\u00eancia artificial, a tens\u00e3o alastra-se e a viol\u00eancia assume propor\u00e7\u00f5es desmedidas.<\/p>\n<p>Estreado no <a href=\"https:\/\/www.publico.pt\/festival-de-cannes\" rel=\"nofollow noopener\" target=\"_blank\">Festival de Cinema de Cannes<\/a> e com realiza\u00e7\u00e3o e argumento de Ari Aster (<a href=\"https:\/\/cinecartaz.publico.pt\/filme\/hereditario-386927\" rel=\"nofollow noopener\" target=\"_blank\">Heredit\u00e1rio<\/a>, <a href=\"https:\/\/cinecartaz.publico.pt\/filme\/midsommar-ritual-396230\" rel=\"nofollow noopener\" target=\"_blank\">Midsommar<\/a>), esta com\u00e9dia negra com elementos de western contempor\u00e2neo interroga os limites da autoridade e da verdade numa Am\u00e9rica cada vez mais polarizada. Protagonizado por Joaquin Phoenix e Pedro Pascal, o elenco integra ainda Emma Stone, Austin Butler, Deirdre O\u2019Connell e Micheal Ward. <a href=\"https:\/\/cinecartaz.publico.pt\/filme\/eddington-413958\" rel=\"nofollow noopener\" target=\"_blank\"><strong>Cr\u00edticas, salas e hor\u00e1rios<\/strong><\/a><strong>\u200b<\/strong><\/p>\n<p>        &#13;<br \/>\n             <a class=\"embedly-card\" data-card-controls=\"0\" href=\"https:\/\/www.youtube.com\/watch?v=1N8WyHF_ntk\" rel=\"nofollow noopener\" target=\"_blank\">&#13;<\/p>\n<p>Marcielle, de 13 anos, vive com os pais e os irm\u00e3os na Ilha de Maraj\u00f3, no Par\u00e1, uma regi\u00e3o marcada pela pobreza, pelo isolamento e pela viol\u00eancia estrutural. Quando a irm\u00e3 mais velha foge de casa com um homem mais velho, a rapariga come\u00e7a a colocar em causa a forma como as mulheres s\u00e3o tratadas na comunidade. Empenhada em quebrar o sil\u00eancio, ela decide enfrentar os abusos a que foi sujeita e a que sempre assistiu, dentro e fora da pr\u00f3pria casa.<\/p>\n<p>Co-produ\u00e7\u00e3o entre Portugal e Brasil, Manas \u00e9 um drama social sobre viol\u00eancia familiar e emancipa\u00e7\u00e3o feminina realizado pela estreante Marianna Brennand, que se inspira em testemunhos de fam\u00edlias, assistentes sociais e outros profissionais envolvidos na luta contra a viol\u00eancia na regi\u00e3o amaz\u00f3nica.<\/p>\n<p>Estreado no <a href=\"https:\/\/www.publico.pt\/festival-de-veneza\" rel=\"nofollow noopener\" target=\"_blank\">Festival de Veneza<\/a>, foi distinguido com o Director\u2019s Award da mostra Giornate Degli Autori. No Festival de Cannes, a realizadora recebeu o pr\u00e9mio Women In Motion. O filme conta com as interpreta\u00e7\u00f5es de Jamilli Correa, Dira Paes, F\u00e1tima Macedo e R\u00f4mulo Braga. <a href=\"https:\/\/cinecartaz.publico.pt\/filme\/manas-413767\" rel=\"nofollow noopener\" target=\"_blank\"><strong>Cr\u00edticas, salas e hor\u00e1rios<\/strong><\/a><strong>\u200b<\/strong><\/p>\n<p>        &#13;<br \/>\n             <a class=\"embedly-card\" data-card-controls=\"0\" href=\"https:\/\/www.youtube.com\/watch?v=YfvuWAUdMeY\" rel=\"nofollow noopener\" target=\"_blank\">&#13;<\/p>\n<p>Quando uma f\u00e1brica de pastilhas el\u00e1sticas se transforma no epicentro de uma invas\u00e3o de alien\u00edgenas decididos a conquistar a Terra, Daffy e Porky tornam-se, contra todas as probabilidades, os \u00fanicos capazes de nos salvar. \u00c9 assim que estes dois her\u00f3is, acompanhados por Pet\u00fania, uma nova aliada, enfrentam, com coragem (mas muito pouca conten\u00e7\u00e3o), perigosos inimigos vindos do espa\u00e7o.<\/p>\n<p>Realizado por Pete Browngardt e produzido pela Warner Bros. Animation, este filme de anima\u00e7\u00e3o presta homenagem aos desenhos animados da s\u00e9rie Looney Tunes \u2013 distribu\u00eddos pela Warner Bros. Animation durante a chamada Era de Ouro da anima\u00e7\u00e3o americana \u2013, e aos cl\u00e1ssicos de fic\u00e7\u00e3o cient\u00edfica da d\u00e9cada de 1950. Na vers\u00e3o original, as vozes s\u00e3o de Eric Bauza, Candi Milo e Peter MacNicol; j\u00e1 a vers\u00e3o portuguesa conta com M\u00e1rcio Sim\u00f5es, Pedro Bargado, Nuno Markl e Paulo Oom. <a href=\"https:\/\/cinecartaz.publico.pt\/filme\/looney-tunes-daffy-porky-salvam-mundo-414071\" rel=\"nofollow noopener\" target=\"_blank\"><strong>Cr\u00edticas, salas e hor\u00e1rios<\/strong><\/a><\/p>\n<p>        &#13;<br \/>\n             <a class=\"embedly-card\" data-card-controls=\"0\" href=\"https:\/\/www.youtube.com\/watch?v=agGgT-G9X9Q\" rel=\"nofollow noopener\" target=\"_blank\">&#13;<\/p>\n<p>Os habitantes de uma pequena aldeia concluem a colheita. Ansiosos por desfrutar do merecido descanso, avistam duas colunas de fumo: uma a erguer-se do celeiro do propriet\u00e1rio das terras, e outra vinda da floresta, que parece anunciar a chegada de estranhos. O receio alastra entre os alde\u00f5es, que v\u00eaem, ao longo de sete dias, um modo de vida mantido quase inalterado durante s\u00e9culos transformar-se de forma irrevers\u00edvel.<\/p>\n<p>Estreado no Festival Internacional de Toronto e com interpreta\u00e7\u00f5es de Caleb Landry Jones, Harry Melling, Frank Dillane, Rosy McEwen e Gordon Brown, este filme da cineasta grega Athina Rachel Tsangari (<a href=\"https:\/\/cinecartaz.publico.pt\/filme\/attenberg-296357\" rel=\"nofollow noopener\" target=\"_blank\">Attenberg<\/a>), adapta o romance hom\u00f3nimo escrito, em 2013 por Jim Crace, que retrata o fim da era rural e o avan\u00e7o da modernidade. <a href=\"https:\/\/cinecartaz.publico.pt\/filme\/colheita-413956\" rel=\"nofollow noopener\" target=\"_blank\"><strong>Cr\u00edticas, salas e hor\u00e1rios<\/strong><\/a><\/p>\n<p>        &#13;<br \/>\n             <a class=\"embedly-card\" data-card-controls=\"0\" href=\"https:\/\/www.youtube.com\/watch?v=g7ACHcuzyyM\" rel=\"nofollow noopener\" target=\"_blank\">&#13;<\/p>\n<p>Quase tr\u00eas d\u00e9cadas ap\u00f3s os acontecimentos narrados em Ferie d&#8217;Agosto (1996), tamb\u00e9m realizado por Paolo Virz\u00ec, as fam\u00edlias Molino e Mazzalupi regressam \u00e0 ilha de Ventotene para celebrar o Ferragosto, o tradicional feriado de 15 de Agosto. Apesar da passagem do tempo, as tens\u00f5es em It\u00e1lia (e no mundo) persistem e novos conflitos emergem entre os membros dos dois cl\u00e3s. Entre um banquete de casamento, selfies e debates acesos sobre pol\u00edtica e valores sociais, o reencontro adquire todos os ingredientes para uma com\u00e9dia de costumes tipicamente italiana.<\/p>\n<p>Com argumento de Virz\u00ec e do seu irm\u00e3o Carlo Virz\u00ec, em parceria com Francesco Bruni, F\u00e9rias de Agosto conta com interpreta\u00e7\u00f5es de Silvio Orlando, Sabrina Ferilli, Christian De Sica, Laura Morante e Vinicio Marchioni. <a href=\"https:\/\/cinecartaz.publico.pt\/filme\/ferias-agosto-413948\" rel=\"nofollow noopener\" target=\"_blank\"><strong>Cr\u00edticas, salas e hor\u00e1rios<\/strong><\/a><\/p>\n<p>        &#13;<br \/>\n             <a class=\"embedly-card\" data-card-controls=\"0\" href=\"https:\/\/www.youtube.com\/watch?v=oJ0j9ZK2eaM\" rel=\"nofollow noopener\" target=\"_blank\">&#13;<\/p>\n<p>Inspirado na abordagem dram\u00e1tica apresentada no filme <a href=\"https:\/\/cinecartaz.publico.pt\/filme\/dracula--de-bram-stoker-25251\" rel=\"nofollow noopener\" target=\"_blank\">Dr\u00e1cula<\/a> (1992) \u2013 a singular adapta\u00e7\u00e3o de Francis Ford Coppola da mais famosa obra do romancista ingl\u00eas Bram Stoker (1847-1912) \u2013, este novo cap\u00edtulo revisita o mito do vampiro como figura rom\u00e2ntica e dilacerada.<\/p>\n<p>Nesta vers\u00e3o de Luc Besson, reencontramos o pr\u00edncipe Vladimir que, ap\u00f3s a tr\u00e1gica morte de Elisabeta no s\u00e9culo XV, o grande amor da sua exist\u00eancia, renuncia a Deus e \u00e9 transformado no Conde Dr\u00e1cula, uma criatura imortal, sanguin\u00e1ria e desprovida de compaix\u00e3o. Ao chegar a Inglaterra, j\u00e1 no s\u00e9culo XIX, ele reconhece a sua amada encarnada numa jovem londrina. Esse encontro reacende nele o amor e a esperan\u00e7a, tornando-o capaz de tudo para a tornar sua.<\/p>\n<p>O actor Caleb Landry Jones, que tamb\u00e9m protagoniza o filme Colheita, que tamb\u00e9m se estreia esta semana, interpreta a personagem Dr\u00e1cula. Zo\u00eb Bleu, Matilda De Angelis e Christoph Walt d\u00e3o corpo \u00e0s personagens secund\u00e1rias. <a href=\"https:\/\/cinecartaz.publico.pt\/filme\/dracula-historia-amor-413957\" rel=\"nofollow noopener\" target=\"_blank\"><strong>Cr\u00edticas, salas e hor\u00e1rios<\/strong><\/a><strong>\u200b<\/strong><\/p>\n<p>        &#13;<br \/>\n             <a class=\"embedly-card\" data-card-controls=\"0\" href=\"https:\/\/www.youtube.com\/watch?v=pldpKAGtlgo\" rel=\"nofollow noopener\" target=\"_blank\">&#13;<\/p>\n<p>Num lugar onde a beleza f\u00edsica dita o destino das mulheres, Elvira, uma rapariga insegura com a apar\u00eancia, sonha conquistar o cora\u00e7\u00e3o do pr\u00edncipe Julian. Mas para ser a sua preferida no grande baile, ela ter\u00e1 de competir com a beleza de Agnes, a sua meia-irm\u00e3. Entre manipula\u00e7\u00f5es, rituais grotescos e uma competi\u00e7\u00e3o feroz pela perfei\u00e7\u00e3o f\u00edsica que implica opera\u00e7\u00f5es pl\u00e1sticas terr\u00edveis, Elvira embarca numa jornada marcada pela obsess\u00e3o e pela dor, mas tamb\u00e9m pela possibilidade de reden\u00e7\u00e3o.<\/p>\n<p>Misturando body horror, com\u00e9dia negra e s\u00e1tira social, este filme de \u00e9poca reinterpreta o conto da Cinderela, numa cr\u00edtica assumida aos ideais de beleza impostos \u00e0s mulheres ao longo dos s\u00e9culos.<\/p>\n<p>Co-produzido pela Noruega, Pol\u00f3nia, Su\u00e9cia e Dinamarca, o filme estreou-se no Festival de Sundance e foi apresentado no <a href=\"https:\/\/www.publico.pt\/festival-de-berlim\" rel=\"nofollow noopener\" target=\"_blank\">Festival de Berlim<\/a>. Realizado e escrito por Emilie Blichfeldt, que aqui se estreia em longa-metragem, tem interpreta\u00e7\u00f5es de Lea Myren, Thea Sofie Loch N\u00e6ss, Ane Dahl Torp e Flo Fagerli, entre outros. <a href=\"https:\/\/cinecartaz.publico.pt\/filme\/the-ugly-stepsister-413853\" rel=\"nofollow noopener\" target=\"_blank\"><strong>Cr\u00edticas<\/strong><strong>, salas e hor\u00e1rios<\/strong><\/a><\/p>\n<p>        &#13;<br \/>\n             <a class=\"embedly-card\" data-card-controls=\"0\" href=\"https:\/\/www.youtube.com\/watch?v=tRm66pyCdNY\" rel=\"nofollow noopener\" target=\"_blank\">&#13;<\/p>\n<p>Sam (Rebel Wilson), uma agente secreta altamente treinada, tira um dia de folga para comparecer no casamento de Betsy, a sua melhor amiga. Com a honra de ser uma das damas de honor, sente-se especialmente respons\u00e1vel por garantir que tudo corra como planeado e que os noivos tenham um dia perfeito. Mas quando um grupo de bandidos invade a cerim\u00f3nia e faz os convidados de ref\u00e9ns, Sam v\u00ea-se obrigada a resolver o problema. De prefer\u00eancia, sem que ningu\u00e9m descubra a sua verdadeira identidade.<\/p>\n<p>Realizado por Simon West (<a href=\"https:\/\/cinecartaz.publico.pt\/filme\/a-filha-do-general-18922\" rel=\"nofollow noopener\" target=\"_blank\">A Filha do General<\/a>, <a href=\"http:\/\/Con Air - Fortaleza Voadora\" rel=\"nofollow\">Con Air: Fortaleza Voadora<\/a>, <a href=\"https:\/\/cinecartaz.publico.pt\/filme\/lara-croft-tomb-raider-25185\" rel=\"nofollow noopener\" target=\"_blank\">Lara Croft: Tomb Raider<\/a>, <a href=\"https:\/\/cinecartaz.publico.pt\/filme\/joker-342917\" rel=\"nofollow noopener\" target=\"_blank\">Wild Card &#8211; Jogo Duro<\/a>, <a href=\"https:\/\/cinecartaz.publico.pt\/filme\/old-guy-413438\" rel=\"nofollow noopener\" target=\"_blank\">Mestre do Crime<\/a>) segundo um argumento de Shaina Steinberg e Cece Pleasants, esta com\u00e9dia de ac\u00e7\u00e3o conta ainda com Anna Camp, Anna Chlumsky, Stephen Dorff e Justin Hartley. <a href=\"https:\/\/cinecartaz.publico.pt\/filme\/bride-hard-414066\" rel=\"nofollow noopener\" target=\"_blank\"><strong>Cr\u00edticas, salas e hor\u00e1rios<\/strong><\/a><\/p>\n<p>        &#13;<br \/>\n             <a class=\"embedly-card\" data-card-controls=\"0\" href=\"https:\/\/www.youtube.com\/watch?v=yInnpr-_Oiw\" rel=\"nofollow noopener\" target=\"_blank\">&#13;<\/p>\n<p>Max, de 17 anos, \u00e9 aficcionada por velocidade. Revelando um enorme talento nas pistas de karting, desde o primeiro dia que sonha com a F\u00f3rmula 1. Mas, para sobressair num meio altamente competitivo e dominado por homens, v\u00ea-se obrigada a mostrar o dobro da coragem e da compet\u00eancia. Rejeitada por todas as equipas, encontra apoio num mentor improv\u00e1vel: um ex-piloto extravagante e desiludido, que reconhece nela aquilo que ele pr\u00f3prio foi no passado.<\/p>\n<p>Realizado por Morgan S. Dalibert este filme de ac\u00e7\u00e3o conta com Paola Locatelli no papel de Max, e com as interpreta\u00e7\u00f5es de Alban Lenoir, Tch\u00e9ky Karyo e Anne Marivin. <strong><a href=\"https:\/\/cinecartaz.publico.pt\/filme\/faster-maxima-velocidade-413959\" rel=\"nofollow noopener\" target=\"_blank\">Salas e hor\u00e1rios<\/a><\/strong><\/p>\n<p>        &#13;<br \/>\n             <a class=\"embedly-card\" data-card-controls=\"0\" href=\"https:\/\/www.youtube.com\/watch?v=JhDSsvBU6Z0\" rel=\"nofollow noopener\" target=\"_blank\">&#13;<\/p>\n","protected":false},"excerpt":{"rendered":"Durante os primeiros meses da pandemia de covid-19, na pequena cidade de Eddington, no Novo M\u00e9xico (EUA), desencadeia-se&hellip;\n","protected":false},"author":2,"featured_media":38510,"comment_status":"","ping_status":"","sticky":false,"template":"","format":"standard","meta":{"footnotes":""},"categories":[140],"tags":[470,1413,114,115,147,148,1757,146,542,32,33,291],"class_list":{"0":"post-38509","1":"post","2":"type-post","3":"status-publish","4":"format-standard","5":"has-post-thumbnail","7":"category-filmes","8":"tag-cinema","9":"tag-cultura-ipsilon","10":"tag-entertainment","11":"tag-entretenimento","12":"tag-film","13":"tag-filmes","14":"tag-ipsilon","15":"tag-movies","16":"tag-para-redes","17":"tag-portugal","18":"tag-pt","19":"tag-relaxar"},"share_on_mastodon":{"url":"","error":""},"_links":{"self":[{"href":"https:\/\/www.europesays.com\/pt\/wp-json\/wp\/v2\/posts\/38509","targetHints":{"allow":["GET"]}}],"collection":[{"href":"https:\/\/www.europesays.com\/pt\/wp-json\/wp\/v2\/posts"}],"about":[{"href":"https:\/\/www.europesays.com\/pt\/wp-json\/wp\/v2\/types\/post"}],"author":[{"embeddable":true,"href":"https:\/\/www.europesays.com\/pt\/wp-json\/wp\/v2\/users\/2"}],"replies":[{"embeddable":true,"href":"https:\/\/www.europesays.com\/pt\/wp-json\/wp\/v2\/comments?post=38509"}],"version-history":[{"count":0,"href":"https:\/\/www.europesays.com\/pt\/wp-json\/wp\/v2\/posts\/38509\/revisions"}],"wp:featuredmedia":[{"embeddable":true,"href":"https:\/\/www.europesays.com\/pt\/wp-json\/wp\/v2\/media\/38510"}],"wp:attachment":[{"href":"https:\/\/www.europesays.com\/pt\/wp-json\/wp\/v2\/media?parent=38509"}],"wp:term":[{"taxonomy":"category","embeddable":true,"href":"https:\/\/www.europesays.com\/pt\/wp-json\/wp\/v2\/categories?post=38509"},{"taxonomy":"post_tag","embeddable":true,"href":"https:\/\/www.europesays.com\/pt\/wp-json\/wp\/v2\/tags?post=38509"}],"curies":[{"name":"wp","href":"https:\/\/api.w.org\/{rel}","templated":true}]}}