{"id":385237,"date":"2026-05-17T19:48:09","date_gmt":"2026-05-17T19:48:09","guid":{"rendered":"https:\/\/www.europesays.com\/pt\/385237\/"},"modified":"2026-05-17T19:48:09","modified_gmt":"2026-05-17T19:48:09","slug":"calma-antes-da-tempestade-trump-e-netanyahu-discutiram-possivel-retomar-dos-ataques-contra-irao","status":"publish","type":"post","link":"https:\/\/www.europesays.com\/pt\/385237\/","title":{"rendered":"&#8220;Calma antes da tempestade&#8221;. Trump e Netanyahu discutiram poss\u00edvel retomar dos ataques contra Ir\u00e3o"},"content":{"rendered":"<p>&#13;<br \/>\n<b>O primeiro-ministro israelita, Benjamin Netanyahu, falou este domingo com o presidente norte-americano, numa chamada telef\u00f3nica que durou pouco mais de meia hora.<br \/>&#13;<br \/>\n<\/b>&#13;\n<\/p>\n<p>&#13;<br \/>\n<b>De acordo com a emissora israelita Kan, os dois l\u00edderes discutiram a possibilidade de um retomar dos confrontos com o Ir\u00e3o e Trump tamb\u00e9m informou Netanyahu sobre a sua recente visita \u00e0 China.<\/b>&#13;\n<\/p>\n<p>\nNetanyahu vai tamb\u00e9m reunir este domingo com o seu gabinete de seguran\u00e7a, numa altura em que surgem relatos de que os EUA e Israel est\u00e3o a preparar-se para lan\u00e7ar novos ataques contra o Ir\u00e3o.<\/p>\n<p>&#13;<br \/>\n<b>\u201cEstamos atentos \u00e0 situa\u00e7\u00e3o do Ir\u00e3o\u201d, disse Netanyahu durante a reuni\u00e3o semanal do gabinete este domingo. \u201cSem d\u00favida de que h\u00e1 muitas possibilidades e estamos preparados para todos os cen\u00e1rios\u201d, acrescentou.<\/b>&#13;\n<\/p>\n<p>&#13;<br \/>\nEste domingo, Donald Trump amea\u00e7ou com consequ\u00eancia para o Ir\u00e3o se o pa\u00eds n\u00e3o aceitar um acordo.<b>\u00a0&#8220;Para o Ir\u00e3o, o tempo est\u00e1 a esgotar-se, e \u00e9 melhor mexerem-se, R\u00c1PIDO, ou n\u00e3o restar\u00e1 nada deles. O TEMPO \u00c9 ESSENCIAL!&#8221;, escreveu o presidente numa publica\u00e7\u00e3o na Truth Social.<\/b>&#13;\n<\/p>\n<p>&#13;<br \/>\nNo s\u00e1bado, Donald Trump partilhou na sua rede social Truth Social uma imagem gerada por Intelig\u00eancia Artificial com a legenda \u201cEra a calma antes da tempestade\u201d. Na imagem, Trump surge a bordo de um navio de guerra ao lado de um oficial da marinha, com embarca\u00e7\u00f5es iranianas atr\u00e1s.&#13;\n<\/p>\n<p>\n<b>A imagem alimentou suspeitas de que os EUA e Israel estar\u00e3o a preparar novos ataques contra o Ir\u00e3o.<\/b><\/p>\n<p>Os combates entre os EUA, Israel e Ir\u00e3o foram parcialmente interrompidos desde que um cessar-fogo entrou em vigor a 8 de abril. No entanto, esse fr\u00e1gil cessar-fogo est\u00e1 novamente sob press\u00e3o, com as negocia\u00e7\u00f5es entre Teer\u00e3o e Washington, com o objetivo de chegar a um acordo sobre o programa nuclear iraniano e outras quest\u00f5es, est\u00e3o paralisadas.<\/p>\n<p>O porta-voz das for\u00e7as armadas iranianas, Abolfazl Shekarchi, alertou Trump este domingo contra a retomada de ataques contra o seu pa\u00eds.<\/p>\n<p><b>\u201cO presidente americano, em desespero, deve saber que, se suas amea\u00e7as forem cumpridas e o Ir\u00e3o isl\u00e2mico for atacado novamente, os recursos e as for\u00e7as armadas do seu pa\u00eds enfrentar\u00e3o cen\u00e1rios sem precedentes, ofensivos, surpreendentes e tumultuosos\u201d, disse Shekarchi, segundo a televis\u00e3o estatal.<\/b><\/p>\n<p>Por sua vez, o vice-presidente do Parlamento, Hamidreza Haji-Babai, afirmou que, se as instala\u00e7\u00f5es petrol\u00edferas iranianas forem visadas, o Ir\u00e3o atacar\u00e1 os campos petrol\u00edferos da regi\u00e3o.<br \/>&#13;<br \/>\n<b><br \/>&#13;<br \/>\n&#8220;Se o petr\u00f3leo iraniano for prejudicado, o Ir\u00e3o tomar\u00e1 medidas que impedir\u00e3o os Estados Unidos e o mundo de obter petr\u00f3leo da regi\u00e3o durante um longo per\u00edodo&#8221;, declarou.<\/b><br \/>&#13;<br \/>\n&#8220;Escalada perigosa&#8221;<br \/>&#13;<br \/>\n<b>Este domingo, os Emirados \u00c1rabes Unidos denunciaram um ataque com drone perto da central nuclear de Barakah, no oeste do pa\u00eds, tendo provocado um inc\u00eandio.<\/b><\/p>\n<p>Os sistemas de defesa a\u00e9rea detetaram &#8220;tr\u00eas drones que entraram pela fronteira oeste&#8221;, dois dos quais foram intercetados com sucesso, enquanto o terceiro &#8220;atingiu um gerador de energia&#8221; perto do local, de acordo com o Minist\u00e9rio da Defesa dos Emirados \u00c1rabes Unidos.<\/p>\n<p>O minist\u00e9rio afirmou estar a investigar para &#8220;determinar a origem dos ataques&#8221;. Abu Dhabi n\u00e3o apontou o dedo ao Ir\u00e3o, apesar de o ter acusado repetidamente de realizar ataques contra o seu territ\u00f3rio desde o cessar-fogo de 8 de abril, que p\u00f4s fim \u00e0s hostilidades entre a Rep\u00fablica Isl\u00e2mica do Ir\u00e3o e Israel e os Estados Unidos.<\/p>\n<p>No entanto, os Emirados alertam para uma \u201cescalada perigosa\u201d. <b>&#8220;O ataque &#8220;constitui uma escalada perigosa, um ato de agress\u00e3o inaceit\u00e1vel e uma amea\u00e7a direta \u00e0 seguran\u00e7a do pa\u00eds&#8221;,<\/b> afirmou o Minist\u00e9rio dos Neg\u00f3cios Estrangeiros em comunicado, acrescentando que &#8220;nenhuma amea\u00e7a \u00e0 seguran\u00e7a e \u00e0 soberania ser\u00e1 tolerada, independentemente das circunst\u00e2ncias&#8221;.<\/p>\n<p>Situada a mais de 200 quil\u00f3metros a oeste de Abu Dhabi, perto das fronteiras com a Ar\u00e1bia Saudita e o Catar, a central nuclear de Barakah est\u00e1 mais pr\u00f3xima de Doha do que dos principais centros urbanos dos Emirados \u00c1rabes Unidos.<\/p>\n<p><b>&#8220;N\u00e3o houve relatos de feridos e n\u00e3o foi observado qualquer impacto nos n\u00edveis de seguran\u00e7a radiol\u00f3gica&#8221;, afirmou o gabinete de imprensa do governo local de Abu Dhabi.<\/b><\/p>\n<p>&#8220;A Autoridade Federal de Regula\u00e7\u00e3o Nuclear (FANR) confirmou que o inc\u00eandio n\u00e3o afetou a seguran\u00e7a da central nem a disponibilidade dos seus sistemas cr\u00edticos e que todas as unidades est\u00e3o a funcionar normalmente&#8221;, acrescentou a mesma fonte.<br \/>&#13;<br \/>\nImpasse nas negocia\u00e7\u00f5es<br \/>&#13;<br \/>\nAs negocia\u00e7\u00f5es de paz continuam bloqueadas. <b>Segundo o Ir\u00e3o, os Estados Unidos n\u00e3o fizeram &#8220;nenhuma concess\u00e3o concreta&#8221; em resposta \u00e0s propostas iranianas, particularmente sobre a quest\u00e3o nuclear, o principal ponto de disc\u00f3rdia entre os dois pa\u00edses.\u00a0<\/b>Washington apresentou uma lista de cinco pontos exigindo, entre outras coisas, que o Ir\u00e3o mantenha apenas uma instala\u00e7\u00e3o nuclear ativa e transfira o seu stock de ur\u00e2nio altamente enriquecido para os Estados Unidos, informou a ag\u00eancia de not\u00edcias Fars.<\/p>\n<p>De acordo com a mesma fonte, os Estados Unidos recusaram tamb\u00e9m libertar &#8220;nem 25%&#8221; dos bens iranianos congelados no estrangeiro ou pagar indemniza\u00e7\u00f5es pelos danos sofridos pelo Ir\u00e3o durante a guerra.<\/p>\n<p><b>Por seu lado, a ag\u00eancia noticiosa Mehr afirmou que os Estados Unidos n\u00e3o deram ao Ir\u00e3o &#8220;nenhuma concess\u00e3o tang\u00edvel&#8221;, denunciando as &#8220;condi\u00e7\u00f5es excessivas&#8221; impostas por Washington.<\/b><\/p>\n<p>&#8220;Washington tamb\u00e9m exigiu restri\u00e7\u00f5es muito rigorosas e de longo prazo ao programa nuclear iraniano e condicionou a cessa\u00e7\u00e3o das hostilidades em todas as frentes \u00e0 abertura de negocia\u00e7\u00f5es&#8221;, acrescentou a Mehr. <\/p>\n<p><b>O Ir\u00e3o tamb\u00e9m anunciou que vai revelar, em breve, um plano para a gest\u00e3o do tr\u00e1fego mar\u00edtimo no Estreito de Ormuz.<\/b> Est\u00e1 prevista a implementa\u00e7\u00e3o de portagens numa das principais rotas energ\u00e9ticas do mundo.<\/p>\n<p>Por sua vez, o presidente dos Estados Unidos avisou que o Ir\u00e3o enfrentar\u00e1 &#8220;maus bocados&#8221; caso n\u00e3o seja alcan\u00e7ado rapidamente um acordo de paz.<\/p>\n<p>c\/ag\u00eancias&#13;\n            <\/p>\n","protected":false},"excerpt":{"rendered":"&#13; O primeiro-ministro israelita, Benjamin Netanyahu, falou este domingo com o presidente norte-americano, numa chamada telef\u00f3nica que durou&hellip;\n","protected":false},"author":2,"featured_media":385238,"comment_status":"","ping_status":"","sticky":false,"template":"","format":"standard","meta":{"footnotes":"","_share_on_mastodon":"0"},"categories":[50],"tags":[27,28,413,15,16,14,5453,259,25,26,21,22,62,7626,12,13,19,20,23,24,17,18,2183,29,30,31,63,64,65],"class_list":["post-385237","post","type-post","status-publish","format-standard","has-post-thumbnail","category-mundo","tag-breaking-news","tag-breakingnews","tag-eua","tag-featured-news","tag-featurednews","tag-headlines","tag-irao","tag-israel","tag-latest-news","tag-latestnews","tag-main-news","tag-mainnews","tag-mundo","tag-netanyahu","tag-news","tag-noticias","tag-noticias-principais","tag-noticiasprincipais","tag-principais-noticias","tag-principaisnoticias","tag-top-stories","tag-topstories","tag-trump","tag-ultimas","tag-ultimas-noticias","tag-ultimasnoticias","tag-world","tag-world-news","tag-worldnews"],"share_on_mastodon":{"url":"https:\/\/pubeurope.com\/@pt\/116591650955667144","error":""},"_links":{"self":[{"href":"https:\/\/www.europesays.com\/pt\/wp-json\/wp\/v2\/posts\/385237","targetHints":{"allow":["GET"]}}],"collection":[{"href":"https:\/\/www.europesays.com\/pt\/wp-json\/wp\/v2\/posts"}],"about":[{"href":"https:\/\/www.europesays.com\/pt\/wp-json\/wp\/v2\/types\/post"}],"author":[{"embeddable":true,"href":"https:\/\/www.europesays.com\/pt\/wp-json\/wp\/v2\/users\/2"}],"replies":[{"embeddable":true,"href":"https:\/\/www.europesays.com\/pt\/wp-json\/wp\/v2\/comments?post=385237"}],"version-history":[{"count":0,"href":"https:\/\/www.europesays.com\/pt\/wp-json\/wp\/v2\/posts\/385237\/revisions"}],"wp:featuredmedia":[{"embeddable":true,"href":"https:\/\/www.europesays.com\/pt\/wp-json\/wp\/v2\/media\/385238"}],"wp:attachment":[{"href":"https:\/\/www.europesays.com\/pt\/wp-json\/wp\/v2\/media?parent=385237"}],"wp:term":[{"taxonomy":"category","embeddable":true,"href":"https:\/\/www.europesays.com\/pt\/wp-json\/wp\/v2\/categories?post=385237"},{"taxonomy":"post_tag","embeddable":true,"href":"https:\/\/www.europesays.com\/pt\/wp-json\/wp\/v2\/tags?post=385237"}],"curies":[{"name":"wp","href":"https:\/\/api.w.org\/{rel}","templated":true}]}}