{"id":38582,"date":"2025-08-21T11:21:13","date_gmt":"2025-08-21T11:21:13","guid":{"rendered":"https:\/\/www.europesays.com\/pt\/38582\/"},"modified":"2025-08-21T11:21:13","modified_gmt":"2025-08-21T11:21:13","slug":"ministerio-altera-periodo-de-ferias-de-natal-nas-escolas-publicas","status":"publish","type":"post","link":"https:\/\/www.europesays.com\/pt\/38582\/","title":{"rendered":"Minist\u00e9rio altera per\u00edodo de f\u00e9rias de Natal nas escolas p\u00fablicas"},"content":{"rendered":"<p class=\"category\"><a href=\"https:\/\/sicnoticias.pt\/pais\" rel=\"nofollow noopener\" target=\"_blank\">Pa\u00eds<\/a><\/p>\n<p class=\"g-article-lead lead\" data-field=\"lead\">Os alunos ter\u00e3o os mesmos dias de aulas, uma vez que o regresso \u00e0s aulas, em janeiro, ser\u00e1 numa sexta-feira em vez de ser na segunda-feira seguinte, a 5 de janeiro, como estava anteriormente definido.<\/p>\n<p><img decoding=\"async\" src=\"https:\/\/www.europesays.com\/pt\/wp-content\/uploads\/2025\/08\/1755775273_304_original.webp\" alt=\"Minist\u00e9rio altera per\u00edodo de f\u00e9rias de Natal nas escolas p\u00fablicas\"\/><\/p>\n<p>Tim Macpherson<\/p>\n<p><strong>O <\/strong><a href=\"https:\/\/www.portugal.gov.pt\/pt\/gc24\/area-de-governo\/educacao-ciencia-e-inovacao\" target=\"_blank\" rel=\"noopener noreferrer nofollow\"><strong>Minist\u00e9rio da Educa\u00e7\u00e3o<\/strong><\/a><strong> alterou o per\u00edodo das f\u00e9rias de Natal dos alunos das escolas p\u00fablicas do ensino pr\u00e9-escolar ao secund\u00e1rio, atrasando um dia o in\u00edcio das f\u00e9rias, segundo um despacho hoje publicado em Di\u00e1rio da Rep\u00fablica.<\/strong><\/p>\n<p>O calend\u00e1rio escolar do ano letivo que come\u00e7a em setembro sofreu uma ligeira altera\u00e7\u00e3o: A interrup\u00e7\u00e3o do Natal come\u00e7a um dia mais tarde, a 17 de dezembro, e as aulas ser\u00e3o retomadas tr\u00eas dias antes, a 2 de janeiro de 2026, segundo o diploma que abrange tamb\u00e9m os estabelecimentos particulares de ensino especial.<\/p>\n<p>Na pr\u00e1tica, os alunos ter\u00e3o os mesmos dias de aulas, uma vez que o regresso \u00e0s aulas, em janeiro, ser\u00e1 numa sexta-feira em vez de ser na segunda-feira seguinte, a 5 de janeiro, como estava anteriormente definido.<\/p>\n<p>(Em atualiza\u00e7\u00e3o)<\/p>\n","protected":false},"excerpt":{"rendered":"Pa\u00eds Os alunos ter\u00e3o os mesmos dias de aulas, uma vez que o regresso \u00e0s aulas, em janeiro,&hellip;\n","protected":false},"author":2,"featured_media":38583,"comment_status":"","ping_status":"","sticky":false,"template":"","format":"standard","meta":{"footnotes":""},"categories":[8],"tags":[27,28,15,16,14,25,26,21,22,12,13,19,20,32,23,24,33,17,18,29,30,31],"class_list":{"0":"post-38582","1":"post","2":"type-post","3":"status-publish","4":"format-standard","5":"has-post-thumbnail","7":"category-principais-noticias","8":"tag-breaking-news","9":"tag-breakingnews","10":"tag-featured-news","11":"tag-featurednews","12":"tag-headlines","13":"tag-latest-news","14":"tag-latestnews","15":"tag-main-news","16":"tag-mainnews","17":"tag-news","18":"tag-noticias","19":"tag-noticias-principais","20":"tag-noticiasprincipais","21":"tag-portugal","22":"tag-principais-noticias","23":"tag-principaisnoticias","24":"tag-pt","25":"tag-top-stories","26":"tag-topstories","27":"tag-ultimas","28":"tag-ultimas-noticias","29":"tag-ultimasnoticias"},"share_on_mastodon":{"url":"","error":""},"_links":{"self":[{"href":"https:\/\/www.europesays.com\/pt\/wp-json\/wp\/v2\/posts\/38582","targetHints":{"allow":["GET"]}}],"collection":[{"href":"https:\/\/www.europesays.com\/pt\/wp-json\/wp\/v2\/posts"}],"about":[{"href":"https:\/\/www.europesays.com\/pt\/wp-json\/wp\/v2\/types\/post"}],"author":[{"embeddable":true,"href":"https:\/\/www.europesays.com\/pt\/wp-json\/wp\/v2\/users\/2"}],"replies":[{"embeddable":true,"href":"https:\/\/www.europesays.com\/pt\/wp-json\/wp\/v2\/comments?post=38582"}],"version-history":[{"count":0,"href":"https:\/\/www.europesays.com\/pt\/wp-json\/wp\/v2\/posts\/38582\/revisions"}],"wp:featuredmedia":[{"embeddable":true,"href":"https:\/\/www.europesays.com\/pt\/wp-json\/wp\/v2\/media\/38583"}],"wp:attachment":[{"href":"https:\/\/www.europesays.com\/pt\/wp-json\/wp\/v2\/media?parent=38582"}],"wp:term":[{"taxonomy":"category","embeddable":true,"href":"https:\/\/www.europesays.com\/pt\/wp-json\/wp\/v2\/categories?post=38582"},{"taxonomy":"post_tag","embeddable":true,"href":"https:\/\/www.europesays.com\/pt\/wp-json\/wp\/v2\/tags?post=38582"}],"curies":[{"name":"wp","href":"https:\/\/api.w.org\/{rel}","templated":true}]}}