{"id":386163,"date":"2026-05-18T14:22:15","date_gmt":"2026-05-18T14:22:15","guid":{"rendered":"https:\/\/www.europesays.com\/pt\/386163\/"},"modified":"2026-05-18T14:22:15","modified_gmt":"2026-05-18T14:22:15","slug":"ana-barbara-pedrosa-a-autodeterminacao-de-genero-engaveta-as-pessoas-podcast-o-que-fazer-quando-tudo-arde","status":"publish","type":"post","link":"https:\/\/www.europesays.com\/pt\/386163\/","title":{"rendered":"Ana B\u00e1rbara Pedrosa: \u201cA autodetermina\u00e7\u00e3o de g\u00e9nero engaveta as pessoas\u201d | Podcast O que fazer quando tudo arde"},"content":{"rendered":"<p>A escritora Ana B\u00e1rbara Pedrosa \u00e9 a convidada do novo epis\u00f3dio do podcast O que fazer quando tudo arde.<\/p>\n<p>Quis inscrever-se no Bloco de Esquerda aos 13 anos, mas, como o BE n\u00e3o tinha organiza\u00e7\u00e3o juvenil e n\u00e3o aceitavam menores de idade, teve de esperar pelos 18 anos. Neste epis\u00f3dio, fal\u00e1mos da cat\u00e1strofe eleitoral e da \u201ccrise de identidade da esquerda\u201d. E tamb\u00e9m sobre a identidade de g\u00e9nero.<\/p>\n<p>Ana B\u00e1rbara Pedrosa acha que n\u00e3o tem sentido continuar a falar-se de \u201cg\u00e9nero\u201d: \u201cO g\u00e9nero \u00e9 simplesmente um conjunto de expectativas sociais em torno de um indiv\u00edduo a partir do momento em que nasce, n\u00e3o \u00e9 outra coisa. N\u00e3o tem sentido n\u00f3s encaixotarmos as pessoas desta forma\u201d, afirma Ana B\u00e1rbara, para quem esta tamb\u00e9m acaba por ser \u201cuma vis\u00e3o conservadora e sexista\u201d. \u201cSempre que falamos de quest\u00f5es trans, estamos a falar de g\u00e9nero e de autodetermina\u00e7\u00e3o, eu acho que dev\u00edamos estar a falar simplesmente de acesso ao Servi\u00e7o Nacional de Sa\u00fade\u201d, diz.<\/p>\n<p>                &#13;<br \/>\n                    &#13;<br \/>\n                    &#13;<br \/>\n                        A escritora Ana B\u00e1rbara Pedrosa&#13;<br \/>\nNuno Ferreira Santos                    &#13;<\/p>\n<p><strong>Ou\u00e7a os epis\u00f3dios anteriores do podcast:<\/strong><\/p>\n<p><a href=\"https:\/\/www.publico.pt\/2026\/05\/11\/politica\/noticia\/miguel-poiares-maduro-autoritarismo-claramente-acontecer-portugal-2174158\" target=\"_self\" rel=\"nofollow noopener\">Miguel Poiares Maduro<\/a>: o autoritarismo \u201cpode, claramente, acontecer em Portugal\u201d<\/p>\n<p><a href=\"https:\/\/www.publico.pt\/2026\/05\/04\/sociedade\/noticia\/leonor-caldeira-sociedade-patriarcal-capacidade-seduzir-homens-dita-valor-2173435\" target=\"_self\" rel=\"nofollow noopener\">Leonor Caldeira<\/a>: \u201cNuma sociedade patriarcal, a capacidade de seduzir os homens \u00e9 o que dita o nosso valor\u201d<\/p>\n<p><a href=\"https:\/\/www.publico.pt\/2026\/04\/20\/sociedade\/noticia\/ricardo-araujo-pereira-avo-estabeleceu-parametros-fazem-autoestima-bastante-baixa-2171875\" target=\"_self\" rel=\"nofollow noopener\">Ricardo Ara\u00fajo Pereira<\/a>: \u201cA minha av\u00f3 estabeleceu par\u00e2metros que fazem com que eu tenha uma auto-estima bastante baixa\u201d<\/p>\n<p><a href=\"https:\/\/www.publico.pt\/2026\/04\/27\/politica\/noticia\/jorge-moreira-silva-vamos-julgados-fizemos-nao-fizemos-gaza-2172617\" target=\"_self\" rel=\"nofollow noopener\">Jorge Moreira da Silva<\/a>: \u201cVamos ser todos julgados sobre o que fizemos ou n\u00e3o fizemos em Gaza\u201d<\/p>\n<p>O que fazer quando tudo arde est\u00e1 dispon\u00edvel na <a href=\"https:\/\/podcasts.apple.com\/pt\/podcast\/o-que-fazer-quando-tudo-arde\/id1894264946\" rel=\"nofollow noopener\" target=\"_blank\">Apple Podcasts<\/a>, <a href=\"https:\/\/open.spotify.com\/show\/3xTFLf4Cti5koVTCMqYHsc\" rel=\"nofollow noopener\" target=\"_blank\">Spotify<\/a>, <a href=\"https:\/\/www.youtube.com\/playlist?list=PLyFaTRL-kszErCQJQWB8gmScHj6L_hEtV\" rel=\"nofollow noopener\" target=\"_blank\">YouTube<\/a> e restantes aplica\u00e7\u00f5es para podcasts.<\/p>\n","protected":false},"excerpt":{"rendered":"A escritora Ana B\u00e1rbara Pedrosa \u00e9 a convidada do novo epis\u00f3dio do podcast O que fazer quando tudo&hellip;\n","protected":false},"author":2,"featured_media":386164,"comment_status":"","ping_status":"","sticky":false,"template":"","format":"standard","meta":{"footnotes":"","_share_on_mastodon":"0"},"categories":[10],"tags":[64421,27,28,1552,15,16,14,41219,25,26,21,22,12,13,19,20,542,60025,11531,52,32,23,24,33,17,18,29,30,31],"class_list":["post-386163","post","type-post","status-publish","format-standard","has-post-thumbnail","category-portugal","tag-ana-barbara-pedrosa","tag-breaking-news","tag-breakingnews","tag-esquerda","tag-featured-news","tag-featurednews","tag-headlines","tag-identidade-de-genero","tag-latest-news","tag-latestnews","tag-main-news","tag-mainnews","tag-news","tag-noticias","tag-noticias-principais","tag-noticiasprincipais","tag-para-redes","tag-podcast-o-que-fazer-quando-tudo-arde","tag-podcasts-publico","tag-politica","tag-portugal","tag-principais-noticias","tag-principaisnoticias","tag-pt","tag-top-stories","tag-topstories","tag-ultimas","tag-ultimas-noticias","tag-ultimasnoticias"],"share_on_mastodon":{"url":"","error":"Validation failed: Text character limit of 500 exceeded"},"_links":{"self":[{"href":"https:\/\/www.europesays.com\/pt\/wp-json\/wp\/v2\/posts\/386163","targetHints":{"allow":["GET"]}}],"collection":[{"href":"https:\/\/www.europesays.com\/pt\/wp-json\/wp\/v2\/posts"}],"about":[{"href":"https:\/\/www.europesays.com\/pt\/wp-json\/wp\/v2\/types\/post"}],"author":[{"embeddable":true,"href":"https:\/\/www.europesays.com\/pt\/wp-json\/wp\/v2\/users\/2"}],"replies":[{"embeddable":true,"href":"https:\/\/www.europesays.com\/pt\/wp-json\/wp\/v2\/comments?post=386163"}],"version-history":[{"count":0,"href":"https:\/\/www.europesays.com\/pt\/wp-json\/wp\/v2\/posts\/386163\/revisions"}],"wp:featuredmedia":[{"embeddable":true,"href":"https:\/\/www.europesays.com\/pt\/wp-json\/wp\/v2\/media\/386164"}],"wp:attachment":[{"href":"https:\/\/www.europesays.com\/pt\/wp-json\/wp\/v2\/media?parent=386163"}],"wp:term":[{"taxonomy":"category","embeddable":true,"href":"https:\/\/www.europesays.com\/pt\/wp-json\/wp\/v2\/categories?post=386163"},{"taxonomy":"post_tag","embeddable":true,"href":"https:\/\/www.europesays.com\/pt\/wp-json\/wp\/v2\/tags?post=386163"}],"curies":[{"name":"wp","href":"https:\/\/api.w.org\/{rel}","templated":true}]}}