{"id":386436,"date":"2026-05-18T18:24:18","date_gmt":"2026-05-18T18:24:18","guid":{"rendered":"https:\/\/www.europesays.com\/pt\/386436\/"},"modified":"2026-05-18T18:24:18","modified_gmt":"2026-05-18T18:24:18","slug":"oppo-find-x9-ultra-watch-x3-e-enco-clip2-chegam-hoje-as-lojas-portuguesas","status":"publish","type":"post","link":"https:\/\/www.europesays.com\/pt\/386436\/","title":{"rendered":"OPPO Find X9 Ultra, Watch X3 e Enco Clip2 chegam hoje \u00e0s lojas portuguesas"},"content":{"rendered":"<p>Ap\u00f3s quase tr\u00eas semanas em fase de pr\u00e9-venda, a nova gera\u00e7\u00e3o de equipamentos premium da OPPO chega oficialmente ao mercado portugu\u00eas. O Find X9 Ultra, o Watch X3 e os Enco Clip2 passam a estar dispon\u00edveis para compra em Portugal.<\/p>\n<p><a target=\"_blank\" href=\"https:\/\/pplware.sapo.pt\/wp-content\/uploads\/2026\/05\/Pplware_OPPO_X9_Ultra_028.jpg\" onclick=\"refreshIframe()\" class=\"foobox\" rel=\"nofollow noopener\"><img fetchpriority=\"high\" decoding=\"async\" src=\"https:\/\/www.europesays.com\/pt\/wp-content\/uploads\/2026\/05\/Pplware_OPPO_X9_Ultra_028-720x405.jpg\" alt=\"OPPO Find X9 Ultra\" width=\"720\" height=\"405\" class=\"aligncenter wp-image-1119287 size-medium\"  \/><\/a>\n<\/p>\n<p>OPPO Find X9 Ultra<\/p>\n<p>O novo smartphone topo de gama da OPPO destaca-se pela forte aposta na fotografia m\u00f3vel e cria\u00e7\u00e3o de conte\u00fados.<\/p>\n<p>Conforme <a target=\"_blank\" href=\"https:\/\/pplware.sapo.pt\/analises-2\/analise-oppo-find-x9-ultra-o-smartphone-para-acabar-de-vez-com-as-camaras-profissionais\/\" rel=\"nofollow noopener\">test\u00e1mos<\/a>, o <strong>Find X9 Ultra<\/strong> integra um sistema de imagem profissional desenvolvido em parceria com a Hasselblad.<\/p>\n<p>Al\u00e9m disso, conta com funcionalidades avan\u00e7adas de IA e uma experi\u00eancia pensada para quebrar todos os limites da criatividade, desempenho, autonomia e utiliza\u00e7\u00e3o intensiva no dia a dia.<\/p>\n<p>Est\u00e1 dispon\u00edvel em duas vers\u00f5es elegantes e distintivas: Preto Umbra ou Laranja Canyon.<\/p>\n<ul>\n<li><strong>PVP recomendado:<\/strong> 1699,99 euros<\/li>\n<\/ul>\n<dl class=\"gallery-item\">\n<dt class=\"gallery-icon landscape\">\n\t\t\t\t<a data-attachment-id=\"1119284\" href=\"https:\/\/pplware.sapo.pt\/wp-content\/uploads\/2026\/05\/Pplware_OPPO_X9_Ultra_025.jpg\" rel=\"nofollow noopener\" target=\"_blank\"><img loading=\"lazy\" decoding=\"async\" width=\"720\" height=\"405\" src=\"https:\/\/www.europesays.com\/pt\/wp-content\/uploads\/2026\/05\/Pplware_OPPO_X9_Ultra_025-720x405.jpg\" class=\"attachment-medium size-medium\" alt=\"OPPO Find X9 Ultra\"  \/><\/a>\n\t\t\t<\/dt>\n<\/dl>\n<dl class=\"gallery-item\">\n<dt class=\"gallery-icon landscape\">\n\t\t\t\t<a data-attachment-id=\"1119276\" href=\"https:\/\/pplware.sapo.pt\/wp-content\/uploads\/2026\/05\/Pplware_OPPO_X9_Ultra_017.jpg\" rel=\"nofollow noopener\" target=\"_blank\"><img loading=\"lazy\" decoding=\"async\" width=\"720\" height=\"405\" src=\"https:\/\/www.europesays.com\/pt\/wp-content\/uploads\/2026\/05\/Pplware_OPPO_X9_Ultra_017-720x405.jpg\" class=\"attachment-medium size-medium\" alt=\"OPPO Find X9 Ultra\"  \/><\/a>\n\t\t\t<\/dt>\n<\/dl>\n<p><br style=\"clear: both\"\/><\/p>\n<p>OPPO Watch X3<\/p>\n<p>O novo smartwatch da OPPO, que <a target=\"_blank\" href=\"https:\/\/pplware.sapo.pt\/analises-2\/analise-oppo-watch-x3-smartwatch-em-titanio-que-resolve-o-problema-da-bateria\/\" rel=\"nofollow noopener\">analis\u00e1mos aqui<\/a>, refor\u00e7a a vis\u00e3o da marca para um ecossistema mais inteligente e conectado, combinando design premium em duas op\u00e7\u00f5es de acabamento (Tit\u00e2nio Cinza ou Tit\u00e2nio Preto) com funcionalidades avan\u00e7adas de monitoriza\u00e7\u00e3o de sa\u00fade, bem-estar e atividade f\u00edsica.<\/p>\n<p>Concebido para acompanhar diferentes ritmos e estilos de vida ao longo do dia, o <strong>OPPO Watch X3<\/strong> oferece uma experi\u00eancia intuitiva, confort\u00e1vel e perfeitamente integrada com o smartphone, permitindo acompanhar mais de 100 m\u00e9tricas relevantes de forma simples e pr\u00e1tica.<\/p>\n<ul>\n<li><strong>PVP recomendado:<\/strong> 399,99 euros<\/li>\n<\/ul>\n<dl class=\"gallery-item\">\n<dt class=\"gallery-icon landscape\">\n\t\t\t\t<a data-attachment-id=\"1119634\" href=\"https:\/\/pplware.sapo.pt\/wp-content\/uploads\/2026\/05\/Pplware_OPPO_X3_020.jpg\" rel=\"nofollow noopener\" target=\"_blank\"><img loading=\"lazy\" decoding=\"async\" width=\"720\" height=\"405\" src=\"https:\/\/www.europesays.com\/pt\/wp-content\/uploads\/2026\/05\/Pplware_OPPO_X3_020-720x405.jpg\" class=\"attachment-medium size-medium\" alt=\"\"  \/><\/a>\n\t\t\t<\/dt>\n<\/dl>\n<dl class=\"gallery-item\">\n<dt class=\"gallery-icon landscape\">\n\t\t\t\t<a data-attachment-id=\"1119623\" href=\"https:\/\/pplware.sapo.pt\/wp-content\/uploads\/2026\/05\/Pplware_OPPO_X3_09.jpg\" rel=\"nofollow noopener\" target=\"_blank\"><img loading=\"lazy\" decoding=\"async\" width=\"720\" height=\"405\" src=\"https:\/\/www.europesays.com\/pt\/wp-content\/uploads\/2026\/05\/Pplware_OPPO_X3_09-720x405.jpg\" class=\"attachment-medium size-medium\" alt=\"\"  \/><\/a>\n\t\t\t<\/dt>\n<\/dl>\n<p><br style=\"clear: both\"\/><\/p>\n<p>OPPO Enco Clip2<\/p>\n<p>A completar este ecossistema, os novos <strong>OPPO Enco Clip2<\/strong> chegam com foco em conforto, qualidade de som, design elegante e conectividade inteligente.<\/p>\n<p>Desenvolvidos para utiliza\u00e7\u00e3o di\u00e1ria, os novos auriculares oferecem uma experi\u00eancia de \u00e1udio equilibrada e imersiva, concebida em parceria com a Dynaudio.<\/p>\n<p>Os novos earbuds integram ainda funcionalidades inteligentes pensadas para uma utiliza\u00e7\u00e3o mais fluida entre diferentes dispositivos e momentos do quotidiano, e s\u00e3o confort\u00e1veis para facilitar a utiliza\u00e7\u00e3o prolongada.<\/p>\n<ul>\n<li><strong>PVP recomendado: <\/strong>179,99 euros<\/li>\n<\/ul>\n<dl class=\"gallery-item\">\n<dt class=\"gallery-icon landscape\">\n\t\t\t\t<a data-attachment-id=\"1115022\" href=\"https:\/\/pplware.sapo.pt\/wp-content\/uploads\/2026\/04\/oppo-enco-clip2-pplware1.jpg\" rel=\"nofollow noopener\" target=\"_blank\"><img loading=\"lazy\" decoding=\"async\" width=\"720\" height=\"405\" src=\"https:\/\/www.europesays.com\/pt\/wp-content\/uploads\/2026\/05\/oppo-enco-clip2-pplware1-720x405.jpg\" class=\"attachment-medium size-medium\" alt=\"\"  \/><\/a>\n\t\t\t<\/dt>\n<\/dl>\n<dl class=\"gallery-item\">\n<dt class=\"gallery-icon landscape\">\n\t\t\t\t<a data-attachment-id=\"1115025\" href=\"https:\/\/pplware.sapo.pt\/wp-content\/uploads\/2026\/04\/oppo-enco-clip2-pplware6.jpg\" rel=\"nofollow noopener\" target=\"_blank\"><img loading=\"lazy\" decoding=\"async\" width=\"720\" height=\"405\" src=\"https:\/\/www.europesays.com\/pt\/wp-content\/uploads\/2026\/05\/oppo-enco-clip2-pplware6-720x405.jpg\" class=\"attachment-medium size-medium\" alt=\"\"  \/><\/a>\n\t\t\t<\/dt>\n<\/dl>\n<p><br style=\"clear: both\"\/><\/p>\n<p>Os novos equipamentos de \u00faltima gera\u00e7\u00e3o da OPPO est\u00e3o dispon\u00edveis para compra a partir de hoje, atrav\u00e9s dos canais oficiais habituais de revenda e distribui\u00e7\u00e3o da marca em Portugal.<\/p>\n","protected":false},"excerpt":{"rendered":"Ap\u00f3s quase tr\u00eas semanas em fase de pr\u00e9-venda, a nova gera\u00e7\u00e3o de equipamentos premium da OPPO chega oficialmente&hellip;\n","protected":false},"author":2,"featured_media":386437,"comment_status":"","ping_status":"","sticky":false,"template":"","format":"standard","meta":{"footnotes":"","_share_on_mastodon":"0"},"categories":[84],"tags":[109,107,108,13070,64448,62178,64423,32,33,105,103,104,106,110],"class_list":["post-386436","post","type-post","status-publish","format-standard","has-post-thumbnail","category-ciencia-e-tecnologia","tag-ciencia","tag-ciencia-e-tecnologia","tag-cienciaetecnologia","tag-oppo","tag-oppo-enco-clip2","tag-oppo-find-x9-ultra","tag-oppo-watch-x3","tag-portugal","tag-pt","tag-science","tag-science-and-technology","tag-scienceandtechnology","tag-technology","tag-tecnologia"],"share_on_mastodon":{"url":"https:\/\/pubeurope.com\/@pt\/116596983467504816","error":""},"_links":{"self":[{"href":"https:\/\/www.europesays.com\/pt\/wp-json\/wp\/v2\/posts\/386436","targetHints":{"allow":["GET"]}}],"collection":[{"href":"https:\/\/www.europesays.com\/pt\/wp-json\/wp\/v2\/posts"}],"about":[{"href":"https:\/\/www.europesays.com\/pt\/wp-json\/wp\/v2\/types\/post"}],"author":[{"embeddable":true,"href":"https:\/\/www.europesays.com\/pt\/wp-json\/wp\/v2\/users\/2"}],"replies":[{"embeddable":true,"href":"https:\/\/www.europesays.com\/pt\/wp-json\/wp\/v2\/comments?post=386436"}],"version-history":[{"count":0,"href":"https:\/\/www.europesays.com\/pt\/wp-json\/wp\/v2\/posts\/386436\/revisions"}],"wp:featuredmedia":[{"embeddable":true,"href":"https:\/\/www.europesays.com\/pt\/wp-json\/wp\/v2\/media\/386437"}],"wp:attachment":[{"href":"https:\/\/www.europesays.com\/pt\/wp-json\/wp\/v2\/media?parent=386436"}],"wp:term":[{"taxonomy":"category","embeddable":true,"href":"https:\/\/www.europesays.com\/pt\/wp-json\/wp\/v2\/categories?post=386436"},{"taxonomy":"post_tag","embeddable":true,"href":"https:\/\/www.europesays.com\/pt\/wp-json\/wp\/v2\/tags?post=386436"}],"curies":[{"name":"wp","href":"https:\/\/api.w.org\/{rel}","templated":true}]}}