{"id":386891,"date":"2026-05-19T01:53:41","date_gmt":"2026-05-19T01:53:41","guid":{"rendered":"https:\/\/www.europesays.com\/pt\/386891\/"},"modified":"2026-05-19T01:53:41","modified_gmt":"2026-05-19T01:53:41","slug":"portugal-nova-app-revela-praias-fluviais-escondidas","status":"publish","type":"post","link":"https:\/\/www.europesays.com\/pt\/386891\/","title":{"rendered":"Portugal: nova app revela praias fluviais escondidas"},"content":{"rendered":"<p>\n                    Publicado a                 17\/05\/2026 &#8211; 10:18 GMT+2\u2022\u00daltimas not\u00edcias<br \/>\n                                     10:22\n                                        <\/p>\n<p>Ficou muito mais f\u00e1cil encontrar os recantos de \u00e1gua doce mais secretos de Portugal. <\/p>\n<p>          <img decoding=\"async\" class=\"c-ad__placeholder__logo\" src=\"https:\/\/static.euronews.com\/website\/images\/logos\/logo-euronews-stacked-outlined-72x72-grey-9.svg\" width=\"72\" height=\"72\" alt=\"\" loading=\"lazy\"\/><br \/>\n          PUBLICIDADE<\/p>\n<p>          <img decoding=\"async\" class=\"c-ad__placeholder__logo\" src=\"https:\/\/static.euronews.com\/website\/images\/logos\/logo-euronews-stacked-outlined-72x72-grey-9.svg\" width=\"72\" height=\"72\" alt=\"\" loading=\"lazy\"\/><br \/>\n          PUBLICIDADE<\/p>\n<p>Foi lan\u00e7ada uma nova aplica\u00e7\u00e3o dedicada \u00e0s praias fluviais do pa\u00eds, que ajuda viajantes a descobrir ref\u00fagios no interior, longe da lotada linha de costa do Algarve.<\/p>\n<p>A aplica\u00e7\u00e3o, apropriadamente denominada <a href=\"https:\/\/apps.apple.com\/gb\/app\/river-beaches\/id6762631553\" target=\"_blank\" rel=\"noreferrer nofollow noopener\">River Beaches (fonte em ingl\u00eas)<\/a>, surge numa altura em que continua a aumentar a procura de destinos de banho mais tranquilos, em plena natureza e afastados das praias mais concorridas.<\/p>\n<p>Dispon\u00edvel na Apple App Store e, em breve, tamb\u00e9m na Google Play, o servi\u00e7o mapeia mais de 130 zonas balneares no interior, menos conhecidas, com praias, acompanhadas de fotografias e descri\u00e7\u00f5es. <\/p>\n<p>Como \u00e9 que a aplica\u00e7\u00e3o ajuda quem visita praias fluviais?<\/p>\n<p>A aplica\u00e7\u00e3o, dispon\u00edvel em portugu\u00eas, ingl\u00eas e espanhol, re\u00fane tamb\u00e9m conselhos de quem j\u00e1 visitou estes locais, para melhorar a experi\u00eancia dos utilizadores e indicar como tirar o melhor partido de cada zona.<\/p>\n<p>Os filtros da aplica\u00e7\u00e3o permitem procurar praias de acordo com as prefer\u00eancias de cada um, desde as que t\u00eam restaurantes, estacionamento e casas de banho \u00e0s que disp\u00f5em de nadadores-salvadores ou s\u00e3o adequadas a crian\u00e7as e a c\u00e3es.<\/p>\n<p>O River Beaches acompanha a crescente popularidade das zonas de banho em \u00e1gua doce, cada vez mais procuradas como alternativa \u00e0s praias cheias, sobretudo durante as ondas de calor. <\/p>\n<p>Muitas situam-se em \u00e1reas montanhosas e florestadas do centro de <a href=\"https:\/\/pt.euronews.com\/2026\/04\/21\/portugal-aposta-no-interior-reforca-turismo-regional-com-projetos-de-11-milhoes-de-euros\" rel=\"nofollow noopener\" target=\"_blank\">Portugal<\/a>, nomeadamente ao longo dos rios Mondego, Z\u00eazere e Alva. <\/p>\n<p>Apesar de a aplica\u00e7\u00e3o ser gratuita e n\u00e3o ter publicidade, a equipa respons\u00e1vel afirma que 50% dos lucros ser\u00e3o destinados a projetos de recupera\u00e7\u00e3o de rios e de reten\u00e7\u00e3o de \u00e1gua em todo o pa\u00eds, para que a sua beleza natural se mantenha para as pr\u00f3ximas gera\u00e7\u00f5es. <\/p>\n<p>Portugal j\u00e1 conta com uma forte tradi\u00e7\u00e3o de aplica\u00e7\u00f5es dedicadas \u00e0s praias e \u00e0s condi\u00e7\u00f5es da \u00e1gua. A aplica\u00e7\u00e3o &#8220;Praia em Directo&#8221;, da Vodafone, em funcionamento h\u00e1 v\u00e1rios anos, fornece dados em tempo real sobre dezenas de praias costeiras e fluviais portuguesas, no continente e nas ilhas, incluindo informa\u00e7\u00e3o sobre qualidade da \u00e1gua, temperatura e presen\u00e7a de nadadores-salvadores. <\/p>\n","protected":false},"excerpt":{"rendered":"Publicado a 17\/05\/2026 &#8211; 10:18 GMT+2\u2022\u00daltimas not\u00edcias 10:22 Ficou muito mais f\u00e1cil encontrar os recantos de \u00e1gua doce&hellip;\n","protected":false},"author":2,"featured_media":386892,"comment_status":"","ping_status":"","sticky":false,"template":"","format":"standard","meta":{"footnotes":"","_share_on_mastodon":"0"},"categories":[8],"tags":[27,28,15,16,14,25,26,21,22,2220,12,13,19,20,32,23,24,33,3970,17,18,29,30,31,814],"class_list":["post-386891","post","type-post","status-publish","format-standard","has-post-thumbnail","category-principais-noticias","tag-breaking-news","tag-breakingnews","tag-featured-news","tag-featurednews","tag-headlines","tag-latest-news","tag-latestnews","tag-main-news","tag-mainnews","tag-natacao","tag-news","tag-noticias","tag-noticias-principais","tag-noticiasprincipais","tag-portugal","tag-principais-noticias","tag-principaisnoticias","tag-pt","tag-rio","tag-top-stories","tag-topstories","tag-ultimas","tag-ultimas-noticias","tag-ultimasnoticias","tag-viagem"],"share_on_mastodon":{"url":"https:\/\/pubeurope.com\/@pt\/116598748806171491","error":""},"_links":{"self":[{"href":"https:\/\/www.europesays.com\/pt\/wp-json\/wp\/v2\/posts\/386891","targetHints":{"allow":["GET"]}}],"collection":[{"href":"https:\/\/www.europesays.com\/pt\/wp-json\/wp\/v2\/posts"}],"about":[{"href":"https:\/\/www.europesays.com\/pt\/wp-json\/wp\/v2\/types\/post"}],"author":[{"embeddable":true,"href":"https:\/\/www.europesays.com\/pt\/wp-json\/wp\/v2\/users\/2"}],"replies":[{"embeddable":true,"href":"https:\/\/www.europesays.com\/pt\/wp-json\/wp\/v2\/comments?post=386891"}],"version-history":[{"count":0,"href":"https:\/\/www.europesays.com\/pt\/wp-json\/wp\/v2\/posts\/386891\/revisions"}],"wp:featuredmedia":[{"embeddable":true,"href":"https:\/\/www.europesays.com\/pt\/wp-json\/wp\/v2\/media\/386892"}],"wp:attachment":[{"href":"https:\/\/www.europesays.com\/pt\/wp-json\/wp\/v2\/media?parent=386891"}],"wp:term":[{"taxonomy":"category","embeddable":true,"href":"https:\/\/www.europesays.com\/pt\/wp-json\/wp\/v2\/categories?post=386891"},{"taxonomy":"post_tag","embeddable":true,"href":"https:\/\/www.europesays.com\/pt\/wp-json\/wp\/v2\/tags?post=386891"}],"curies":[{"name":"wp","href":"https:\/\/api.w.org\/{rel}","templated":true}]}}