{"id":387001,"date":"2026-05-19T07:01:25","date_gmt":"2026-05-19T07:01:25","guid":{"rendered":"https:\/\/www.europesays.com\/pt\/387001\/"},"modified":"2026-05-19T07:01:25","modified_gmt":"2026-05-19T07:01:25","slug":"primeiras-cerejas-do-fundao-leiloadas-por-820-euros-fundao","status":"publish","type":"post","link":"https:\/\/www.europesays.com\/pt\/387001\/","title":{"rendered":"Primeiras cerejas do Fund\u00e3o leiloadas por 820 euros | Fund\u00e3o"},"content":{"rendered":"<p>As primeiras cerejas do Fund\u00e3o, acondicionadas numa caixa de um quilo com 27 frutos, foram leiloadas por 820 euros nesta segunda-feira, numa iniciativa solid\u00e1ria que marcou o arranque da campanha anual, disse fonte municipal.<\/p>\n<p>O apuro do leil\u00e3o realizado na Pra\u00e7a do Munic\u00edpio reverteu, este ano, para a delega\u00e7\u00e3o do Fund\u00e3o da Associa\u00e7\u00e3o Portuguesa de Pais e Amigos do Cidad\u00e3o Deficiente Mental (APPACDM).<\/p>\n<p>Durante a sess\u00e3o de apresenta\u00e7\u00e3o da campanha Cereja do Fund\u00e3o 2026, o presidente da C\u00e2mara, Miguel Gavinhos, lembrou que s\u00e3o j\u00e1 mais de 40 produtos com aquele selo que promovem, a n\u00edvel nacional, o fruto produzido na regi\u00e3o da Cova da Beira.<\/p>\n<p>&#8220;A marca Cereja do Fund\u00e3o representa a afirma\u00e7\u00e3o de um destino tur\u00edstico e de um territ\u00f3rio que \u00e9 rural, agr\u00edcola e, sobretudo, tamb\u00e9m de inova\u00e7\u00e3o&#8221;, notou o autarca.<\/p>\n<p>Para o ano em curso, as novidades passam por uma parceria local, com uma artista que ir\u00e1 produzir um sabonete de azeite com cereja do Fund\u00e3o, mas tamb\u00e9m um pastel de nata &#8220;de tr\u00eas camadas&#8221;, onde o recheio daquele fruto ser\u00e1 inclu\u00eddo.<\/p>\n<p>        &#13;<\/p>\n<p>&#13;<br \/>\n                &#13;\n            <\/p>\n<p>&#13;<\/p>\n<p>Outras novidades incluem um acordo com uma marca de molhos e condimentos nacional, cujo novo produto a lan\u00e7ar no mercado e que ainda n\u00e3o pode ser revelado, ter\u00e1 &#8220;travo&#8221; a cereja do Fund\u00e3o, indicou Gavinhos.<\/p>\n<p>Para al\u00e9m de novas embalagens, destinadas a eventos, para consumo imediato de cereja, outra parceria local levar\u00e1 \u00e0 produ\u00e7\u00e3o de um sumo 100%, depois de uma colabora\u00e7\u00e3o id\u00eantica, realizada h\u00e1 uns anos, com o grupo Sumol\/Compal.<\/p>\n<p>A programa\u00e7\u00e3o deste ano inclui ainda uma escultura, intitulada &#8220;Cora\u00e7\u00e3o de Cereja&#8221;, da autoria de Pedro Leit\u00e3o, que ser\u00e1 constru\u00edda com materiais reciclados e instalada numa das entradas da cidade do Fund\u00e3o, na rotunda da Encosta Verde.<\/p>\n<p>J\u00e1 no cap\u00edtulo da anima\u00e7\u00e3o, a programa\u00e7\u00e3o incide, maioritariamente, no m\u00eas de Junho, embora a 21.\u00aa edi\u00e7\u00e3o do Festival da Cereja esteja agendada ainda para Maio, dias 27 e 28.<\/p>\n<p>Em Junho, Lisboa e Cascais receber\u00e3o quiosques no \u00e2mbito do programa Cereja em Movimento, sendo que o munic\u00edpio da &#8220;linha&#8221; dar\u00e1 destaque \u00e0 cereja do Fund\u00e3o, no mercado local, de 20 a 27 de Junho.<\/p>\n<p>No concelho do Fund\u00e3o, a Festa da Cereja de Alcongosta ocorre, este ano, de 12 a 14 de Junho &#8211; mantendo-se, naquela freguesia, o apadrinhamento de cerejeiras, entre outras iniciativas ao n\u00edvel municipal.<\/p>\n<p>J\u00e1 o que nasceu como projeto-piloto em 2024, um mecanismo de rastreabilidade da Cereja do Fund\u00e3o desde a \u00e1rvore at\u00e9 ao consumidor, est\u00e1 agora em pleno funcionamento, suportado pela tecnologia &#8220;blockchain&#8221; de encripta\u00e7\u00e3o total.<\/p>\n<p>        &#13;<\/p>\n<p>&#13;<br \/>\n                &#13;\n            <\/p>\n<p>&#13;<\/p>\n<p>Um consumidor que adquira uma caixa de cerejas tem \u00e0 disposi\u00e7\u00e3o um &#8220;QR code&#8221;, que pode ser lido por telem\u00f3vel, remetendo para informa\u00e7\u00e3o sobre a origem dos frutos.<\/p>\n<p>&#8220;Tal como acontece nas &#8220;bitcoins&#8221;, \u00e9 uma tecnologia que \u00e9 completamente inviol\u00e1vel, do ponto de vista da informa\u00e7\u00e3o que l\u00e1 \u00e9 carregada. \u00c9 uma confian\u00e7a que o consumidor estabelece com a produ\u00e7\u00e3o e uma seguran\u00e7a que tem quando adquire cereja do Fund\u00e3o&#8221;, observou Miguel Gavinhos.<\/p>\n","protected":false},"excerpt":{"rendered":"As primeiras cerejas do Fund\u00e3o, acondicionadas numa caixa de um quilo com 27 frutos, foram leiloadas por 820&hellip;\n","protected":false},"author":2,"featured_media":387002,"comment_status":"","ping_status":"","sticky":false,"template":"","format":"standard","meta":{"footnotes":"","_share_on_mastodon":"0"},"categories":[10],"tags":[562,27,28,64494,15,16,287,13886,14,25,26,21,22,12,13,19,20,542,290,32,23,24,33,291,17,18,1456,29,30,31],"class_list":["post-387001","post","type-post","status-publish","format-standard","has-post-thumbnail","category-portugal","tag-agricultura","tag-breaking-news","tag-breakingnews","tag-cerejas","tag-featured-news","tag-featurednews","tag-fugas","tag-fundao","tag-headlines","tag-latest-news","tag-latestnews","tag-main-news","tag-mainnews","tag-news","tag-noticias","tag-noticias-principais","tag-noticiasprincipais","tag-para-redes","tag-passeios","tag-portugal","tag-principais-noticias","tag-principaisnoticias","tag-pt","tag-relaxar","tag-top-stories","tag-topstories","tag-turismo","tag-ultimas","tag-ultimas-noticias","tag-ultimasnoticias"],"share_on_mastodon":{"url":"https:\/\/pubeurope.com\/@pt\/116599959691793540","error":""},"_links":{"self":[{"href":"https:\/\/www.europesays.com\/pt\/wp-json\/wp\/v2\/posts\/387001","targetHints":{"allow":["GET"]}}],"collection":[{"href":"https:\/\/www.europesays.com\/pt\/wp-json\/wp\/v2\/posts"}],"about":[{"href":"https:\/\/www.europesays.com\/pt\/wp-json\/wp\/v2\/types\/post"}],"author":[{"embeddable":true,"href":"https:\/\/www.europesays.com\/pt\/wp-json\/wp\/v2\/users\/2"}],"replies":[{"embeddable":true,"href":"https:\/\/www.europesays.com\/pt\/wp-json\/wp\/v2\/comments?post=387001"}],"version-history":[{"count":0,"href":"https:\/\/www.europesays.com\/pt\/wp-json\/wp\/v2\/posts\/387001\/revisions"}],"wp:featuredmedia":[{"embeddable":true,"href":"https:\/\/www.europesays.com\/pt\/wp-json\/wp\/v2\/media\/387002"}],"wp:attachment":[{"href":"https:\/\/www.europesays.com\/pt\/wp-json\/wp\/v2\/media?parent=387001"}],"wp:term":[{"taxonomy":"category","embeddable":true,"href":"https:\/\/www.europesays.com\/pt\/wp-json\/wp\/v2\/categories?post=387001"},{"taxonomy":"post_tag","embeddable":true,"href":"https:\/\/www.europesays.com\/pt\/wp-json\/wp\/v2\/tags?post=387001"}],"curies":[{"name":"wp","href":"https:\/\/api.w.org\/{rel}","templated":true}]}}