{"id":387037,"date":"2026-05-19T07:45:18","date_gmt":"2026-05-19T07:45:18","guid":{"rendered":"https:\/\/www.europesays.com\/pt\/387037\/"},"modified":"2026-05-19T07:45:18","modified_gmt":"2026-05-19T07:45:18","slug":"ana-hickmann-se-declara-a-edu-guedes-com-texto-romantico-que-sorte-a-minha-quando-voce-insistiu-record","status":"publish","type":"post","link":"https:\/\/www.europesays.com\/pt\/387037\/","title":{"rendered":"Ana Hickmann se declara a Edu Guedes com texto rom\u00e2ntico: \u2018Que sorte a minha quando voc\u00ea insistiu\u2019 \u2013 Record"},"content":{"rendered":"<p><img decoding=\"async\" data-chromatic=\"ignore\" alt=\"\" class=\"c-image\" loading=\"lazy\" src=\"https:\/\/www.europesays.com\/pt\/wp-content\/uploads\/2026\/05\/43I76LQPEBEP7JJH7LUAUX4TSM.png\"  width=\"677\" height=\"369\"\/>Ana escreveu um texto apaixonado para o noivo e emocionou os f\u00e3s Reprodu\u00e7\u00e3o\/Instagram @ahickmann <\/p>\n<p class=\"jarvics:base-text-neutral-high-400 xovem:base-text-dark-high-400 base-text-[calc(theme(fontSize.xs)_*_var(--font-size,_1))] base-font-normal base-font-primary base-text-neutral-low-500 base-text-left\">\u00c9 dia de festa! Desejando um parab\u00e9ns mais que especial, <b>Ana Hickmann <\/b>homenageou o noivo,<b> Edu Guedes<\/b>, com um lindo texto para celebrar seu anivers\u00e1rio. <\/p>\n<p class=\"jarvics:base-text-neutral-high-400 xovem:base-text-dark-high-400 base-text-[calc(theme(fontSize.xs)_*_var(--font-size,_1))] base-font-normal base-font-primary base-text-neutral-low-500 base-text-left\">Muito apaixonada, a apresentadora do <a href=\"https:\/\/record.r7.com\/hoje-em-dia\/\" target=\"_self\" rel=\"nofollow noopener\" title=\"https:\/\/record.r7.com\/hoje-em-dia\/\"><b>Hoje em Dia<\/b><\/a>, publicou um carrossel de um ensaio de fotos ao lado do chef de cozinha em meio \u00e0 natureza e com a presen\u00e7a de dois cavalos, um dos animais favoritos de Ana. <\/p>\n<p class=\"jarvics:base-text-neutral-high-400 xovem:base-text-dark-high-400 base-text-[calc(theme(fontSize.xs)_*_var(--font-size,_1))] base-font-normal base-font-primary base-text-neutral-low-500 base-text-left\">\u201cDizem que o amor verdadeiro muitas vezes fica guardado para livros e filmes de romance, onde os autores e escritores colocam seus maiores desejos. Pois esses desejos se tornaram realidade. Quando duas pessoas se encontram no momento certo da vida e transformam o sentimento mais lindo em algo singular, \u00fanico, inquebr\u00e1vel . Que sorte a minha quando voc\u00ea insistiu, mandou uma, duas, tr\u00eas mensagens e me procurou. Meu amor, sou realizada em poder celebrar mais um anivers\u00e1rio ao seu lado. Que Deus te d\u00ea muita sa\u00fade para vivermos muitos cap\u00edtulos das nossas vidas juntos. Te amo pra sempre. Feliz anivers\u00e1rio\u201d, escreveu a apresentadora na legenda do post. <\/p>\n<p class=\"jarvics:base-text-neutral-high-400 xovem:base-text-dark-high-400 base-text-[calc(theme(fontSize.xs)_*_var(--font-size,_1))] base-font-normal base-font-primary base-text-neutral-low-500 base-text-left\">Nos coment\u00e1rios, f\u00e3s deixaram v\u00e1rios elogios ao casal, al\u00e9m de mensagens com votos positivos Edu: <\/p>\n<p class=\"jarvics:base-text-neutral-high-400 xovem:base-text-dark-high-400 base-text-[calc(theme(fontSize.xs)_*_var(--font-size,_1))] base-font-normal base-font-primary base-text-neutral-low-500 base-text-left\">\u201cQue amor lindo\u201d, escreveu uma. \u201cParab\u00e9ns, Edu, felicidades sempre e muita sa\u00fade\u201d, desejou outra. <\/p>\n<p class=\"jarvics:base-text-neutral-high-400 xovem:base-text-dark-high-400 base-text-[calc(theme(fontSize.xs)_*_var(--font-size,_1))] base-font-normal base-font-primary base-text-neutral-low-500 base-text-left\">\u201cAlmas g\u00eameas existem e voc\u00eas s\u00e3o a prova disso\u201d. <\/p>\n<p class=\"jarvics:base-text-neutral-high-400 xovem:base-text-dark-high-400 base-text-[calc(theme(fontSize.xs)_*_var(--font-size,_1))] base-font-normal base-font-primary base-text-neutral-low-500 base-text-left\">O aniversariante do dia tamb\u00e9m fez quest\u00e3o de agradecer a noiva com um coment\u00e1rio super carinhoso no post: <\/p>\n<p class=\"jarvics:base-text-neutral-high-400 xovem:base-text-dark-high-400 base-text-[calc(theme(fontSize.xs)_*_var(--font-size,_1))] base-font-normal base-font-primary base-text-neutral-low-500 base-text-left\">\u201cTe amo! Obrigado por estar e compartilhar todos os momentos. Seu apoio foi muito importante no momento mais importante da minha vida\u201d. <\/p>\n<p class=\"jarvics:base-text-neutral-high-400 xovem:base-text-dark-high-400 base-text-[calc(theme(fontSize.xs)_*_var(--font-size,_1))] base-font-normal base-font-primary base-text-neutral-low-500 base-text-left\"><b>Confira: <\/b><\/p>\n<p class=\"jarvics:base-text-neutral-high-400 xovem:base-text-dark-high-400 base-text-[calc(theme(fontSize.xs)_*_var(--font-size,_1))] base-font-normal base-font-primary base-text-neutral-low-500 base-text-left\"> O <a href=\"https:\/\/record.r7.com\/hoje-em-dia\/\" rel=\"nofollow noopener\" title=\"https:\/\/record.r7.com\/hoje-em-dia\/\" target=\"_blank\"><b>Hoje em Dia<\/b><\/a> vai ao ar de segunda a sexta-feira, a partir das 9h35, com apresenta\u00e7\u00e3o de Ana Hickmann, Celso Zucatelli e Renata Alves.<\/p>\n","protected":false},"excerpt":{"rendered":"Ana escreveu um texto apaixonado para o noivo e emocionou os f\u00e3s Reprodu\u00e7\u00e3o\/Instagram @ahickmann \u00c9 dia de festa!&hellip;\n","protected":false},"author":2,"featured_media":387038,"comment_status":"","ping_status":"","sticky":false,"template":"","format":"standard","meta":{"footnotes":"","_share_on_mastodon":"0"},"categories":[145],"tags":[6500,211,210,114,115,6279,32,33],"class_list":["post-387037","post","type-post","status-publish","format-standard","has-post-thumbnail","category-celebridades","tag-ana-hickmann","tag-celebridades","tag-celebrities","tag-entertainment","tag-entretenimento","tag-hoje-em-dia","tag-portugal","tag-pt"],"share_on_mastodon":{"url":"https:\/\/pubeurope.com\/@pt\/116600132930281777","error":""},"_links":{"self":[{"href":"https:\/\/www.europesays.com\/pt\/wp-json\/wp\/v2\/posts\/387037","targetHints":{"allow":["GET"]}}],"collection":[{"href":"https:\/\/www.europesays.com\/pt\/wp-json\/wp\/v2\/posts"}],"about":[{"href":"https:\/\/www.europesays.com\/pt\/wp-json\/wp\/v2\/types\/post"}],"author":[{"embeddable":true,"href":"https:\/\/www.europesays.com\/pt\/wp-json\/wp\/v2\/users\/2"}],"replies":[{"embeddable":true,"href":"https:\/\/www.europesays.com\/pt\/wp-json\/wp\/v2\/comments?post=387037"}],"version-history":[{"count":0,"href":"https:\/\/www.europesays.com\/pt\/wp-json\/wp\/v2\/posts\/387037\/revisions"}],"wp:featuredmedia":[{"embeddable":true,"href":"https:\/\/www.europesays.com\/pt\/wp-json\/wp\/v2\/media\/387038"}],"wp:attachment":[{"href":"https:\/\/www.europesays.com\/pt\/wp-json\/wp\/v2\/media?parent=387037"}],"wp:term":[{"taxonomy":"category","embeddable":true,"href":"https:\/\/www.europesays.com\/pt\/wp-json\/wp\/v2\/categories?post=387037"},{"taxonomy":"post_tag","embeddable":true,"href":"https:\/\/www.europesays.com\/pt\/wp-json\/wp\/v2\/tags?post=387037"}],"curies":[{"name":"wp","href":"https:\/\/api.w.org\/{rel}","templated":true}]}}