{"id":387683,"date":"2026-05-19T18:25:08","date_gmt":"2026-05-19T18:25:08","guid":{"rendered":"https:\/\/www.europesays.com\/pt\/387683\/"},"modified":"2026-05-19T18:25:08","modified_gmt":"2026-05-19T18:25:08","slug":"afonso-eulalio-mantem-lideranca-do-giro-apos-contra-relogio-ciclismo","status":"publish","type":"post","link":"https:\/\/www.europesays.com\/pt\/387683\/","title":{"rendered":"Afonso Eul\u00e1lio mant\u00e9m lideran\u00e7a do Giro ap\u00f3s contra-rel\u00f3gio | Ciclismo"},"content":{"rendered":"<p>O ciclista portugu\u00eas Afonso Eul\u00e1lio (Bahrain Victorious) segurou, nesta ter\u00e7a-feira, a camisola rosa da Volta a It\u00e1lia, defendendo a lideran\u00e7a no contra-rel\u00f3gio da 10.\u00aa etapa da prova, vencida pelo italiano Filippo Ganna (Netcompany INEOS).<\/p>\n<p>No final dos 42 quil\u00f3metros de exerc\u00edcio individual entre Viareggio e Massa, que Ganna cumpriu em 45min53s, o figueirense de 24 anos foi 41.\u00ba, a 4min57s do vencedor e a 1min57s do dinamarqu\u00eas Jonas Vingegaard (Visma-Lease a Bike), o segundo classificado que reduziu a diferen\u00e7a na geral para 27 segundos.<\/p>\n<p>Contra todas as previs\u00f5es, Eul\u00e1lio manteve a &#8220;maglia rosa&#8221;, continuando a liderar uma classifica\u00e7\u00e3o em que o neerland\u00eas Thymen Arensman (Netcompany INEOS), segundo no &#8220;crono&#8221; a 1min54s do seu colega italiano, subiu \u00e0 terceira posi\u00e7\u00e3o, a 1min57s do portugu\u00eas, na v\u00e9spera da 11.\u00aa etapa, que na quarta-feira liga Porcari a Chiavari, no total de 195 quil\u00f3metros.<\/p>\n","protected":false},"excerpt":{"rendered":"O ciclista portugu\u00eas Afonso Eul\u00e1lio (Bahrain Victorious) segurou, nesta ter\u00e7a-feira, a camisola rosa da Volta a It\u00e1lia, defendendo&hellip;\n","protected":false},"author":2,"featured_media":387684,"comment_status":"","ping_status":"","sticky":false,"template":"","format":"standard","meta":{"footnotes":"","_share_on_mastodon":"0"},"categories":[8],"tags":[27,28,1342,135,15,16,14,25,26,21,22,12,13,19,20,1867,32,23,24,33,17,18,29,30,31,37924],"class_list":["post-387683","post","type-post","status-publish","format-standard","has-post-thumbnail","category-principais-noticias","tag-breaking-news","tag-breakingnews","tag-ciclismo","tag-desporto","tag-featured-news","tag-featurednews","tag-headlines","tag-latest-news","tag-latestnews","tag-main-news","tag-mainnews","tag-news","tag-noticias","tag-noticias-principais","tag-noticiasprincipais","tag-outras-modalidades","tag-portugal","tag-principais-noticias","tag-principaisnoticias","tag-pt","tag-top-stories","tag-topstories","tag-ultimas","tag-ultimas-noticias","tag-ultimasnoticias","tag-volta-a-italia"],"share_on_mastodon":{"url":"https:\/\/pubeurope.com\/@pt\/116602649238736954","error":""},"_links":{"self":[{"href":"https:\/\/www.europesays.com\/pt\/wp-json\/wp\/v2\/posts\/387683","targetHints":{"allow":["GET"]}}],"collection":[{"href":"https:\/\/www.europesays.com\/pt\/wp-json\/wp\/v2\/posts"}],"about":[{"href":"https:\/\/www.europesays.com\/pt\/wp-json\/wp\/v2\/types\/post"}],"author":[{"embeddable":true,"href":"https:\/\/www.europesays.com\/pt\/wp-json\/wp\/v2\/users\/2"}],"replies":[{"embeddable":true,"href":"https:\/\/www.europesays.com\/pt\/wp-json\/wp\/v2\/comments?post=387683"}],"version-history":[{"count":0,"href":"https:\/\/www.europesays.com\/pt\/wp-json\/wp\/v2\/posts\/387683\/revisions"}],"wp:featuredmedia":[{"embeddable":true,"href":"https:\/\/www.europesays.com\/pt\/wp-json\/wp\/v2\/media\/387684"}],"wp:attachment":[{"href":"https:\/\/www.europesays.com\/pt\/wp-json\/wp\/v2\/media?parent=387683"}],"wp:term":[{"taxonomy":"category","embeddable":true,"href":"https:\/\/www.europesays.com\/pt\/wp-json\/wp\/v2\/categories?post=387683"},{"taxonomy":"post_tag","embeddable":true,"href":"https:\/\/www.europesays.com\/pt\/wp-json\/wp\/v2\/tags?post=387683"}],"curies":[{"name":"wp","href":"https:\/\/api.w.org\/{rel}","templated":true}]}}