{"id":387721,"date":"2026-05-19T18:57:25","date_gmt":"2026-05-19T18:57:25","guid":{"rendered":"https:\/\/www.europesays.com\/pt\/387721\/"},"modified":"2026-05-19T18:57:25","modified_gmt":"2026-05-19T18:57:25","slug":"leomarte-confronta-daniela-apos-acusacoes-graves-e-o-impensavel-acontece-em-plena-gala-tvi-player","status":"publish","type":"post","link":"https:\/\/www.europesays.com\/pt\/387721\/","title":{"rendered":"Leomarte confronta Daniela ap\u00f3s acusa\u00e7\u00f5es graves e o impens\u00e1vel acontece em plena gala &#8211; TVI Player"},"content":{"rendered":"<ol>\n<li><a href=\"https:\/\/news.google.com\/rss\/articles\/CBMipAFBVV95cUxOZWtFcV9tcHVqMkEwV2tpMEVDczVpVUM0MkJZN1E1VU1ldms0dFhoZkNDd01IODVTRFdMOG9USVBwZk0wVVNDTWs5TmFjNFpaYmJad2ZFemhJVGdlQU1iMDB2OVJsNjBUdEU0SkhjVUpmaXZrNmlsRWxJX1JzcGNBQlZwOHUzdUVtUzE1MUVrcU9vc2dGQ3Ryb2MxcWw2WGJDWC14Qg?oc=5\" target=\"_blank\" rel=\"nofollow noopener\">Leomarte confronta Daniela ap\u00f3s acusa\u00e7\u00f5es graves e o impens\u00e1vel acontece em plena gala<\/a>&nbsp;&nbsp;TVI Player<\/li>\n<li><a href=\"https:\/\/news.google.com\/rss\/articles\/CBMivgFBVV95cUxQRXhITmZqTDF4VGU2UExpY29fMlVzSVFRWGxxblIzaUQtMDFEVVRrSUFOU1lRbmhaWWNIQklnUVdCbm9meUVuYTVzaU5TcFJRZjhiSlc3cXNlaEZ5SjN3cEdoTG45MmZPRWZaZGJNN2V1eTkydzlRWUwwU0tPcGoxUGZTendnWEF5Tk1mQS1WcGc4VmZQRGE2NEZpUkplWlNCTjlkWXJseGswNW5fQk9xbEk1VkI3R2RDbVpXeFBR?oc=5\" target=\"_blank\" rel=\"nofollow noopener\">Desafio Final &#8211; Pedro Jorge revela que esteve com F\u00e1bio e rea\u00e7\u00e3o de Liliana faz todos rir em est\u00fadio<\/a>&nbsp;&nbsp;Nova Gente<\/li>\n<li><a href=\"https:\/\/news.google.com\/rss\/articles\/CBMi3gFBVV95cUxPWGtjMHN3NEtrc0huT2V5MWFTZWpVRUIzZmR6SVJ6SzU1SVN3RjItQ1lERWJzRXVWZFdvUG5DWnJLa2hocTUwRklEZGpDQjdoLWs2QXlYcXJtN2ZsTEdPaWRfdUo0YVBoT1ppWVZGNGpVai1lUUdlQm9YOURFbXFrelJMN253empmT0Ywc0pSLVNRczJjWUxpZ3RaNDFzY0U2QTdlbkw5SkRhX3BLQVAyckNGOUppVFp4aG01LU02TlVpR0wzRElCeVFxeFRBQzhrM0VRem43SHFGVTc0TkE?oc=5\" target=\"_blank\" rel=\"nofollow noopener\">F\u00e1bio Pereira confronta Pedro Jorge ap\u00f3s coment\u00e1rio pol\u00e9mico: &#8220;N\u00e3o vale nada como mulher&#8221;<\/a>&nbsp;&nbsp;A Televis\u00e3o<\/li>\n<li><a href=\"https:\/\/news.google.com\/rss\/articles\/CBMiuAFBVV95cUxQWUJ1RG1KbHRQNERrNjNmU1BURHpkSVU5WlRxbk9Oc0lKdXM0SGtkQlFXbUI3aTEzaHlmMm5fZGJWLVV6bXJnQldMM01SSi1tQ0pHYV9KWDdKNHBna19KNTZvQ09DRmlNeWdYdWhJZWhkSjM5UHFNVlB3NXkxLWJMWlpaaG15eVVBQV9DSW52SkRmOExYZlhLc1pUaTJkQmNrZ1BObk9uY1c0OHkzVlBIbUJVNnhLQXBS?oc=5\" target=\"_blank\" rel=\"nofollow noopener\">Desafio Final &#8211; Cristina Ferreira &#8216;obrigada&#8217; a fazer chamada de aten\u00e7\u00e3o a F\u00e1bio ap\u00f3s visita \u00e0 casa<\/a>&nbsp;&nbsp;TV 7 Dias<\/li>\n<li><a href=\"https:\/\/news.google.com\/rss\/articles\/CBMi2wFBVV95cUxOQWluS2N6bnkzUjJFOWRZTmszUlN1OGV5TGphZEw0MzNDYWRiTnJRX3JUaGlvUnRCZmo1eFNHNWlQYmxrTXJfcEdWQzFScktXNzZOLTZCYkpJTHZaSnBsbGtSUEJfSnRSN3hkQzU5cGNVUnpOc2pEa1BpZGdERFVQVDljRGpNTnd3QWF4aGpiQjNIUzBialJNZ2VseXFfVEtqTDIwUm1TTGlCcWRlalp1VjhXUHRsdHZvUjRoaGY5ckNNY0o3a0k0cHhiYnpGaFIyWFJYaHB4QjJuUzg?oc=5\" target=\"_blank\" rel=\"nofollow noopener\">F\u00e1bio Pereira e Pedro Jorge reencontram-se&#8230; em frente a frente!<\/a>&nbsp;&nbsp;SELFIE<\/li>\n<\/ol>\n","protected":false},"excerpt":{"rendered":"Leomarte confronta Daniela ap\u00f3s acusa\u00e7\u00f5es graves e o impens\u00e1vel acontece em plena gala&nbsp;&nbsp;TVI Player Desafio Final &#8211; Pedro&hellip;\n","protected":false},"author":2,"featured_media":387722,"comment_status":"","ping_status":"","sticky":false,"template":"","format":"standard","meta":{"footnotes":"","_share_on_mastodon":"0"},"categories":[142],"tags":[2582,114,115,29566,32,33,151],"class_list":["post-387721","post","type-post","status-publish","format-standard","has-post-thumbnail","category-tv","tag-daniela","tag-entertainment","tag-entretenimento","tag-leomarte-freire","tag-portugal","tag-pt","tag-tv"],"share_on_mastodon":{"url":"https:\/\/pubeurope.com\/@pt\/116602775181227594","error":""},"_links":{"self":[{"href":"https:\/\/www.europesays.com\/pt\/wp-json\/wp\/v2\/posts\/387721","targetHints":{"allow":["GET"]}}],"collection":[{"href":"https:\/\/www.europesays.com\/pt\/wp-json\/wp\/v2\/posts"}],"about":[{"href":"https:\/\/www.europesays.com\/pt\/wp-json\/wp\/v2\/types\/post"}],"author":[{"embeddable":true,"href":"https:\/\/www.europesays.com\/pt\/wp-json\/wp\/v2\/users\/2"}],"replies":[{"embeddable":true,"href":"https:\/\/www.europesays.com\/pt\/wp-json\/wp\/v2\/comments?post=387721"}],"version-history":[{"count":0,"href":"https:\/\/www.europesays.com\/pt\/wp-json\/wp\/v2\/posts\/387721\/revisions"}],"wp:featuredmedia":[{"embeddable":true,"href":"https:\/\/www.europesays.com\/pt\/wp-json\/wp\/v2\/media\/387722"}],"wp:attachment":[{"href":"https:\/\/www.europesays.com\/pt\/wp-json\/wp\/v2\/media?parent=387721"}],"wp:term":[{"taxonomy":"category","embeddable":true,"href":"https:\/\/www.europesays.com\/pt\/wp-json\/wp\/v2\/categories?post=387721"},{"taxonomy":"post_tag","embeddable":true,"href":"https:\/\/www.europesays.com\/pt\/wp-json\/wp\/v2\/tags?post=387721"}],"curies":[{"name":"wp","href":"https:\/\/api.w.org\/{rel}","templated":true}]}}