{"id":38794,"date":"2025-08-21T14:07:06","date_gmt":"2025-08-21T14:07:06","guid":{"rendered":"https:\/\/www.europesays.com\/pt\/38794\/"},"modified":"2025-08-21T14:07:06","modified_gmt":"2025-08-21T14:07:06","slug":"maxi-lopez-recorda-nega-ao-benfica-o-presidente-escreveu-me-uma-carta","status":"publish","type":"post","link":"https:\/\/www.europesays.com\/pt\/38794\/","title":{"rendered":"Maxi L\u00f3pez recorda nega ao Benfica: \u00abO presidente escreveu-me uma carta&#8230;\u00bb"},"content":{"rendered":"<p style=\"text-align: justify\">Maxi L\u00f3pez, antigo avan\u00e7ado argentino, abriu o livro sobre a transfer\u00eancia falhada para o <a class=\"autolink-enabled\" data-resource-id=\"450\" data-resource-type=\"team\" data-sport=\"football\" href=\"https:\/\/www.abola.pt\/futebol\/benfica-450\" rel=\"nofollow noopener\" target=\"_blank\">Benfica<\/a>, em 2004\/05. Ent\u00e3o no <a class=\"autolink-enabled\" data-resource-id=\"147\" data-resource-type=\"team\" data-sport=\"football\" href=\"https:\/\/www.abola.pt\/futebol\/river-plate-147\" rel=\"nofollow noopener\" target=\"_blank\">River Plate<\/a>, o jogador tinha tudo acertado para rumar \u00e0 Luz, mas a entrada do <a class=\"autolink-enabled\" data-resource-id=\"205\" data-resource-type=\"team\" data-sport=\"football\" href=\"https:\/\/www.abola.pt\/futebol\/barcelona-205\" rel=\"nofollow noopener\" target=\"_blank\">Barcelona<\/a> em cena frustrou as expectativas dos encarnados.<\/p>\n<p style=\"text-align: justify\">\u00abDurante toda a pr\u00e9-temporada, eu estava vendido ao Benfica.\u00a0Todos os jornais, todos os programas de televis\u00e3o\u00a0\u00a0futebol\u00edsticos, desportivos e n\u00e3o desportivos, diziam que eu ia viver em Portugal\u00a0e que estava tudo resolvido com o Benfica, que tinham apresentado uma proposta. E a telenovela durou, mais ou menos,\u00a015, 20 dias, todo o processo que ia fazendo na pr\u00e9-temporada\u00bb, come\u00e7ou por dizer no podcast El After de Post United.<\/p>\n<p style=\"text-align: justify\">\u00abE, bom, essa oportunidade come\u00e7ava a trabalhar na minha cabe\u00e7a. O salto, o Benfica, \u00e9 um clube que forma jogadores,\u00a0pode ser um bom passo. E lembro-me que o meu agente, naquele momento, dizia-me\u00a0\u2018n\u00e3o te precipites, porque est\u00e1 a trabalhar-se noutra coisa\u2019\u00bb, recordou.<\/p>\n<p style=\"text-align: justify\">E eu digo-lhe \u2018N\u00e3o me vais d\u2026\u2019 Ele n\u00e3o me dizia nada. E eu estava nervoso, normal, porque ia mudar a minha vida por completo. E lembro-me que nos \u00faltimos dias, nos \u00faltimos 4, 5 dias, aparece o Bar\u00e7a. Claro. Come\u00e7aram a ligar-me, o treinador, o diretor desportivo, o presidente do Benfica\u2026 O presidente do Benfica escreveu-me uma carta assim [faz gesto com a m\u00e3o] de grande, a explicar-me porque era melhor ir para Portugal\u00a0e jogar pelo Benfica\u00bb, contou.<\/p>\n<p style=\"text-align: justify\">\u00abE hoje ainda a tenho comigo.\u00a0Era escrita \u00e0 m\u00e3o, por ele [Lu\u00eds Filipe Vieira], e chegou at\u00e9 mim. O que acontece \u00e9 que quando chega uma equipa como o Bar\u00e7a,\u00a0n\u00e3o se pode dizer que n\u00e3o.\u00a0 E, sim, nos \u00faltimos dias apresentaram-me uma oferta e fui\u00bb, concluiu.<\/p>\n","protected":false},"excerpt":{"rendered":"Maxi L\u00f3pez, antigo avan\u00e7ado argentino, abriu o livro sobre a transfer\u00eancia falhada para o Benfica, em 2004\/05. Ent\u00e3o&hellip;\n","protected":false},"author":2,"featured_media":38795,"comment_status":"","ping_status":"","sticky":false,"template":"","format":"standard","meta":{"footnotes":""},"categories":[8],"tags":[27,28,15,16,14,25,26,21,22,12,13,19,20,32,23,24,33,17,18,29,30,31],"class_list":{"0":"post-38794","1":"post","2":"type-post","3":"status-publish","4":"format-standard","5":"has-post-thumbnail","7":"category-principais-noticias","8":"tag-breaking-news","9":"tag-breakingnews","10":"tag-featured-news","11":"tag-featurednews","12":"tag-headlines","13":"tag-latest-news","14":"tag-latestnews","15":"tag-main-news","16":"tag-mainnews","17":"tag-news","18":"tag-noticias","19":"tag-noticias-principais","20":"tag-noticiasprincipais","21":"tag-portugal","22":"tag-principais-noticias","23":"tag-principaisnoticias","24":"tag-pt","25":"tag-top-stories","26":"tag-topstories","27":"tag-ultimas","28":"tag-ultimas-noticias","29":"tag-ultimasnoticias"},"share_on_mastodon":{"url":"","error":""},"_links":{"self":[{"href":"https:\/\/www.europesays.com\/pt\/wp-json\/wp\/v2\/posts\/38794","targetHints":{"allow":["GET"]}}],"collection":[{"href":"https:\/\/www.europesays.com\/pt\/wp-json\/wp\/v2\/posts"}],"about":[{"href":"https:\/\/www.europesays.com\/pt\/wp-json\/wp\/v2\/types\/post"}],"author":[{"embeddable":true,"href":"https:\/\/www.europesays.com\/pt\/wp-json\/wp\/v2\/users\/2"}],"replies":[{"embeddable":true,"href":"https:\/\/www.europesays.com\/pt\/wp-json\/wp\/v2\/comments?post=38794"}],"version-history":[{"count":0,"href":"https:\/\/www.europesays.com\/pt\/wp-json\/wp\/v2\/posts\/38794\/revisions"}],"wp:featuredmedia":[{"embeddable":true,"href":"https:\/\/www.europesays.com\/pt\/wp-json\/wp\/v2\/media\/38795"}],"wp:attachment":[{"href":"https:\/\/www.europesays.com\/pt\/wp-json\/wp\/v2\/media?parent=38794"}],"wp:term":[{"taxonomy":"category","embeddable":true,"href":"https:\/\/www.europesays.com\/pt\/wp-json\/wp\/v2\/categories?post=38794"},{"taxonomy":"post_tag","embeddable":true,"href":"https:\/\/www.europesays.com\/pt\/wp-json\/wp\/v2\/tags?post=38794"}],"curies":[{"name":"wp","href":"https:\/\/api.w.org\/{rel}","templated":true}]}}