{"id":388279,"date":"2026-05-20T08:59:23","date_gmt":"2026-05-20T08:59:23","guid":{"rendered":"https:\/\/www.europesays.com\/pt\/388279\/"},"modified":"2026-05-20T08:59:23","modified_gmt":"2026-05-20T08:59:23","slug":"rtp-estreia-serie-de-viagens-por-sao-tome-e-principe-televisao","status":"publish","type":"post","link":"https:\/\/www.europesays.com\/pt\/388279\/","title":{"rendered":"RTP estreia s\u00e9rie de viagens por S\u00e3o Tom\u00e9 e Pr\u00edncipe | Televis\u00e3o"},"content":{"rendered":"<p>A s\u00e9rie documental Afrikando j\u00e1 tinha percorrido Angola, agora chega a vez do arquip\u00e9lago de <a href=\"https:\/\/www.publico.pt\/2019\/06\/08\/fugas\/noticia\/leveza-sorriso-chamado-sao-tome-1875139\" target=\"_self\" rel=\"nofollow noopener\">S\u00e3o Tom\u00e9 e Pr\u00edncipe<\/a>. A partir de 23 de Maio, ser\u00e3o oito epis\u00f3dios, oito viagens pelas ilhas.<\/p>\n<p>&#8220;Uma viagem multicultural e tur\u00edstica que desvenda o potencial do arquip\u00e9lago&#8221;, anuncia a RTP, que estar\u00e1 dispon\u00edvel na <a href=\"https:\/\/africa.rtp.pt\/programacao-tv\/\" target=\"_blank\" rel=\"nofollow noopener\">RTP \u00c1frica<\/a> (21h) e na plataforma <a href=\"https:\/\/www.rtp.pt\/play\/\" target=\"_blank\" rel=\"nofollow noopener\">RTP Play.<\/a><\/p>\n<p>&#8220;As ilhas s\u00e3o pequenas e acab\u00e1mos por fazer uma s\u00e9rie de oito epis\u00f3dios. Dividimos entre o norte, o sul, o centro de S\u00e3o Tom\u00e9 e, depois, viaj\u00e1mos para <a href=\"https:\/\/www.publico.pt\/2023\/06\/03\/fugas\/reportagem\/ilha-principe-seguindo-praias-paradisiacas-carris-pais-comboios-2051106\" target=\"_self\" rel=\"nofollow noopener\">o Pr\u00edncipe<\/a>&#8220;, explicava Alexandra Baptista, jornalista autora da s\u00e9rie, na apresenta\u00e7\u00e3o do projecto que decorreu na semana passada no audit\u00f3rio da UCCLA \u2014 Uni\u00e3o das Cidades Capitais de L\u00edngua Portuguesa, em Lisboa.<\/p>\n<p>                &#13;<br \/>\n                    &#13;<br \/>\n                    &#13;<br \/>\n                        S\u00e3o oito epis\u00f3dios de viagens por S\u00e3o Tom\u00e9 e Pr\u00edncipe&#13;<br \/>\nDR                    &#13;<\/p>\n<p>&#8220;Tent\u00e1mos mergulhar na hist\u00f3ria, na cultura, nas tradi\u00e7\u00f5es, em lugares opostos ao turismo de massas, dando a conhecer tamb\u00e9m algumas curiosidades da cultura s\u00e3o-tomense, como a gastronomia e as l\u00ednguas maternas tamb\u00e9m&#8221;, disse a autora \u00e0 Lusa.<\/p>\n<p>Os epis\u00f3dios s\u00e3o feitos entre &#8220;<a href=\"https:\/\/www.publico.pt\/2019\/11\/24\/sociedade\/noticia\/rocas-sao-tome-eramos-obrigados-trabalhar-nao-tinhamos-voz-1894194\" target=\"_self\" rel=\"nofollow noopener\">ro\u00e7as<\/a>, cascatas, florestas e praias. Da natureza \u00e0 cultura, celebrando a m\u00fasica, a dan\u00e7a e o tchiloli, uma das manifesta\u00e7\u00f5es culturais mais emblem\u00e1ticas do pa\u00eds&#8221;, promete-se. Em cada um, esperam-se &#8220;lugares menos comuns, usos e costumes pouco divulgados e paisagens \u00fanicas&#8221;.<\/p>\n<p>O convite \u00e9 para &#8220;descobrir como vive este povo forjado na mistura de gentes vinda de outras latitudes para trabalhar uma terra pr\u00f3spera&#8221;. N\u00e3o faltam dificuldades, como se sabe, mas, como diz Alexandra Baptista, &#8220;foi entrar num jardim tropical e encontrar beleza, atr\u00e1s de beleza e ir descobrindo praias incr\u00edveis e lagoas e as gentes, que v\u00eam de um passado t\u00e3o violento, muito af\u00e1veis e n\u00e3o s\u00e3o zangadas com a sua hist\u00f3ria&#8221;.<\/p>\n<p>        &#13;<br \/>\n            &#13;<\/p>\n<p>Ponto fulcral: as hist\u00f3ricas e seminais ro\u00e7as, que &#8220;est\u00e3o praticamente destru\u00eddas, muitas delas ao abandono&#8221; (h\u00e1 um projecto para recuper\u00e1-las), com planta\u00e7\u00f5es de cacau, caf\u00e9, &#8220;velhos hospitais destru\u00eddos&#8221;, &#8220;sanzalas onde os povos ainda vivem, naquelas condi\u00e7\u00f5es&#8221;.<\/p>\n<p>Porque a realidade n\u00e3o se mascara. &#8220;A pobreza est\u00e1 l\u00e1. A pobreza \u00e9 vis\u00edvel&#8221;, diz a autora, refor\u00e7ando: &#8220;Embora n\u00e3o exista fome, a pobreza \u00e9 vis\u00edvel&#8221;.<\/p>\n<p>Em paralelo, mostram-se cen\u00e1rios de para\u00edso, por entre &#8220;caminhadas na floresta incr\u00edveis&#8221;, &#8220;vulc\u00f5es adormecidos, ou extintos&#8221;, <a href=\"https:\/\/www.publico.pt\/2025\/03\/30\/fugas\/fotogaleria\/sao-tome-principe-areas-protegidas-413449\" target=\"_self\" rel=\"nofollow noopener\">&#8220;todo este manto verde que cobre S\u00e3o Tom\u00e9 e Pr\u00edncipe&#8221;<\/a>, uma biodiversidade extraordin\u00e1ria.<\/p>\n<p>        &#13;<\/p>\n<p>&#13;<br \/>\n                &#13;\n            <\/p>\n<p>&#13;<\/p>\n<p>Uma curiosidade: Alexandra veste em cada epis\u00f3dio trajes tradicionais do arquip\u00e9lago para &#8220;homenagear a cultura e a tradi\u00e7\u00e3o&#8221; do territ\u00f3rio. &#8220;Vou aos alfaiates, vou aos mercados comprar os panos t\u00edpicos&#8221;.<\/p>\n<p>A pr\u00f3xima s\u00e9rie de Afrikando, adianta a Lusa, dever\u00e1 ser dedicada a Mo\u00e7ambique. A anterior, a de Angola, continua <a href=\"https:\/\/www.rtp.pt\/play\/p12204\/afrikando-angola\" target=\"_blank\" rel=\"nofollow noopener\">dispon\u00edvel<\/a>.<\/p>\n<p>        &#13;<\/p>\n<p>&#13;<br \/>\n                &#13;\n            <\/p>\n<p>&#13;<\/p>\n","protected":false},"excerpt":{"rendered":"A s\u00e9rie documental Afrikando j\u00e1 tinha percorrido Angola, agora chega a vez do arquip\u00e9lago de S\u00e3o Tom\u00e9 e&hellip;\n","protected":false},"author":2,"featured_media":388280,"comment_status":"","ping_status":"","sticky":false,"template":"","format":"standard","meta":{"footnotes":"","_share_on_mastodon":"0"},"categories":[50],"tags":[2713,27,28,15,16,287,14,25,26,21,22,715,62,12,13,19,20,23,24,420,26034,218,17,18,1456,29,30,31,63,64,65],"class_list":["post-388279","post","type-post","status-publish","format-standard","has-post-thumbnail","category-mundo","tag-africa","tag-breaking-news","tag-breakingnews","tag-featured-news","tag-featurednews","tag-fugas","tag-headlines","tag-latest-news","tag-latestnews","tag-main-news","tag-mainnews","tag-media","tag-mundo","tag-news","tag-noticias","tag-noticias-principais","tag-noticiasprincipais","tag-principais-noticias","tag-principaisnoticias","tag-rtp","tag-sao-tome-e-principe","tag-televisao","tag-top-stories","tag-topstories","tag-turismo","tag-ultimas","tag-ultimas-noticias","tag-ultimasnoticias","tag-world","tag-world-news","tag-worldnews"],"share_on_mastodon":{"url":"https:\/\/pubeurope.com\/@pt\/116606085660797016","error":""},"_links":{"self":[{"href":"https:\/\/www.europesays.com\/pt\/wp-json\/wp\/v2\/posts\/388279","targetHints":{"allow":["GET"]}}],"collection":[{"href":"https:\/\/www.europesays.com\/pt\/wp-json\/wp\/v2\/posts"}],"about":[{"href":"https:\/\/www.europesays.com\/pt\/wp-json\/wp\/v2\/types\/post"}],"author":[{"embeddable":true,"href":"https:\/\/www.europesays.com\/pt\/wp-json\/wp\/v2\/users\/2"}],"replies":[{"embeddable":true,"href":"https:\/\/www.europesays.com\/pt\/wp-json\/wp\/v2\/comments?post=388279"}],"version-history":[{"count":0,"href":"https:\/\/www.europesays.com\/pt\/wp-json\/wp\/v2\/posts\/388279\/revisions"}],"wp:featuredmedia":[{"embeddable":true,"href":"https:\/\/www.europesays.com\/pt\/wp-json\/wp\/v2\/media\/388280"}],"wp:attachment":[{"href":"https:\/\/www.europesays.com\/pt\/wp-json\/wp\/v2\/media?parent=388279"}],"wp:term":[{"taxonomy":"category","embeddable":true,"href":"https:\/\/www.europesays.com\/pt\/wp-json\/wp\/v2\/categories?post=388279"},{"taxonomy":"post_tag","embeddable":true,"href":"https:\/\/www.europesays.com\/pt\/wp-json\/wp\/v2\/tags?post=388279"}],"curies":[{"name":"wp","href":"https:\/\/api.w.org\/{rel}","templated":true}]}}