{"id":388333,"date":"2026-05-20T09:56:12","date_gmt":"2026-05-20T09:56:12","guid":{"rendered":"https:\/\/www.europesays.com\/pt\/388333\/"},"modified":"2026-05-20T09:56:12","modified_gmt":"2026-05-20T09:56:12","slug":"duas-criancas-encontradas-sozinhas-entre-alcacer-e-comporta-observador","status":"publish","type":"post","link":"https:\/\/www.europesays.com\/pt\/388333\/","title":{"rendered":"Duas crian\u00e7as encontradas sozinhas entre Alc\u00e1cer e Comporta \u2013 Observador"},"content":{"rendered":"<p>Duas crian\u00e7as com tr\u00eas e cinco anos foram encontradas por militares da Guarda Nacional Republicana (GNR) num local pouco movimentado, junto a uma estrada que liga Alc\u00e1cer do Sal \u00e0 Comporta.<\/p>\n<p>O Observador apurou junto de fonte do Destacamento Territorial de Gr\u00e2ndola que est\u00e3o a ser seguidas v\u00e1rias linhas de investiga\u00e7\u00e3o e que para j\u00e1 que os militares admitem como poss\u00edvel a hip\u00f3tese de abandono, por n\u00e3o ter sido registado qualquer desaparecimento.<\/p>\n<p>Antes o Comando Territorial de Set\u00fabal da GNR j\u00e1 tinha confirmado ter localizado os dois menores, de nacionalidade francesa, e que estes estavam sozinhos no momento da abordagem, <a href=\"https:\/\/www.cmjornal.pt\/portugal\/detalhe\/duas-criancas-francesas-encontradas-sozinhas-em-estrada-que-liga-alcacer-do-sal-a-comporta\" rel=\"nofollow noopener\" target=\"_blank\">como revelou o Correio da Manh\u00e3.<\/a><\/p>\n<p>Os militares ter\u00e3o sido alertados por uma pessoa que passou pelo local e se apercebeu de que estavam sozinhas e sem identifica\u00e7\u00e3o.<\/p>\n<p>Segundo aquele jornal, o alerta foi dado \u00e0s 19h30 de ter\u00e7a-feira e os menores foram levados para o posto de Alc\u00e1cer do Sal, que contactou a Comiss\u00e3o de Prote\u00e7\u00e3o de Crian\u00e7as e Jovens.<\/p>\n","protected":false},"excerpt":{"rendered":"Duas crian\u00e7as com tr\u00eas e cinco anos foram encontradas por militares da Guarda Nacional Republicana (GNR) num local&hellip;\n","protected":false},"author":2,"featured_media":388334,"comment_status":"","ping_status":"","sticky":false,"template":"","format":"standard","meta":{"footnotes":"","_share_on_mastodon":"0"},"categories":[10],"tags":[27,28,37133,23182,15,16,2002,14,25,26,21,22,12,13,19,20,57,2003,32,23,24,33,2004,10012,58,17,18,29,30,31],"class_list":["post-388333","post","type-post","status-publish","format-standard","has-post-thumbnail","category-portugal","tag-breaking-news","tag-breakingnews","tag-cpcj","tag-crianu00e7as","tag-featured-news","tag-featurednews","tag-gnr","tag-headlines","tag-latest-news","tag-latestnews","tag-main-news","tag-mainnews","tag-news","tag-noticias","tag-noticias-principais","tag-noticiasprincipais","tag-pau00eds","tag-polu00edcia","tag-portugal","tag-principais-noticias","tag-principaisnoticias","tag-pt","tag-seguranu00e7a","tag-setu00fabal","tag-sociedade","tag-top-stories","tag-topstories","tag-ultimas","tag-ultimas-noticias","tag-ultimasnoticias"],"share_on_mastodon":{"url":"","error":""},"_links":{"self":[{"href":"https:\/\/www.europesays.com\/pt\/wp-json\/wp\/v2\/posts\/388333","targetHints":{"allow":["GET"]}}],"collection":[{"href":"https:\/\/www.europesays.com\/pt\/wp-json\/wp\/v2\/posts"}],"about":[{"href":"https:\/\/www.europesays.com\/pt\/wp-json\/wp\/v2\/types\/post"}],"author":[{"embeddable":true,"href":"https:\/\/www.europesays.com\/pt\/wp-json\/wp\/v2\/users\/2"}],"replies":[{"embeddable":true,"href":"https:\/\/www.europesays.com\/pt\/wp-json\/wp\/v2\/comments?post=388333"}],"version-history":[{"count":0,"href":"https:\/\/www.europesays.com\/pt\/wp-json\/wp\/v2\/posts\/388333\/revisions"}],"wp:featuredmedia":[{"embeddable":true,"href":"https:\/\/www.europesays.com\/pt\/wp-json\/wp\/v2\/media\/388334"}],"wp:attachment":[{"href":"https:\/\/www.europesays.com\/pt\/wp-json\/wp\/v2\/media?parent=388333"}],"wp:term":[{"taxonomy":"category","embeddable":true,"href":"https:\/\/www.europesays.com\/pt\/wp-json\/wp\/v2\/categories?post=388333"},{"taxonomy":"post_tag","embeddable":true,"href":"https:\/\/www.europesays.com\/pt\/wp-json\/wp\/v2\/tags?post=388333"}],"curies":[{"name":"wp","href":"https:\/\/api.w.org\/{rel}","templated":true}]}}