{"id":388778,"date":"2026-05-20T17:01:22","date_gmt":"2026-05-20T17:01:22","guid":{"rendered":"https:\/\/www.europesays.com\/pt\/388778\/"},"modified":"2026-05-20T17:01:22","modified_gmt":"2026-05-20T17:01:22","slug":"aos-beijos-sofia-sousa-declara-se-publicamente-ao-companheiro-e-deixa-um-recado-meu-esposo-secret-story","status":"publish","type":"post","link":"https:\/\/www.europesays.com\/pt\/388778\/","title":{"rendered":"Aos beijos, Sofia Sousa declara-se publicamente ao companheiro. E deixa um recado: \u00abMeu esposo&#8230;\u00bb &#8211; Secret Story"},"content":{"rendered":"<p data-end=\"544\" data-start=\"385\"><a href=\"https:\/\/tvi.iol.pt\/secretstory\/sofia-sousa\/namorado\/sofia-sousa-faz-direto-para-comprovar-namoro-apos-suspeitas-imagina-seres-tao-giro-que-acham-que-es-ia\" rel=\"nofollow noopener\" target=\"_blank\"><strong>Sofia Sousa<\/strong> j\u00e1 n\u00e3o esconde o amor que a une a Bruno Sousa<\/a> e voltou a derreter os seguidores com novas imagens rom\u00e2nticas partilhadas no Instagram.<\/p>\n<p data-end=\"742\" data-start=\"546\">A ex-concorrente de Secret Story &#8211; Casa dos Segredos <strong>publicou duas fotografias nas quais surge a trocar beijos apaixonados com o companheiro e acompanhou os registos com declara\u00e7\u00f5es intensas:\u00a0<\/strong>\u00abMeu esposo, minha base, meu apoio, minha fam\u00edlia. Amo-te eternamente\u00bb, escreveu Sofia na legenda de uma das imagens.<\/p>\n<p data-end=\"977\" data-start=\"863\">Noutra publica\u00e7\u00e3o, a antiga concorrente da TVI mostrou-se ainda mais emotiva ao falar sobre a prote\u00e7\u00e3o da rela\u00e7\u00e3o: \u00abDeus, obrigada por aben\u00e7oares a nossa rela\u00e7\u00e3o e fortaleceres o nosso amor\u00bb, come\u00e7ou por escrever.<\/p>\n<p data-end=\"977\" data-start=\"863\"><img loading=\"lazy\" decoding=\"async\" alt=\"Sofia Sousa\" height=\"292\" src=\"https:\/\/www.europesays.com\/pt\/wp-content\/uploads\/2026\/05\/6a0d8fc8d34e28842c843e8d.webp\" width=\"164\"\/><\/p>\n<p data-end=\"1194\" data-start=\"1079\">Sofia Sousa aproveitou ainda para deixar uma reflex\u00e3o sobre as dificuldades e a inveja que o casal possa enfrentar: \u00abAcredito que nenhuma inveja, maldade ou dificuldade pode destruir o que foi protegido por Ti\u00bb, acrescentou.<\/p>\n<p data-end=\"1194\" data-start=\"1079\"><img loading=\"lazy\" decoding=\"async\" alt=\"Sofia Sousa\" height=\"302\" src=\"https:\/\/www.europesays.com\/pt\/wp-content\/uploads\/2026\/05\/6a0d8fc7d34edcee7c645d52.webp\" width=\"170\"\/><\/p>\n<p data-end=\"1455\" data-is-last-node=\"\" data-is-only-node=\"\" data-start=\"1306\">Veja a galeria acima com imagens do casal.<\/p>\n<p data-end=\"1455\" data-is-last-node=\"\" data-is-only-node=\"\" data-start=\"1306\">\u00a0<\/p>\n<p>Sofia Sousa faz direto para comprovar namoro ap\u00f3s suspeitas: \u00abImagina seres t\u00e3o giro que acham que \u00e9s IA\u00bb<\/p>\n<p><strong>Sofia Sousa<\/strong> est\u00e1 em direto no Instagram. Como companhia, tem o seu novo namorado. Com este v\u00eddeo, a antiga concorrente pretende provar que est\u00e1 numa rela\u00e7\u00e3o real e que o namorado n\u00e3o \u00e9 uma personagem criada por Intelig\u00eancia Artificial (IA).<\/p>\n<p>Sofia Sousa acaba, assim, de vez com as suspeitas, <a href=\"https:\/\/tvi.iol.pt\/secretstory\/sofia-sousa\/namorado\/namorado-de-sofia-sousa-e-gerado-por-ia-ex-concorrente-reage-a-polemica-e-esclarece-tudo\" rel=\"nofollow noopener\" target=\"_blank\">que punham em causa se o seu novo amor era mesmo um homem real<\/a>. \u00a0\u00abImagina seres t\u00e3o giro que acham que \u00e9s IA\u00bb , comenta Sofia Sousa, no v\u00eddeo.\u00a0<\/p>\n<p>  Sofia Sousa vive uma nova fase amorosa e tem feito quest\u00e3o de a partilhar com os seguidores. A ex-concorrente do Secret Story tem publicado <a href=\"https:\/\/tvi.iol.pt\/secretstory\/fotos\/sofia-sousa-tem-novo-namorado-e-as-imagens-estao-a-dar-que-falar\/69e78291d34e28842c832ace\" rel=\"nofollow noopener\" target=\"_blank\">v\u00e1rias fotografias e v\u00eddeos<\/a> ao lado do novo namorado, mostrando-se c\u00famplice, tranquila e visivelmente apaixonada.\u00a0 <\/p>\n<p data-end=\"879\" data-start=\"401\">As<a href=\"https:\/\/tvi.iol.pt\/secretstory\/sofia-sousa\/tierry-vilson\/sofia-sousa-mostra-fotografia-rara-da-filha-e-as-parecencas-com-a-mae-nao-passam-despercebidas\" rel=\"nofollow noopener\" target=\"_blank\"> imagens partilhadas por Sofia <\/a>foram analisadas ao detalhe por alguns utilizadores, que apontaram alegadas \u201cimperfei\u00e7\u00f5es\u201d como argumento para sustentar essa teoria, o que rapidamente gerou uma onda de coment\u00e1rios e debate online.<\/p>\n<p data-end=\"879\" data-start=\"401\"><img loading=\"lazy\" decoding=\"async\" alt=\"\" height=\"1084\" src=\"https:\/\/www.europesays.com\/pt\/wp-content\/uploads\/2026\/05\/69e78fb5d34edcee7c634bd7.webp\" width=\"500\"\/><\/p>\n<p data-end=\"1458\" data-is-last-node=\"\" data-is-only-node=\"\" data-start=\"881\">Perante a pol\u00e9mica, Sofia Sousa decidiu reagir e n\u00e3o deixou as cr\u00edticas sem resposta. Numa das caixas de coment\u00e1rios, a ex-concorrente foi direta: \u00abJesus. Est\u00e1 chato isso. Sou alguma demente para ficar a postar algo para IA? Gente.\u00bb.<\/p>\n<p data-end=\"1458\" data-is-last-node=\"\" data-is-only-node=\"\" data-start=\"881\"><strong>Percorra a galeria de fotografias que prepar\u00e1mos para si e veja a galeria de fotografias\u00a0<\/strong><\/p>\n","protected":false},"excerpt":{"rendered":"Sofia Sousa j\u00e1 n\u00e3o esconde o amor que a une a Bruno Sousa e voltou a derreter os&hellip;\n","protected":false},"author":2,"featured_media":388779,"comment_status":"","ping_status":"","sticky":false,"template":"","format":"standard","meta":{"footnotes":"","_share_on_mastodon":"0"},"categories":[142],"tags":[18706,114,115,18705,32,33,20860,151,18704],"class_list":["post-388778","post","type-post","status-publish","format-standard","has-post-thumbnail","category-tv","tag-bastidores-secret-story","tag-entertainment","tag-entretenimento","tag-entrevistas-concorrentes-tvi","tag-portugal","tag-pt","tag-sofia-sousa","tag-tv","tag-vida-fora-da-casa"],"share_on_mastodon":{"url":"https:\/\/pubeurope.com\/@pt\/116607981546541777","error":""},"_links":{"self":[{"href":"https:\/\/www.europesays.com\/pt\/wp-json\/wp\/v2\/posts\/388778","targetHints":{"allow":["GET"]}}],"collection":[{"href":"https:\/\/www.europesays.com\/pt\/wp-json\/wp\/v2\/posts"}],"about":[{"href":"https:\/\/www.europesays.com\/pt\/wp-json\/wp\/v2\/types\/post"}],"author":[{"embeddable":true,"href":"https:\/\/www.europesays.com\/pt\/wp-json\/wp\/v2\/users\/2"}],"replies":[{"embeddable":true,"href":"https:\/\/www.europesays.com\/pt\/wp-json\/wp\/v2\/comments?post=388778"}],"version-history":[{"count":0,"href":"https:\/\/www.europesays.com\/pt\/wp-json\/wp\/v2\/posts\/388778\/revisions"}],"wp:featuredmedia":[{"embeddable":true,"href":"https:\/\/www.europesays.com\/pt\/wp-json\/wp\/v2\/media\/388779"}],"wp:attachment":[{"href":"https:\/\/www.europesays.com\/pt\/wp-json\/wp\/v2\/media?parent=388778"}],"wp:term":[{"taxonomy":"category","embeddable":true,"href":"https:\/\/www.europesays.com\/pt\/wp-json\/wp\/v2\/categories?post=388778"},{"taxonomy":"post_tag","embeddable":true,"href":"https:\/\/www.europesays.com\/pt\/wp-json\/wp\/v2\/tags?post=388778"}],"curies":[{"name":"wp","href":"https:\/\/api.w.org\/{rel}","templated":true}]}}