{"id":38881,"date":"2025-08-21T15:17:07","date_gmt":"2025-08-21T15:17:07","guid":{"rendered":"https:\/\/www.europesays.com\/pt\/38881\/"},"modified":"2025-08-21T15:17:07","modified_gmt":"2025-08-21T15:17:07","slug":"navio-nuclear-russo-regressa-ao-mar-apos-quase-30-anos","status":"publish","type":"post","link":"https:\/\/www.europesays.com\/pt\/38881\/","title":{"rendered":"navio nuclear russo regressa ao mar ap\u00f3s quase 30 anos"},"content":{"rendered":"<p>O navio pesado movido a energia nuclear Almirante Nakhimov partiu para testes mar\u00edtimos, ap\u00f3s reparos e uma grande atualiza\u00e7\u00e3o. Constru\u00eddo em Leningrado, na R\u00fassia, em 1983 e lan\u00e7ado em 1986 com o nome Kalinin, o cruzador de m\u00edsseis foi rebatizado de Almirante Nakhimov em 1992, em homenagem ao almirante russo Pavel Nakhimov.<\/p>\n<p><a target=\"_blank\" href=\"https:\/\/pplware.sapo.pt\/wp-content\/uploads\/2025\/08\/almirante_nakhimov_navio_russia.jpg\" onclick=\"refreshIframe()\" class=\"foobox\" rel=\"nofollow noopener\"><img fetchpriority=\"high\" decoding=\"async\" src=\"https:\/\/www.europesays.com\/pt\/wp-content\/uploads\/2025\/08\/almirante_nakhimov_navio_russia-720x406.jpg\" alt=\"Almirante Nakhimov, navio nuclear russo\" width=\"720\" height=\"406\" class=\"aligncenter size-medium wp-image-1074540\"  \/><\/a>\n<\/p>\n<p>Segundo uma fonte da ind\u00fastria naval nacional \u00e0 ag\u00eancia de not\u00edcias estatal <a target=\"_blank\" href=\"https:\/\/tass.com\/defense\/2004077\" rel=\"nofollow noopener\">TASS<\/a>, &#8220;o cruzador de m\u00edsseis pesado a propuls\u00e3o nuclear Almirante Nakhimov partiu para o mar para testes mar\u00edtimos dos construtores navais&#8221;.<\/p>\n<p>Este regresso para testes mar\u00edtimos, pela primeira vez, desde h\u00e1 quase tr\u00eas d\u00e9cadas, representa um marco importante num dos projetos de moderniza\u00e7\u00e3o de navios de guerra mais longos e ambiciosos do pa\u00eds.<\/p>\n<p>Afinal, o cruzador de m\u00edsseis pesado a propuls\u00e3o nuclear Almirante Nakhimov est\u00e1 em repara\u00e7\u00e3o desde 1999, com o trabalho real no navio de guerra a ser realizado desde 2013.<\/p>\n<blockquote class=\"tw-align-center twitter-tweet\">\n<p lang=\"en\" dir=\"ltr\">Today, the Project 11442M Kirov-class heavy nuclear-powered missile cruiser Admiral Nakhimov after repair and modernization went to sea for factory sea trials.<br \/>\n\ud83d\udcf8\ud83c\udfa5Alekseeva\/Aristova<a target=\"_blank\" href=\"https:\/\/t.co\/WS9nujMe60\" rel=\"nofollow\">https:\/\/t.co\/WS9nujMe60<\/a> <a target=\"_blank\" href=\"https:\/\/t.co\/7j9PqKKvIe\" rel=\"nofollow\">pic.twitter.com\/7j9PqKKvIe<\/a><\/p>\n<p>\u2014 Massimo Frantarelli (@MrFrantarelli) <a target=\"_blank\" href=\"https:\/\/twitter.com\/MrFrantarelli\/status\/1957492910125117448?ref_src=twsrc%5Etfw\" rel=\"nofollow noopener\">August 18, 2025<\/a><\/p>\n<\/blockquote>\n<p>R\u00fassia reativou navio nuclear da Guerra Fria<\/p>\n<p>Constru\u00eddo em Leningrado, na R\u00fassia, em 1983 e lan\u00e7ado em 1986 como Kalinin, o navio foi renomeado Almirante Nakhimov em 1992, em homenagem ao almirante russo Pavel Nakhimov.<\/p>\n<p>Em 1988, juntou-se \u00e0 Frota do Norte, mas permaneceu em doca seca no estaleiro Sevmash, em Severodvinsk, desde a sua \u00faltima viagem, em 1997.<\/p>\n<p>O navio de guerra de 28.000 toneladas, da classe Kirov da era sovi\u00e9tica, conhecido na R\u00fassia como Projeto 1144.2 Orlan, come\u00e7ou os testes mar\u00edtimos de f\u00e1brica, esta semana, no Mar Branco, prevendo-se que estes continuem no Mar de Barents durante v\u00e1rios meses.<\/p>\n<p>Citando funcion\u00e1rios da constru\u00e7\u00e3o naval, a TASS informou que os dois reatores nucleares do navio foram reiniciados no in\u00edcio deste ano, e que o navio est\u00e1, agora, a mover-se com a sua pr\u00f3pria energia.<\/p>\n<p>\t\t\t\t\t\t<script async src=\"https:\/\/platform.twitter.com\/widgets.js\" charset=\"utf-8\"><\/script><\/p>\n","protected":false},"excerpt":{"rendered":"O navio pesado movido a energia nuclear Almirante Nakhimov partiu para testes mar\u00edtimos, ap\u00f3s reparos e uma grande&hellip;\n","protected":false},"author":2,"featured_media":38882,"comment_status":"","ping_status":"","sticky":false,"template":"","format":"standard","meta":{"footnotes":""},"categories":[50],"tags":[27,28,15,16,14,25,26,21,22,62,4489,12,13,19,20,6165,23,24,839,17,18,29,30,31,63,64,65],"class_list":{"0":"post-38881","1":"post","2":"type-post","3":"status-publish","4":"format-standard","5":"has-post-thumbnail","7":"category-mundo","8":"tag-breaking-news","9":"tag-breakingnews","10":"tag-featured-news","11":"tag-featurednews","12":"tag-headlines","13":"tag-latest-news","14":"tag-latestnews","15":"tag-main-news","16":"tag-mainnews","17":"tag-mundo","18":"tag-navio","19":"tag-news","20":"tag-noticias","21":"tag-noticias-principais","22":"tag-noticiasprincipais","23":"tag-nuclear","24":"tag-principais-noticias","25":"tag-principaisnoticias","26":"tag-russia","27":"tag-top-stories","28":"tag-topstories","29":"tag-ultimas","30":"tag-ultimas-noticias","31":"tag-ultimasnoticias","32":"tag-world","33":"tag-world-news","34":"tag-worldnews"},"share_on_mastodon":{"url":"","error":""},"_links":{"self":[{"href":"https:\/\/www.europesays.com\/pt\/wp-json\/wp\/v2\/posts\/38881","targetHints":{"allow":["GET"]}}],"collection":[{"href":"https:\/\/www.europesays.com\/pt\/wp-json\/wp\/v2\/posts"}],"about":[{"href":"https:\/\/www.europesays.com\/pt\/wp-json\/wp\/v2\/types\/post"}],"author":[{"embeddable":true,"href":"https:\/\/www.europesays.com\/pt\/wp-json\/wp\/v2\/users\/2"}],"replies":[{"embeddable":true,"href":"https:\/\/www.europesays.com\/pt\/wp-json\/wp\/v2\/comments?post=38881"}],"version-history":[{"count":0,"href":"https:\/\/www.europesays.com\/pt\/wp-json\/wp\/v2\/posts\/38881\/revisions"}],"wp:featuredmedia":[{"embeddable":true,"href":"https:\/\/www.europesays.com\/pt\/wp-json\/wp\/v2\/media\/38882"}],"wp:attachment":[{"href":"https:\/\/www.europesays.com\/pt\/wp-json\/wp\/v2\/media?parent=38881"}],"wp:term":[{"taxonomy":"category","embeddable":true,"href":"https:\/\/www.europesays.com\/pt\/wp-json\/wp\/v2\/categories?post=38881"},{"taxonomy":"post_tag","embeddable":true,"href":"https:\/\/www.europesays.com\/pt\/wp-json\/wp\/v2\/tags?post=38881"}],"curies":[{"name":"wp","href":"https:\/\/api.w.org\/{rel}","templated":true}]}}