{"id":388817,"date":"2026-05-20T17:34:21","date_gmt":"2026-05-20T17:34:21","guid":{"rendered":"https:\/\/www.europesays.com\/pt\/388817\/"},"modified":"2026-05-20T17:34:21","modified_gmt":"2026-05-20T17:34:21","slug":"inki-a-nova-loja-de-k-pop-da-cidade-abriu-em-moscavide","status":"publish","type":"post","link":"https:\/\/www.europesays.com\/pt\/388817\/","title":{"rendered":"Inki, a nova loja de k-pop da cidade abriu em Moscavide"},"content":{"rendered":"<p>Cl\u00e1udia Rom\u00e3o e Bruna Reis s\u00e3o f\u00e3s de k-pop desde a adolesc\u00eancia. Agora, s\u00e3o tamb\u00e9m propriet\u00e1rias da Inki, uma loja em Moscavide dedicada ao g\u00e9nero musical que, apesar de ser de nicho, tem ganhado cada vez mais popularidade em Portugal, incluindo entre faixas et\u00e1rias mais novas. O filme da Netflix Guerreiras do K-Pop tem ajudado, mas Bruna garante que tamb\u00e9m j\u00e1 h\u00e1 muitos mi\u00fados a \u201couvir mesmo as bandas\u201d, como os girls group sul-coreanos Illit e BabyMonster.<\/p>\n<p>\u201cEstive na faculdade em v\u00e1rios cursos \u2013 desde Estudos Asi\u00e1ticos at\u00e9 L\u00ednguas, Literaturas e Culturas \u2013, mas nunca terminei nenhum e o que tem sido constante \u00e9 o gosto que tanto eu como a Cl\u00e1udia temos pelo k-pop\u201d, revela-nos Bruna, que tem 30 anos e \u00e9 f\u00e3 do g\u00e9nero musical desde 2009. \u201cEu conhe\u00e7o a Cl\u00e1udia desde 2012 e a ideia n\u00e3o nasceu logo, mas desta necessidade que tem vindo a crescer \u00e0 medida que o tempo passa.\u201d<\/p>\n<p>Quando Bruna era adolescente, os f\u00e3s portugueses de k-pop eram apenas \u201cuma aldeia em que toda a gente se conhecia\u201d. Agora j\u00e1 n\u00e3o \u00e9 bem assim. H\u00e1 cada vez mais pessoas a fazer parte da comunidade \u2013 recentemente, at\u00e9 Marcelo Rebelo de Sousa foi visto por entre a multid\u00e3o, na estreia das Twice em Portugal, na Meo Arena. Mas, infelizmente, ainda \u00e9 raro haver concertos de artistas e bandas de k-pop no pa\u00eds. Muitas vezes \u00e9 preciso viajar para fora.<\/p>\n<p><img decoding=\"async\" id=\"012096e9-33f2-61ae-c92e-88934bd60df5\" class=\"photo lazy inline\" loading=\"lazy\" data-component=\"lazy-embed\" src=\"https:\/\/www.europesays.com\/pt\/wp-content\/uploads\/2026\/05\/1779298460_581_image.webp\" alt=\"Inki K-Pop Store em Moscavide\" data-caption=\"Bruna Reis da Inki K-Pop Store em Moscavide\" data-credit=\"Rita Chantre\" data-width-class=\"\" data-image-id=\"106406089\"\/>&#13;<br \/>\nRita ChantreBruna Reis da Inki K-Pop Store em Moscavide&#13;<\/p>\n<p>A ideia para a Inki, cujo nome significa \u201cpopularidade\u201d em coreano, surgiu de uma conversa casual. \u201cFoi no Ver\u00e3o passado, est\u00e1vamos a falar e eu virei-me e disse \u2018gostava de abrir uma loja de k-pop\u2019 \u2013 e ela, \u2018eu tamb\u00e9m j\u00e1 tive essa ideia\u2019. Ent\u00e3o come\u00e7\u00e1mos a fazer contas at\u00e9 chegarmos ao dia de hoje\u201d, revela Bruna. \u201cQuer\u00edamos um espa\u00e7o acess\u00edvel dentro da cidade e perto do local onde h\u00e1 mais encontros em torno do k-pop, que \u00e9 sempre no Oriente, na Linha Vermelha.\u201d<\/p>\n<p>Al\u00e9m de venderem discos (a partir de 14,99\u20ac), incluindo edi\u00e7\u00f5es especiais, com inclus\u00f5es valiosas, ou v\u00e1rias vers\u00f5es de um mesmo \u00e1lbum, a pensar nos f\u00e3s coleccionadores, Bruna e Cl\u00e1udia tamb\u00e9m apostam nos bast\u00f5es de luz, que s\u00e3o levados para os concertos, e nos photocards (desde 2\u20ac), pequenos cart\u00f5es coleccion\u00e1veis com fotos dos idols, como s\u00e3o conhecidos os artistas, e peluches inspirados nas mascotes oficiais dos grupos.<\/p>\n<p><img decoding=\"async\" id=\"2c2e631a-6933-fc2b-7f12-a65bc7a7a0b3\" class=\"photo lazy inline\" loading=\"lazy\" data-component=\"lazy-embed\" src=\"https:\/\/www.europesays.com\/pt\/wp-content\/uploads\/2026\/05\/1779298461_942_image.webp\" alt=\"Inki K-Pop Store em Moscavide\" data-caption=\"Inki K-Pop Store em Moscavide\" data-credit=\"Rita Chantre\" data-width-class=\"\" data-image-id=\"106406087\"\/>&#13;<br \/>\nRita ChantreInki K-Pop Store em Moscavide&#13;<\/p>\n<p>O top de nomes mais procurados inclui Stray Kids, BTS e Ateez, mas tamb\u00e9m vendem muito The Boyz, Red Velvet, Blackpink, Le Sserafim, Katseye, NCT, Enhypen e, claro, BabyMonster e Illit. Os discos dispon\u00edveis v\u00e3o rodando, at\u00e9 porque \u00e0s vezes esgotam r\u00e1pido e as importa\u00e7\u00f5es ainda demoram a chegar. Para trazer o m\u00e1ximo de novidades poss\u00edvel, a dupla de amigas mant\u00e9m uma rela\u00e7\u00e3o com a Ag\u00eancia Governamental Sul-Coreana de Com\u00e9rcio e Investimento.<\/p>\n<p>H\u00e1 ainda uma photobooth e produtos n\u00e3o oficiais, como porta-chaves, micas com compartimentos para cart\u00f5es e at\u00e9 produtos alimentares, como noodles instant\u00e2neos, que pode comprar ou comer no local. Sim, o lounge n\u00e3o serve s\u00f3 para fazer unboxings, embora tenha sido pensado para esse \u201cmomento de partilha\u201d. \u201cIncentivamos porque \u00e9 de partilha que se faz o k-pop. Partilhei sempre dan\u00e7a com os meus amigos e, quando mand\u00e1vamos vir os \u00e1lbuns, at\u00e9 partilh\u00e1vamos uns com os outros as inclus\u00f5es.\u201d<\/p>\n<p><img decoding=\"async\" id=\"65732a1d-a5e8-33d5-0858-898d7fba36c0\" class=\"photo lazy inline\" loading=\"lazy\" data-component=\"lazy-embed\" src=\"https:\/\/www.europesays.com\/pt\/wp-content\/uploads\/2026\/05\/1779298461_248_image.webp\" alt=\"Inki K-Pop Store em Moscavide\" data-caption=\"Inki K-Pop Store em Moscavide\" data-credit=\"Rita Chantre\" data-width-class=\"\" data-image-id=\"106406090\"\/>&#13;<br \/>\nRita ChantreInki K-Pop Store em Moscavide&#13;<\/p>\n<p>Mas como \u00e9 que esta paix\u00e3o come\u00e7ou? Bruna revela: \u201cUm dia ouvi uma colabora\u00e7\u00e3o das 2NE1 com os Big Bang, e foi assim que entrei no g\u00e9nero musical. Depois comecei a copiar coreografias e a dan\u00e7ar tamb\u00e9m. Cheguei a ter um grupo de k-pop que durou mais de uma d\u00e9cada.\u201d Agora j\u00e1 n\u00e3o tem muito tempo, entre viajar para concertos e a gest\u00e3o da Inki, que entretanto tamb\u00e9m j\u00e1 come\u00e7ou a acolher eventos focados em v\u00e1rios artistas.<\/p>\n<p>Rua Artur Ferreira da Silva, 31 (Moscavide). Qua-Dom 11.00-20.00<\/p>\n<p><strong>\ud83d\udcf2 Siga-nos nas redes sociais: <\/strong><a href=\"https:\/\/whatsapp.com\/channel\/0029VaImNsW6LwHeF5LgS52C\" rel=\"nofollow noopener\" target=\"_blank\"><strong>Whatsapp<\/strong><\/a><strong>, <\/strong><a href=\"https:\/\/www.instagram.com\/timeoutlisboa\/\" rel=\"nofollow noopener\" target=\"_blank\"><strong>Instagram<\/strong><\/a><strong>, <\/strong><a href=\"https:\/\/www.facebook.com\/TimeOutLisboa\" rel=\"nofollow noopener\" target=\"_blank\"><strong>Facebook<\/strong><\/a><strong> e <\/strong><a href=\"https:\/\/www.linkedin.com\/company\/time-out-portugal\/\" rel=\"nofollow noopener\" target=\"_blank\"><strong>LinkedIn<\/strong><\/a><\/p>\n<p><script async src=\"\/\/www.instagram.com\/embed.js\"><\/script><\/p>\n","protected":false},"excerpt":{"rendered":"Cl\u00e1udia Rom\u00e3o e Bruna Reis s\u00e3o f\u00e3s de k-pop desde a adolesc\u00eancia. Agora, s\u00e3o tamb\u00e9m propriet\u00e1rias da Inki,&hellip;\n","protected":false},"author":2,"featured_media":388818,"comment_status":"","ping_status":"","sticky":false,"template":"","format":"standard","meta":{"footnotes":"","_share_on_mastodon":"0"},"categories":[85],"tags":[7348,3969,114,115,7349,32,33],"class_list":["post-388817","post","type-post","status-publish","format-standard","has-post-thumbnail","category-entretenimento","tag-categorias-compras","tag-compras","tag-entertainment","tag-entretenimento","tag-noticias-compras-e-estilo-de-vida","tag-portugal","tag-pt"],"share_on_mastodon":{"url":"https:\/\/pubeurope.com\/@pt\/116608111353105780","error":""},"_links":{"self":[{"href":"https:\/\/www.europesays.com\/pt\/wp-json\/wp\/v2\/posts\/388817","targetHints":{"allow":["GET"]}}],"collection":[{"href":"https:\/\/www.europesays.com\/pt\/wp-json\/wp\/v2\/posts"}],"about":[{"href":"https:\/\/www.europesays.com\/pt\/wp-json\/wp\/v2\/types\/post"}],"author":[{"embeddable":true,"href":"https:\/\/www.europesays.com\/pt\/wp-json\/wp\/v2\/users\/2"}],"replies":[{"embeddable":true,"href":"https:\/\/www.europesays.com\/pt\/wp-json\/wp\/v2\/comments?post=388817"}],"version-history":[{"count":0,"href":"https:\/\/www.europesays.com\/pt\/wp-json\/wp\/v2\/posts\/388817\/revisions"}],"wp:featuredmedia":[{"embeddable":true,"href":"https:\/\/www.europesays.com\/pt\/wp-json\/wp\/v2\/media\/388818"}],"wp:attachment":[{"href":"https:\/\/www.europesays.com\/pt\/wp-json\/wp\/v2\/media?parent=388817"}],"wp:term":[{"taxonomy":"category","embeddable":true,"href":"https:\/\/www.europesays.com\/pt\/wp-json\/wp\/v2\/categories?post=388817"},{"taxonomy":"post_tag","embeddable":true,"href":"https:\/\/www.europesays.com\/pt\/wp-json\/wp\/v2\/tags?post=388817"}],"curies":[{"name":"wp","href":"https:\/\/api.w.org\/{rel}","templated":true}]}}