{"id":388926,"date":"2026-05-20T19:09:16","date_gmt":"2026-05-20T19:09:16","guid":{"rendered":"https:\/\/www.europesays.com\/pt\/388926\/"},"modified":"2026-05-20T19:09:16","modified_gmt":"2026-05-20T19:09:16","slug":"elisabete-ja-tinha-avisado-rui-pedro-de-que-nao-iam-ficar-juntos-apos-o-casados-a-primeira-vista-o-que-a-fez-perder-o-interesse-no-marido-e-as-conversas-nos-bastidores-estrelas","status":"publish","type":"post","link":"https:\/\/www.europesays.com\/pt\/388926\/","title":{"rendered":"Elisabete j\u00e1 tinha avisado Rui Pedro de que n\u00e3o iam ficar juntos ap\u00f3s o Casados \u00e0 Primeira Vista: o que a fez perder o interesse no marido e as conversas nos bastidores &#8211; Estrelas"},"content":{"rendered":"<p>Depois de um in\u00edcio auspicioso da lua de mel, a rela\u00e7\u00e3o entre Elisabete e Rui Pedro no &#8216;Casados \u00e0 Primeira Vista&#8217; acabou por levar uma volta negativa e a liga\u00e7\u00e3o dos dois come\u00e7ou a esfriar ainda durante o per\u00edodo que passaram em Cabo Verde.<\/p>\n<p>A t\u00e9cnica de beleza e bem-estar relatou nesta quarta-feira, 20 de maio, no programa &#8216;J\u00falia&#8217;, as atitudes do marido que a fizeram tornar-se reticente em fazer a rela\u00e7\u00e3o evoluir para um romance. <b>&#8220;Foram duas conversas que me fizeram ficar um bocado a pensar mais em vez de tomar o passo&#8221;<\/b>, come\u00e7ou por explicar.<\/p>\n<p><b>&#8220;A primeira foi uma conversa em que est\u00e1vamos os dois a passear, eu estava a gostar muito de o conhecer, n\u00e3o est\u00e1vamos a ser gravados. Digo-lhe que estava a gostar da experi\u00eancia e que a equipa que nos estava a acompanhar era fant\u00e1stica, que me estava a sentir muito feliz e que se a experi\u00eancia tivesse de acabar por algum motivo, nunca me iria arrepender&#8221;<\/b>, descreveu.<\/p>\n<p>        &#13;<\/p>\n<p>                        &#13;<br \/>\n                            <img decoding=\"async\" src=\"https:\/\/www.europesays.com\/pt\/wp-content\/uploads\/2026\/05\/img_220x220uu2026-05-18-12-34-18-410405-im-639147936254103359.jpg\" class=\"img_fluid\" loading=\"lazy\" alt=\"\"\/>&#13;<\/p>\n<p class=\"title\">Ler tamb\u00e9m<\/p>\n<p>                    <a href=\"https:\/\/www.tvguia.pt\/estrelas\/detalhe\/guerra-continua-elisabete-responde-a-veronica-apos-conflito-no-casados-a-primeira-vista-e-manda-bicada-a-rival\" class=\"streched_link\" title=\"\" content_list_position=\"1\" rel=\"nofollow noopener\" target=\"_blank\">Guerra continua! Elisabete responde a Ver\u00f3nica ap\u00f3s conflito no Casados \u00e0 Primeira Vista e manda bicada \u00e0 rival <\/a><\/p>\n<p>            &#13;<\/p>\n<p>A rea\u00e7\u00e3o de Rui acabou por deixar Elisabete insatisfeita.<b> &#8220;Ele interpretou aquilo de uma forma que me assustou bastante, ele falou de uma forma assustadora. Ele interpretou que s\u00f3 ia ali passar tr\u00eas ou quatro dias e estava bom. Eu avisei que n\u00e3o estava a dizer isso&#8221;<\/b>, lamentou, acrescentando: <b>&#8220;Disse: &#8216;N\u00e3o nos vamos entender, porque n\u00e3o est\u00e1s a entender o que quero dizer. Vou pedir ajuda aos especialistas para ser outra pessoa a explicar o que te estou a querer dizer, porque n\u00e3o consigo ser mais clara.'&#8221;<\/b><\/p>\n<p><b>&#8220;Ele estava t\u00e3o deslumbrado com o que estava a acontecer e achou que esse coment\u00e1rio significa que n\u00e3o estava a dar a mesma import\u00e2ncia. Tentei explicar v\u00e1rias vezes e ele disse uma coisa que me magoou bastante, que eu era uma coisa \u00e0 frente das c\u00e2maras e outra atr\u00e1s&#8221;<\/b>, frisou.<\/p>\n<p>        &#13;<\/p>\n<p>                        &#13;<br \/>\n                            <img decoding=\"async\" src=\"https:\/\/www.europesays.com\/pt\/wp-content\/uploads\/2026\/05\/img_220x220uu2026-05-18-03-05-24-410392-im-639147864034839097.jpg\" class=\"img_fluid\" loading=\"lazy\" alt=\"\"\/>&#13;<\/p>\n<p class=\"title\">Ler tamb\u00e9m<\/p>\n<p>                    <a href=\"https:\/\/www.tvguia.pt\/estrelas\/detalhe\/quer-as-coisas-muito-devagar-rui-pedro-queixa-se-da-falta-de-intimidade-com-elisabete-no-casados-a-primeira-vista-e-atira-se-a-mulher\" class=\"streched_link\" title=\"\" content_list_position=\"2\" rel=\"nofollow noopener\" target=\"_blank\">\u201cQuer as coisas muito devagar\u201d: Rui Pedro queixa-se da falta de intimidade com Elisabete no Casados \u00e0 Primeira Vista e atira-se \u00e0 mulher <\/a><\/p>\n<p>            &#13;<\/p>\n<p>O segundo ponto de disc\u00f3rdia tratou-se da contesta\u00e7\u00e3o de Rui em rela\u00e7\u00e3o \u00e0 roupa envergada por Elisabete:<b> &#8220;Na lua de mel n\u00e3o houve nenhum coment\u00e1rio sobre a roupa que me deixasse desconfort\u00e1vel. O que me deixou depois foi, ainda nos conhec\u00edamos s\u00f3 h\u00e1 sete dias, estava a vestir-me e perguntou: &#8216;Vais levar essa camisa, n\u00e3o achas um pouco transparente?'&#8221;<\/b><\/p>\n<p><b>&#8220;Respondi que n\u00e3o, que at\u00e9 gostava, e ele disse que achava transparente. Continuei a vestir-me e levei a camisa, porque se eu gostava ia levar. Novamente, ele tem um coment\u00e1rio: &#8216;Mas logo \u00e0 noite n\u00e3o vais levar essa camisa ao jantar, porque parece que te est\u00e1s a querer mostrar.&#8217; Isso para mim, ao fim de sete dias, foi um ponto&#8230; Tenho maturidade, sei o que quero ou n\u00e3o quero e fez-me recuar um bocado&#8221;<\/b>, agregou.<\/p>\n<p>        &#13;<\/p>\n<p>                        &#13;<br \/>\n                            <img decoding=\"async\" src=\"https:\/\/www.europesays.com\/pt\/wp-content\/uploads\/2026\/05\/img_220x220uu2026-05-11-02-23-00-409957.jpg\" class=\"img_fluid\" loading=\"lazy\" alt=\"\"\/>&#13;<\/p>\n<p class=\"title\">Ler tamb\u00e9m<\/p>\n<p>                    <a href=\"https:\/\/www.tvguia.pt\/estrelas\/detalhe\/veronica-atira-se-a-quem-a-critica-por-guerra-com-elisabete-no-casados-a-primeira-vista-e-rui-filipe-sai-em-defesa-da-mulher\" class=\"streched_link\" title=\"\" content_list_position=\"3\" rel=\"nofollow noopener\" target=\"_blank\">Ver\u00f3nica atira-se a quem a critica por guerra com Elisabete no Casados \u00e0 Primeira Vista e Rui Filipe sai em defesa da mulher<\/a><\/p>\n<p>            &#13;<\/p>\n<p>Mais tarde, questionada sobre o que potenciou o seu choro na mais recentemente emitida cerim\u00f3nia de compromisso, confidenciou:<b> &#8220;A minha l\u00e1grima foi de eu p\u00f4r &#8216;sair&#8217; e ficar a imagem do Rui que ele era s\u00f3 um homem possessivo. Na realidade, na altura, fui logo sincera com o Rui, e disse que n\u00e3o queria isto para rela\u00e7\u00e3o. Mas sempre gostei dele para amizade e como pessoa.&#8221;<\/b><\/p>\n<p>Por fim, esclareceu que o controlo que Rui Pedro tentava exercer n\u00e3o se coadunava com a sua ideia de companheiro, mas que isso n\u00e3o beliscava, a seu ver, a personalidade do c\u00f4njuge: <b>&#8220;Tenho o direito de escolher aquilo que quero para uma rela\u00e7\u00e3o, como a outra pessoas tem o direito de escolher o que quero. Para mim este tipo de atitudes e controlo na fase em que estou na minha vida n\u00e3o \u00e9 negoci\u00e1vel.&#8221;<\/b><\/p>\n<p>        &#13;<\/p>\n<p>                        &#13;<br \/>\n                            <img decoding=\"async\" src=\"https:\/\/www.europesays.com\/pt\/wp-content\/uploads\/2026\/05\/img_220x220uu2026-05-18-12-34-13-410404-im-639147045327405273.jpg\" class=\"img_fluid\" loading=\"lazy\" alt=\"\"\/>&#13;<\/p>\n<p class=\"title\">Ler tamb\u00e9m<\/p>\n<p>                    <a href=\"https:\/\/www.tvguia.pt\/estrelas\/detalhe\/veronica-cria-nova-guerra-no-casados-a-primeira-vista-e-ataca-elisabete-tudo-o-que-aconteceu-e-que-levou-ao-corte-de-relacoes-entre-as-duas\" class=\"streched_link\" title=\"\" content_list_position=\"4\" rel=\"nofollow noopener\" target=\"_blank\">Ver\u00f3nica cria nova guerra no Casados \u00e0 Primeira Vista e ataca Elisabete: tudo o que aconteceu e que levou ao corte de rela\u00e7\u00f5es entre as duas<\/a><\/p>\n<p>            &#13;<\/p>\n<p>            &#13;<br \/>\n                &#13;<br \/>\n&#13;<br \/>\n&#13;<br \/>\n    &#13;<br \/>\n&#13;<br \/>\n&#13;<\/p>\n","protected":false},"excerpt":{"rendered":"Depois de um in\u00edcio auspicioso da lua de mel, a rela\u00e7\u00e3o entre Elisabete e Rui Pedro no &#8216;Casados&hellip;\n","protected":false},"author":2,"featured_media":388927,"comment_status":"","ping_status":"","sticky":false,"template":"","format":"standard","meta":{"footnotes":"","_share_on_mastodon":"0"},"categories":[142],"tags":[2714,11368,114,115,2179,1649,1995,32,33,64573,151],"class_list":["post-388926","post","type-post","status-publish","format-standard","has-post-thumbnail","category-tv","tag-cabo-verde","tag-comentarios","tag-entertainment","tag-entretenimento","tag-lua","tag-lua-de-mel","tag-mel","tag-portugal","tag-pt","tag-rui-pedro-couto-ramalho","tag-tv"],"share_on_mastodon":{"url":"https:\/\/pubeurope.com\/@pt\/116608485089192662","error":""},"_links":{"self":[{"href":"https:\/\/www.europesays.com\/pt\/wp-json\/wp\/v2\/posts\/388926","targetHints":{"allow":["GET"]}}],"collection":[{"href":"https:\/\/www.europesays.com\/pt\/wp-json\/wp\/v2\/posts"}],"about":[{"href":"https:\/\/www.europesays.com\/pt\/wp-json\/wp\/v2\/types\/post"}],"author":[{"embeddable":true,"href":"https:\/\/www.europesays.com\/pt\/wp-json\/wp\/v2\/users\/2"}],"replies":[{"embeddable":true,"href":"https:\/\/www.europesays.com\/pt\/wp-json\/wp\/v2\/comments?post=388926"}],"version-history":[{"count":0,"href":"https:\/\/www.europesays.com\/pt\/wp-json\/wp\/v2\/posts\/388926\/revisions"}],"wp:featuredmedia":[{"embeddable":true,"href":"https:\/\/www.europesays.com\/pt\/wp-json\/wp\/v2\/media\/388927"}],"wp:attachment":[{"href":"https:\/\/www.europesays.com\/pt\/wp-json\/wp\/v2\/media?parent=388926"}],"wp:term":[{"taxonomy":"category","embeddable":true,"href":"https:\/\/www.europesays.com\/pt\/wp-json\/wp\/v2\/categories?post=388926"},{"taxonomy":"post_tag","embeddable":true,"href":"https:\/\/www.europesays.com\/pt\/wp-json\/wp\/v2\/tags?post=388926"}],"curies":[{"name":"wp","href":"https:\/\/api.w.org\/{rel}","templated":true}]}}