{"id":38923,"date":"2025-08-21T15:45:07","date_gmt":"2025-08-21T15:45:07","guid":{"rendered":"https:\/\/www.europesays.com\/pt\/38923\/"},"modified":"2025-08-21T15:45:07","modified_gmt":"2025-08-21T15:45:07","slug":"russia-acusada-de-torturas-sexuais-horriveis-na-ucrania","status":"publish","type":"post","link":"https:\/\/www.europesays.com\/pt\/38923\/","title":{"rendered":"R\u00fassia acusada de torturas sexuais &#8220;horr\u00edveis&#8221; na Ucr\u00e2nia"},"content":{"rendered":"<p>&#13;<br \/>\nEm todos os casos documentados foram administrados <b>choques el\u00e9tricos<\/b>\u00a0sucessivos, nomeadamente nos \u00f3rg\u00e3os genitais. <b>\u201cEsses civis foram espancados, agredidos, vendados e, em alguns casos, submetidos a simula\u00e7\u00f5es de afogamento e execu\u00e7\u00f5es simuladas\u201d<\/b>, especifica o comunicado dos especialistas da ONU.\u00a0Em causa est\u00e3o os relatos de dez ucranianos que foram v\u00edtimas de abusos \u201cnas regi\u00f5es ocupadas da Ucr\u00e2nia, nomeadamente Kherson, Kharkiv e Zaporizhia\u201d.&#13;\n<\/p>\n<p>&#13;<br \/>\nEstes especialistas s\u00e3o mandatados pelo Conselho de Direitos Humanos, mas <b>n\u00e3o falam em nome da ONU<\/b>.&#13;\n<\/p>\n<p>&#13;<br \/>\nNo entanto, n\u00e3o calam as den\u00fancias e Alice Jill Edwards assegura que \u201cestas acusa\u00e7\u00f5es distintas, que relatam as experi\u00eancias de quatro mulheres e seis homens, s\u00e3o verdadeiramente horr\u00edveis\u201d. <b>De acordo com a especialista australiana, estes dez casos s\u00e3o uma &#8220;pequena amostra&#8221;.<\/b>&#13;\n<\/p>\n<p>&#13;<br \/>\nAlice Jill Edwards e outros especialistas <b>solicitaram ao Kremlin \u201cinforma\u00e7\u00f5es adicionais<\/b> sobre as alega\u00e7\u00f5es espec\u00edficas, bem como sobre as medidas gerais tomadas para <b>prevenir a tortura e a viol\u00eancia sexual<\/b> perpetradas pelo pessoal militar russo e pelo pessoal auxiliar, bem como pelas autoridades dos servi\u00e7os secretos e prisionais\u201d.&#13;\n<\/p>\n<p>\u201cUma <b>regra b\u00e1sica do Direito Internacional<\/b> da guerra estipula que os <b>civis devem ser protegidos<\/b>. A <b>R\u00fassia<\/b> parece ter<b> abandonado<\/b> totalmente as r<b>egras internacionais<\/b>. \u00c9 mais do que tempo de <b>prestar contas<\/b> por estas pr\u00e1ticas ilegais e de todos os Estados com influ\u00eancia aumentarem a press\u00e3o\u201d sobre Moscovo insistiu a especialista australiana.<\/p>\n","protected":false},"excerpt":{"rendered":"&#13; Em todos os casos documentados foram administrados choques el\u00e9tricos\u00a0sucessivos, nomeadamente nos \u00f3rg\u00e3os genitais. \u201cEsses civis foram espancados,&hellip;\n","protected":false},"author":2,"featured_media":38924,"comment_status":"","ping_status":"","sticky":false,"template":"","format":"standard","meta":{"footnotes":""},"categories":[50],"tags":[11973,27,28,3026,15,16,830,14,25,26,21,22,62,12,13,19,20,910,23,24,839,10361,17,18,840,29,30,31,63,64,65],"class_list":{"0":"post-38923","1":"post","2":"type-post","3":"status-publish","4":"format-standard","5":"has-post-thumbnail","7":"category-mundo","8":"tag-abusos","9":"tag-breaking-news","10":"tag-breakingnews","11":"tag-direitos-humanos","12":"tag-featured-news","13":"tag-featurednews","14":"tag-guerra","15":"tag-headlines","16":"tag-latest-news","17":"tag-latestnews","18":"tag-main-news","19":"tag-mainnews","20":"tag-mundo","21":"tag-news","22":"tag-noticias","23":"tag-noticias-principais","24":"tag-noticiasprincipais","25":"tag-onu","26":"tag-principais-noticias","27":"tag-principaisnoticias","28":"tag-russia","29":"tag-sexuais","30":"tag-top-stories","31":"tag-topstories","32":"tag-ucrania","33":"tag-ultimas","34":"tag-ultimas-noticias","35":"tag-ultimasnoticias","36":"tag-world","37":"tag-world-news","38":"tag-worldnews"},"share_on_mastodon":{"url":"","error":""},"_links":{"self":[{"href":"https:\/\/www.europesays.com\/pt\/wp-json\/wp\/v2\/posts\/38923","targetHints":{"allow":["GET"]}}],"collection":[{"href":"https:\/\/www.europesays.com\/pt\/wp-json\/wp\/v2\/posts"}],"about":[{"href":"https:\/\/www.europesays.com\/pt\/wp-json\/wp\/v2\/types\/post"}],"author":[{"embeddable":true,"href":"https:\/\/www.europesays.com\/pt\/wp-json\/wp\/v2\/users\/2"}],"replies":[{"embeddable":true,"href":"https:\/\/www.europesays.com\/pt\/wp-json\/wp\/v2\/comments?post=38923"}],"version-history":[{"count":0,"href":"https:\/\/www.europesays.com\/pt\/wp-json\/wp\/v2\/posts\/38923\/revisions"}],"wp:featuredmedia":[{"embeddable":true,"href":"https:\/\/www.europesays.com\/pt\/wp-json\/wp\/v2\/media\/38924"}],"wp:attachment":[{"href":"https:\/\/www.europesays.com\/pt\/wp-json\/wp\/v2\/media?parent=38923"}],"wp:term":[{"taxonomy":"category","embeddable":true,"href":"https:\/\/www.europesays.com\/pt\/wp-json\/wp\/v2\/categories?post=38923"},{"taxonomy":"post_tag","embeddable":true,"href":"https:\/\/www.europesays.com\/pt\/wp-json\/wp\/v2\/tags?post=38923"}],"curies":[{"name":"wp","href":"https:\/\/api.w.org\/{rel}","templated":true}]}}