{"id":38956,"date":"2025-08-21T16:15:15","date_gmt":"2025-08-21T16:15:15","guid":{"rendered":"https:\/\/www.europesays.com\/pt\/38956\/"},"modified":"2025-08-21T16:15:15","modified_gmt":"2025-08-21T16:15:15","slug":"sonae-sierra-compra-gestora-alema-de-centros-comerciais-observador","status":"publish","type":"post","link":"https:\/\/www.europesays.com\/pt\/38956\/","title":{"rendered":"Sonae Sierra compra gestora alem\u00e3 de centros comerciais \u2013 Observador"},"content":{"rendered":"<p>O bra\u00e7o imobili\u00e1rio do universo Sonae, a Sonae Sierra, chegou a acordo para adquirir a unidade alem\u00e3 da\u00a0Unibail-Rodamco-Westfield que gere centros comerciais para terceiros (URW REM). O valor do neg\u00f3cio n\u00e3o foi comunicado e a sua conclus\u00e3o fica dependente da aprova\u00e7\u00e3o por parte das autoridades de concorr\u00eancia.<\/p>\n<p>A URW REM gere <strong>12 centros comerciais,<\/strong> representando mais de 680 mil metros quadrados de \u00e1rea bruta loc\u00e1vel (ABL). Tem 175 trabalhadores e sede em D\u00fcsseldorf. Depois da aquisi\u00e7\u00e3o, a Sonae Sierra ficar\u00e1 com a gest\u00e3o de mais de 60 centros comerciais em toda a Europa.<\/p>\n<p>\u201cEsta aquisi\u00e7\u00e3o, quando conclu\u00edda, refor\u00e7a ainda mais o compromisso de longo prazo da Sonae Sierra com o setor dos centros comerciais, em particular com a gest\u00e3o para terceiros, uma das suas principais \u00e1reas de neg\u00f3cio\u201d, indica a empresa portuguesa em comunicado.<\/p>\n<p>A Sonae Sierra tem projetos em mais de 35 pa\u00edses, gerindo ativos com um valor de cerca de 7 mil milh\u00f5es de euros.<\/p>\n<p><strong>[Governo decide que \u00e9 preciso invadir a embaixada para p\u00f4r fim ao sequestro. \u00c9 chamada uma nova for\u00e7a de elite: o Grupo de Opera\u00e7\u00f5es Especiais.\u00a0<a href=\"https:\/\/observador.pt\/programas\/1983-portugal-queima-roupa\/episodio-3-ataque-a-embaixada\/\" target=\"_blank\" rel=\"noopener ugc nofollow\">\u201c1983: Portugal \u00e0 Queima-Roupa\u201d<\/a>\u00a0\u00e9 a hist\u00f3ria do ano em que dois grupos terroristas internacionais atacaram em Portugal. Um comando paramilitar tomou de assalto uma embaixada em Lisboa e esta execu\u00e7\u00e3o sum\u00e1ria no Algarve abalou o M\u00e9dio Oriente. Ou\u00e7a\u00a0<a href=\"https:\/\/observador.pt\/programas\/1983-portugal-queima-roupa\/episodio-5-a-primeira-missao-da-superpolicia\/\" target=\"_blank\" rel=\"noopener ugc nofollow\">no site do Observador o quinto epis\u00f3dio<\/a>deste podcastplus narrado pela atriz Victoria Guerra, com banda sonora original dos Linda Martini. Tamb\u00e9m o pode escutar na\u00a0<a href=\"https:\/\/podcasts.apple.com\/pt\/podcast\/epis%C3%B3dio-5-a-primeira-miss%C3%A3o-da-superpol%C3%ADcia\/id1826483822?i=1000722560526\" target=\"_blank\" rel=\"noopener nofollow ugc\">Apple Podcasts<\/a>, no\u00a0<a href=\"https:\/\/open.spotify.com\/episode\/3vG3oujbA7GwswBnR4bwmP\" target=\"_blank\" rel=\"noopener nofollow ugc\">Spotify<\/a>\u00a0e no\u00a0<a href=\"https:\/\/music.youtube.com\/podcast\/u-iDBMt8hHY\" target=\"_blank\" rel=\"nofollow noopener ugc\">YoutubeMusic<\/a>. E ou\u00e7a o primeiro epis\u00f3dio\u00a0<a href=\"https:\/\/observador.pt\/programas\/1983-portugal-queima-roupa\/estreia-1983-portugal-a-queima-roupa-episodio-1-um-corpo-no-lobby-do-hotel\/\" target=\"_blank\" rel=\"noopener ugc nofollow\">aqui<\/a>, o segundo\u00a0<a href=\"https:\/\/observador.pt\/programas\/1983-portugal-queima-roupa\/episodio-2-o-terrorista-do-quarto-507\/\" target=\"_blank\" rel=\"noopener ugc nofollow\">aqui<\/a>, o terceiro\u00a0<a href=\"https:\/\/observador.pt\/programas\/1983-portugal-queima-roupa\/episodio-3-ataque-a-embaixada\/\" target=\"_blank\" rel=\"noopener ugc nofollow\">aqui<\/a>\u00a0e o quarto\u00a0<a href=\"https:\/\/observador.pt\/programas\/1983-portugal-queima-roupa\/episodio-4-o-primeiro-andar-explodiu\/\" target=\"_blank\" rel=\"noopener ugc nofollow\">aqui<\/a>]<\/strong><\/p>\n<p><a href=\"https:\/\/observador.pt\/programas\/1983-portugal-queima-roupa\/episodio-5-a-primeira-missao-da-superpolicia\/\" rel=\"ugc nofollow noopener\" target=\"_blank\"><\/p>\n<p>        <img src=\"https:\/\/www.europesays.com\/pt\/wp-content\/uploads\/2025\/08\/1755763869_259_1983-capa-com-playjpg.jpeg\" alt=\"\" loading=\"lazy\" decoding=\"async\" class=\"alignnone\" onload=\"this.parentElement.classList.remove('spinner')\" onerror=\"this.parentElement.classList.remove('spinner')\" width=\"770\" height=\"433\"\/>    <\/p>\n<p><\/a><\/p>\n","protected":false},"excerpt":{"rendered":"O bra\u00e7o imobili\u00e1rio do universo Sonae, a Sonae Sierra, chegou a acordo para adquirir a unidade alem\u00e3 da\u00a0Unibail-Rodamco-Westfield&hellip;\n","protected":false},"author":2,"featured_media":38957,"comment_status":"","ping_status":"","sticky":false,"template":"","format":"standard","meta":{"footnotes":""},"categories":[83],"tags":[88,11982,7233,476,89,90,4307,32,33,11981,11980],"class_list":{"0":"post-38956","1":"post","2":"type-post","3":"status-publish","4":"format-standard","5":"has-post-thumbnail","7":"category-empresas","8":"tag-business","9":"tag-centros-comerciais","10":"tag-comu00e9rcio","11":"tag-economia","12":"tag-economy","13":"tag-empresas","14":"tag-mercado-imobiliu00e1rio","15":"tag-portugal","16":"tag-pt","17":"tag-sonae","18":"tag-sonae-sierra"},"share_on_mastodon":{"url":"","error":""},"_links":{"self":[{"href":"https:\/\/www.europesays.com\/pt\/wp-json\/wp\/v2\/posts\/38956","targetHints":{"allow":["GET"]}}],"collection":[{"href":"https:\/\/www.europesays.com\/pt\/wp-json\/wp\/v2\/posts"}],"about":[{"href":"https:\/\/www.europesays.com\/pt\/wp-json\/wp\/v2\/types\/post"}],"author":[{"embeddable":true,"href":"https:\/\/www.europesays.com\/pt\/wp-json\/wp\/v2\/users\/2"}],"replies":[{"embeddable":true,"href":"https:\/\/www.europesays.com\/pt\/wp-json\/wp\/v2\/comments?post=38956"}],"version-history":[{"count":0,"href":"https:\/\/www.europesays.com\/pt\/wp-json\/wp\/v2\/posts\/38956\/revisions"}],"wp:featuredmedia":[{"embeddable":true,"href":"https:\/\/www.europesays.com\/pt\/wp-json\/wp\/v2\/media\/38957"}],"wp:attachment":[{"href":"https:\/\/www.europesays.com\/pt\/wp-json\/wp\/v2\/media?parent=38956"}],"wp:term":[{"taxonomy":"category","embeddable":true,"href":"https:\/\/www.europesays.com\/pt\/wp-json\/wp\/v2\/categories?post=38956"},{"taxonomy":"post_tag","embeddable":true,"href":"https:\/\/www.europesays.com\/pt\/wp-json\/wp\/v2\/tags?post=38956"}],"curies":[{"name":"wp","href":"https:\/\/api.w.org\/{rel}","templated":true}]}}