{"id":389630,"date":"2026-05-21T10:27:32","date_gmt":"2026-05-21T10:27:32","guid":{"rendered":"https:\/\/www.europesays.com\/pt\/389630\/"},"modified":"2026-05-21T10:27:32","modified_gmt":"2026-05-21T10:27:32","slug":"a-nova-loja-da-zara-em-gaia-que-e-diferente-do-que-esta-habituado","status":"publish","type":"post","link":"https:\/\/www.europesays.com\/pt\/389630\/","title":{"rendered":"A &#8220;nova&#8221; loja da Zara em Gaia que \u00e9 diferente do que est\u00e1 habituado"},"content":{"rendered":"<p>    \t\t\t\t<a href=\"https:\/\/www.europesays.com\/pt\/wp-content\/uploads\/2026\/05\/Design-sem-nome-2026-05-20T093221.430.png\" title=\"A \" nova=\"\" loja=\"\" da=\"\" zara=\"\" em=\"\" gaia=\"\" que=\"\" diferente=\"\" do=\"\" est=\"\" habituado=\"\" class=\"img-go-big\"><img decoding=\"async\" class=\"the-post-img\" src=\"https:\/\/www.europesays.com\/pt\/wp-content\/uploads\/2026\/05\/Design-sem-nome-2026-05-20T093221.430.png\" alt=\"A \" nova=\"\" loja=\"\" da=\"\" zara=\"\" em=\"\" gaia=\"\" que=\"\" diferente=\"\" do=\"\" est=\"\" habituado=\"\" width=\"727\" height=\"350\" loading=\"lazy\"\/><\/a><\/p>\n<p>A Zara reabriu a sua loja no GaiaShopping com um conceito totalmente renovado, apostando numa experi\u00eancia mais moderna, tecnol\u00f3gica e sustent\u00e1vel. O novo espa\u00e7o, situado no Piso 0 do centro comercial, incorpora v\u00e1rias solu\u00e7\u00f5es digitais e servi\u00e7os inovadores que aproximam a experi\u00eancia f\u00edsica do universo online.<\/p>\n<p>Entre as novidades est\u00e3o funcionalidades como consulta de stock em tempo real, recolha autom\u00e1tica de encomendas feitas online, devolu\u00e7\u00f5es em pontos automatizados e integra\u00e7\u00e3o com a plataforma Zara Pre-Owned, dedicada \u00e0 venda de pe\u00e7as em segunda m\u00e3o da marca. A loja passa tamb\u00e9m a disponibilizar pontos de reciclagem de embalagens e recolha de roupa usada.<\/p>\n<p>Com mais de 2.000 metros quadrados, o espa\u00e7o re\u00fane cole\u00e7\u00f5es de mulher, homem e crian\u00e7a, al\u00e9m de zonas espec\u00edficas para fragr\u00e2ncias e acess\u00f3rios da linha Shoes &amp; Bags. O projeto foi desenvolvido pelo Zara Architecture Studio e privilegia uma organiza\u00e7\u00e3o mais aberta e fluida, criando uma liga\u00e7\u00e3o natural entre as diferentes \u00e1reas da loja.<\/p>\n<p>A componente tecnol\u00f3gica assume um papel central, com solu\u00e7\u00f5es que tornam a experi\u00eancia de compra mais r\u00e1pida e intuitiva. Os clientes podem verificar a disponibilidade de artigos em tempo real, levantar encomendas online de forma automatizada e efetuar pagamentos assistidos em diferentes pontos da loja.<\/p>\n<p>PUBLICIDADE &#8211; CONTINUE A LEITURA A SEGUIR<\/p>\n<p>A renova\u00e7\u00e3o inclui ainda medidas focadas na efici\u00eancia energ\u00e9tica e sustentabilidade, alinhadas com os objetivos do Grupo Inditex. O espa\u00e7o conta com sistemas otimizados de climatiza\u00e7\u00e3o e ilumina\u00e7\u00e3o, bem como mecanismos de monitoriza\u00e7\u00e3o inteligente de consumos.<\/p>\n<p>No interior, a nova imagem da loja aposta numa est\u00e9tica contempor\u00e2nea e acolhedora, combinando materiais como madeira, texturas minerais e detalhes em a\u00e7o inoxid\u00e1vel. J\u00e1 a fachada curva e transparente cria uma liga\u00e7\u00e3o mais direta entre a loja e o movimento do centro comercial.<\/p>\n<p>A reabertura da Zara surge numa fase de transforma\u00e7\u00e3o mais ampla do GaiaShopping, que est\u00e1 atualmente a modernizar os seus espa\u00e7os comuns para refor\u00e7ar a experi\u00eancia dos visitantes. Tamb\u00e9m a Bershka, marca do mesmo grupo, abriu recentemente uma nova loja no centro comercial, com um conceito mais atual e contempor\u00e2neo.<\/p>\n<p>PUBLICIDADE &#8211; CONTINUE A LEITURA A SEGUIR<\/p>\n","protected":false},"excerpt":{"rendered":"A Zara reabriu a sua loja no GaiaShopping com um conceito totalmente renovado, apostando numa experi\u00eancia mais moderna,&hellip;\n","protected":false},"author":2,"featured_media":389631,"comment_status":"","ping_status":"","sticky":false,"template":"","format":"standard","meta":{"footnotes":"","_share_on_mastodon":"0"},"categories":[83],"tags":[88,89,90,9684,462,32,33,464,3480],"class_list":["post-389630","post","type-post","status-publish","format-standard","has-post-thumbnail","category-empresas","tag-business","tag-economy","tag-empresas","tag-gaia","tag-porto","tag-portugal","tag-pt","tag-viva-porto","tag-zara"],"share_on_mastodon":{"url":"https:\/\/pubeurope.com\/@pt\/116612094673606441","error":""},"_links":{"self":[{"href":"https:\/\/www.europesays.com\/pt\/wp-json\/wp\/v2\/posts\/389630","targetHints":{"allow":["GET"]}}],"collection":[{"href":"https:\/\/www.europesays.com\/pt\/wp-json\/wp\/v2\/posts"}],"about":[{"href":"https:\/\/www.europesays.com\/pt\/wp-json\/wp\/v2\/types\/post"}],"author":[{"embeddable":true,"href":"https:\/\/www.europesays.com\/pt\/wp-json\/wp\/v2\/users\/2"}],"replies":[{"embeddable":true,"href":"https:\/\/www.europesays.com\/pt\/wp-json\/wp\/v2\/comments?post=389630"}],"version-history":[{"count":0,"href":"https:\/\/www.europesays.com\/pt\/wp-json\/wp\/v2\/posts\/389630\/revisions"}],"wp:featuredmedia":[{"embeddable":true,"href":"https:\/\/www.europesays.com\/pt\/wp-json\/wp\/v2\/media\/389631"}],"wp:attachment":[{"href":"https:\/\/www.europesays.com\/pt\/wp-json\/wp\/v2\/media?parent=389630"}],"wp:term":[{"taxonomy":"category","embeddable":true,"href":"https:\/\/www.europesays.com\/pt\/wp-json\/wp\/v2\/categories?post=389630"},{"taxonomy":"post_tag","embeddable":true,"href":"https:\/\/www.europesays.com\/pt\/wp-json\/wp\/v2\/tags?post=389630"}],"curies":[{"name":"wp","href":"https:\/\/api.w.org\/{rel}","templated":true}]}}