{"id":390010,"date":"2026-05-21T16:48:21","date_gmt":"2026-05-21T16:48:21","guid":{"rendered":"https:\/\/www.europesays.com\/pt\/390010\/"},"modified":"2026-05-21T16:48:21","modified_gmt":"2026-05-21T16:48:21","slug":"faustao-curte-aniversario-do-filho-mais-novo-veja-video-da-comemoracao-em-familia","status":"publish","type":"post","link":"https:\/\/www.europesays.com\/pt\/390010\/","title":{"rendered":"Faust\u00e3o curte anivers\u00e1rio do filho mais novo; veja v\u00eddeo da comemora\u00e7\u00e3o em fam\u00edlia"},"content":{"rendered":"<p data-component-name=\"paragraph\" class=\"styles__ParagraphStyled-sc-6adecn-0 geGWDE theme-default  \">Ap\u00f3s um longo per\u00edodo longe dos holofotes, o apresentador <a href=\"https:\/\/www.estadao.com.br\/tudo-sobre\/fausto-silva\/\" target=\"_blank\" rel=\"nofollow noopener\" title=\"https:\/\/www.estadao.com.br\/tudo-sobre\/fausto-silva\/\"><strong>Fausto Silva<\/strong> <\/a>voltou a aparecer publicamente em um momento descontra\u00eddo ao lado da fam\u00edlia. Nesta quarta-feira, 20, o comunicador surgiu em registros compartilhados nas redes sociais durante a comemora\u00e7\u00e3o dos 18 anos de seu filho ca\u00e7ula, Rodrigo Silva.<\/p>\n<p data-component-name=\"paragraph\" class=\"styles__ParagraphStyled-sc-6adecn-0 geGWDE theme-default  \">O v\u00eddeo foi publicado por <a href=\"https:\/\/www.estadao.com.br\/tudo-sobre\/joao-silva\/\" target=\"_blank\" rel=\"nofollow noopener\" title=\"https:\/\/www.estadao.com.br\/tudo-sobre\/joao-silva\/\"><strong>Jo\u00e3o Silva<\/strong><\/a>, filho do meio de Faust\u00e3o, e rapidamente chamou aten\u00e7\u00e3o dos f\u00e3s pela rara apari\u00e7\u00e3o do apresentador. Na grava\u00e7\u00e3o, o veterano aparece animado ap\u00f3s o Parab\u00e9ns, incentivando a fam\u00edlia a cantar o tradicional \u201cCom quem ser\u00e1?\u201d para o aniversariante, arrancando risadas de todos os presentes.<\/p>\n<p>Leia tamb\u00e9m <\/p>\n<p>Brincadeira arrancou risadas da fam\u00edlia<\/p>\n<p>No momento compartilhado nos stories de Jo\u00e3o Silva, Faust\u00e3o entra na brincadeira ao perguntar: \u201cCom quem ser\u00e1 que o Rodrigo vai casar?\u201d. Logo depois, Jo\u00e3o tamb\u00e9m participa da descontra\u00e7\u00e3o e brinca diretamente com o irm\u00e3o ca\u00e7ula: \u201cPretendentes, mandem um al\u00f4!\u201d, enquanto filma Rodrigo.<\/p>\n<p>A celebra\u00e7\u00e3o aconteceu de forma \u00edntima e reuniu familiares pr\u00f3ximos. Al\u00e9m de Jo\u00e3o e Rodrigo, tamb\u00e9m apareceu nas imagens Lara Silva, filha mais velha de Faust\u00e3o. A cantora \u00e9 fruto do antigo relacionamento do apresentador com a artista pl\u00e1stica Magda Colares.<\/p>\n<p>Homenagens emocionaram nas redes sociais<\/p>\n<p data-component-name=\"paragraph\" class=\"styles__ParagraphStyled-sc-6adecn-0 geGWDE theme-default  \">A chegada da maioridade de Rodrigo tamb\u00e9m foi marcada por homenagens carinhosas feitas pela m\u00e3e, Luciana Cardoso, e pelo irm\u00e3o Jo\u00e3o Silva.<\/p>\n<p data-component-name=\"paragraph\" class=\"styles__ParagraphStyled-sc-6adecn-0 geGWDE theme-default  \">Em publica\u00e7\u00e3o nas redes sociais, Luciana celebrou a data com uma mensagem emocionante ao filho. \u201cParab\u00e9ns, meu amor! 18 anos de sua chegada em nossas vidas. Muito orgulho de voc\u00ea. Continue sendo esse cara maravilhoso, gentil, justo e amoroso. Que sua vida seja aben\u00e7oada e feliz\u201d, escreveu.<\/p>\n<p data-component-name=\"paragraph\" class=\"styles__ParagraphStyled-sc-6adecn-0 geGWDE theme-default  \">Jo\u00e3o Silva tamb\u00e9m compartilhou uma declara\u00e7\u00e3o afetuosa ao irm\u00e3o ca\u00e7ula. \u201cVinte de maio de 2008 ganhei meu grande parceiro de vida! O quanto eu te amo n\u00e3o est\u00e1 escrito\u201d, publicou o apresentador ao mostrar uma foto antiga dos dois juntos.<\/p>\n<p>Faust\u00e3o segue afastado da televis\u00e3o<\/p>\n<p data-component-name=\"paragraph\" class=\"styles__ParagraphStyled-sc-6adecn-0 geGWDE theme-default  \">Nos \u00faltimos anos, Faust\u00e3o tem mantido uma vida mais reservada, especialmente ap\u00f3s enfrentar uma s\u00e9rie de problemas de sa\u00fade. O apresentador est\u00e1 afastado da televis\u00e3o desde 2023 e reduziu drasticamente suas apari\u00e7\u00f5es p\u00fablicas e nas redes sociais.<\/p>\n<p data-component-name=\"paragraph\" class=\"styles__ParagraphStyled-sc-6adecn-0 geGWDE theme-default  \">O comunicador passou por transplantes e procedimentos m\u00e9dicos complexos nos \u00faltimos anos, incluindo um transplante de cora\u00e7\u00e3o em 2023 e um transplante renal em 2024. Desde ent\u00e3o, tem priorizado a recupera\u00e7\u00e3o e a conviv\u00eancia com a fam\u00edlia longe da rotina intensa da televis\u00e3o brasileira.<\/p>\n","protected":false},"excerpt":{"rendered":"Ap\u00f3s um longo per\u00edodo longe dos holofotes, o apresentador Fausto Silva voltou a aparecer publicamente em um momento&hellip;\n","protected":false},"author":2,"featured_media":390011,"comment_status":"","ping_status":"","sticky":false,"template":"","format":"standard","meta":{"footnotes":"","_share_on_mastodon":"0"},"categories":[145],"tags":[211,210,114,115,6456,32,33,1711],"class_list":["post-390010","post","type-post","status-publish","format-standard","has-post-thumbnail","category-celebridades","tag-celebridades","tag-celebrities","tag-entertainment","tag-entretenimento","tag-faustao","tag-portugal","tag-pt","tag-sample"],"share_on_mastodon":{"url":"https:\/\/pubeurope.com\/@pt\/116613592333286121","error":""},"_links":{"self":[{"href":"https:\/\/www.europesays.com\/pt\/wp-json\/wp\/v2\/posts\/390010","targetHints":{"allow":["GET"]}}],"collection":[{"href":"https:\/\/www.europesays.com\/pt\/wp-json\/wp\/v2\/posts"}],"about":[{"href":"https:\/\/www.europesays.com\/pt\/wp-json\/wp\/v2\/types\/post"}],"author":[{"embeddable":true,"href":"https:\/\/www.europesays.com\/pt\/wp-json\/wp\/v2\/users\/2"}],"replies":[{"embeddable":true,"href":"https:\/\/www.europesays.com\/pt\/wp-json\/wp\/v2\/comments?post=390010"}],"version-history":[{"count":0,"href":"https:\/\/www.europesays.com\/pt\/wp-json\/wp\/v2\/posts\/390010\/revisions"}],"wp:featuredmedia":[{"embeddable":true,"href":"https:\/\/www.europesays.com\/pt\/wp-json\/wp\/v2\/media\/390011"}],"wp:attachment":[{"href":"https:\/\/www.europesays.com\/pt\/wp-json\/wp\/v2\/media?parent=390010"}],"wp:term":[{"taxonomy":"category","embeddable":true,"href":"https:\/\/www.europesays.com\/pt\/wp-json\/wp\/v2\/categories?post=390010"},{"taxonomy":"post_tag","embeddable":true,"href":"https:\/\/www.europesays.com\/pt\/wp-json\/wp\/v2\/tags?post=390010"}],"curies":[{"name":"wp","href":"https:\/\/api.w.org\/{rel}","templated":true}]}}