{"id":390248,"date":"2026-05-21T20:14:32","date_gmt":"2026-05-21T20:14:32","guid":{"rendered":"https:\/\/www.europesays.com\/pt\/390248\/"},"modified":"2026-05-21T20:14:32","modified_gmt":"2026-05-21T20:14:32","slug":"casamentos-forcados-aparecem-pela-primeira-vez-nas-estatisticas-das-cpcj-em-2025-com-54-casos","status":"publish","type":"post","link":"https:\/\/www.europesays.com\/pt\/390248\/","title":{"rendered":"Casamentos for\u00e7ados aparecem pela primeira vez nas estat\u00edsticas das CPCJ em 2025 com 54 casos"},"content":{"rendered":"<p>&#13;<br \/>\nOs dados constam do sum\u00e1rio executivo do Relat\u00f3rio de Atividades 2025 das Comiss\u00f5es de Prote\u00e7\u00e3o de Crian\u00e7as e Jovens (CPCJ), que aponta para uma press\u00e3o crescente sobre o sistema de promo\u00e7\u00e3o e prote\u00e7\u00e3o de crian\u00e7as e jovens.&#13;\n<\/p>\n<p>&#13;<br \/>\nSegundo o documento, as CPCJ registaram 94.743 processos em 2025, dos quais 60.250 eram novos e 34.493 transitaram de anos anteriores, refletindo uma &#8220;tend\u00eancia estrutural de crescimento&#8221; de 29% nos \u00faltimos quatro anos.&#13;\n<\/p>\n<p>&#13;<br \/>\nAs CPCJ receberam 62.204 comunica\u00e7\u00f5es de situa\u00e7\u00f5es de perigo, sendo as for\u00e7as de seguran\u00e7a e o setor da educa\u00e7\u00e3o as principais entidades comunicantes. O relat\u00f3rio assinala tamb\u00e9m um aumento das den\u00fancias an\u00f3nimas.&#13;\n<\/p>\n<p>&#13;<br \/>\nEntre as tipologias de perigo mais frequentes continuam a destacar-se a neglig\u00eancia e a viol\u00eancia dom\u00e9stica, seguidas dos comportamentos de perigo e das situa\u00e7\u00f5es relacionadas com o direito \u00e0 educa\u00e7\u00e3o.&#13;\n<\/p>\n<p>&#13;<br \/>\nA neglig\u00eancia incidiu sobretudo na primeira inf\u00e2ncia, enquanto os comportamentos de perigo registaram maior express\u00e3o na adolesc\u00eancia.&#13;\n<\/p>\n<p>&#13;<br \/>\nO relat\u00f3rio refere que os casos de casamento precoce ou for\u00e7ado surgem &#8220;pela primeira vez&#8221; nas estat\u00edsticas nacionais, com 54 situa\u00e7\u00f5es sinalizadas em 2025.&#13;\n<\/p>\n<p>&#13;<br \/>\nA viol\u00eancia dom\u00e9stica continua a ser a tipologia de perigo que mais motivou a aplica\u00e7\u00e3o de medidas de promo\u00e7\u00e3o e prote\u00e7\u00e3o, totalizando 6.420 medidas aplicadas.&#13;\n<\/p>\n<p>&#13;<br \/>\nNo total, foram aplicadas 32.915 medidas de promo\u00e7\u00e3o e prote\u00e7\u00e3o, maioritariamente em meio natural de vida. A principal resposta continuou a ser o apoio junto dos pais, representando 85,3% das medidas, seguindo-se o apoio junto de outro familiar, com 7,9%.&#13;\n<\/p>\n<p>&#13;<br \/>\nO acolhimento familiar manteve express\u00e3o reduzida, apesar de um aumento face ao ano anterior, passando de 96 para 114 casos. Ainda assim, o n\u00famero duplicou nos \u00faltimos cinco anos, segundo o documento.&#13;\n<\/p>\n<p>&#13;<br \/>\nAs CPCJ realizaram 28.379 diagn\u00f3sticos em 2025 e em 45,3% dos casos houve proposta de aplica\u00e7\u00e3o de medida de promo\u00e7\u00e3o e prote\u00e7\u00e3o.&#13;\n<\/p>\n<p>&#13;<br \/>\nO tempo m\u00e9dio para decis\u00e3o inicial foi de 18 dias, embora o relat\u00f3rio admita maior press\u00e3o sobre o sistema durante o segundo semestre do ano.&#13;\n<\/p>\n<p>&#13;<br \/>\nAs medidas cautelares e os procedimentos de urg\u00eancia continuaram a ser utilizados de forma &#8220;excecional e criteriosa&#8221;. Em 2025 foram aplicadas 654 medidas cautelares e instaurados 266 procedimentos de urg\u00eancia.&#13;\n<\/p>\n<p>&#13;<br \/>\nO relat\u00f3rio destaca tamb\u00e9m dificuldades estruturais no funcionamento das CPCJ, sobretudo ao n\u00edvel dos recursos humanos e da composi\u00e7\u00e3o das equipas.&#13;\n<\/p>\n<p>&#13;<br \/>\nEm 2025 existiam 3.965 representantes nas CPCJ, cerca de 83,7% do total previsto por lei, mantendo-se em falta 796 membros. Apenas 27% das comiss\u00f5es tinham composi\u00e7\u00e3o completa.&#13;\n<\/p>\n<p>&#13;<br \/>\nO documento refere que 10 CPCJ funcionaram sem presidente e 13 sem secret\u00e1rio ao longo de 2025, situa\u00e7\u00e3o que teve impacto na organiza\u00e7\u00e3o e funcionamento das estruturas.&#13;\n<\/p>\n<p>&#13;<br \/>\nApesar disso, 98,4% das CPCJ cumpriram a periodicidade m\u00ednima das reuni\u00f5es da modalidade restrita e 98,7% tinham regulamentos internos aprovados.&#13;\n<\/p>\n<p>&#13;<br \/>\nEm termos territoriais, o sistema atingiu cobertura total do pa\u00eds, com 315 CPCJ distribu\u00eddas pelos 308 concelhos, incluindo m\u00faltiplas comiss\u00f5es em Lisboa, Porto, Sintra e Vila Nova de Gaia.&#13;\n<\/p>\n<p>&#13;<br \/>\nA CNDCJ conclui que se mant\u00e9m um &#8220;predom\u00ednio de perigos estruturais&#8221;, como neglig\u00eancia e viol\u00eancia, defendendo a necessidade de respostas preventivas, integradas e articuladas entre institui\u00e7\u00f5es.&#13;\n<\/p>\n<p>&#13;<br \/>\n\u00a0&#13;<\/p>\n","protected":false},"excerpt":{"rendered":"&#13; Os dados constam do sum\u00e1rio executivo do Relat\u00f3rio de Atividades 2025 das Comiss\u00f5es de Prote\u00e7\u00e3o de Crian\u00e7as&hellip;\n","protected":false},"author":2,"featured_media":390249,"comment_status":"","ping_status":"","sticky":false,"template":"","format":"standard","meta":{"footnotes":"","_share_on_mastodon":"0"},"categories":[10],"tags":[64832,27,28,37133,15,16,9684,14,25,26,21,22,12,13,19,20,32,23,24,33,17,18,29,30,31],"class_list":["post-390248","post","type-post","status-publish","format-standard","has-post-thumbnail","category-portugal","tag-atividades-comissoes","tag-breaking-news","tag-breakingnews","tag-cpcj","tag-featured-news","tag-featurednews","tag-gaia","tag-headlines","tag-latest-news","tag-latestnews","tag-main-news","tag-mainnews","tag-news","tag-noticias","tag-noticias-principais","tag-noticiasprincipais","tag-portugal","tag-principais-noticias","tag-principaisnoticias","tag-pt","tag-top-stories","tag-topstories","tag-ultimas","tag-ultimas-noticias","tag-ultimasnoticias"],"share_on_mastodon":{"url":"https:\/\/pubeurope.com\/@pt\/116614402522573126","error":""},"_links":{"self":[{"href":"https:\/\/www.europesays.com\/pt\/wp-json\/wp\/v2\/posts\/390248","targetHints":{"allow":["GET"]}}],"collection":[{"href":"https:\/\/www.europesays.com\/pt\/wp-json\/wp\/v2\/posts"}],"about":[{"href":"https:\/\/www.europesays.com\/pt\/wp-json\/wp\/v2\/types\/post"}],"author":[{"embeddable":true,"href":"https:\/\/www.europesays.com\/pt\/wp-json\/wp\/v2\/users\/2"}],"replies":[{"embeddable":true,"href":"https:\/\/www.europesays.com\/pt\/wp-json\/wp\/v2\/comments?post=390248"}],"version-history":[{"count":0,"href":"https:\/\/www.europesays.com\/pt\/wp-json\/wp\/v2\/posts\/390248\/revisions"}],"wp:featuredmedia":[{"embeddable":true,"href":"https:\/\/www.europesays.com\/pt\/wp-json\/wp\/v2\/media\/390249"}],"wp:attachment":[{"href":"https:\/\/www.europesays.com\/pt\/wp-json\/wp\/v2\/media?parent=390248"}],"wp:term":[{"taxonomy":"category","embeddable":true,"href":"https:\/\/www.europesays.com\/pt\/wp-json\/wp\/v2\/categories?post=390248"},{"taxonomy":"post_tag","embeddable":true,"href":"https:\/\/www.europesays.com\/pt\/wp-json\/wp\/v2\/tags?post=390248"}],"curies":[{"name":"wp","href":"https:\/\/api.w.org\/{rel}","templated":true}]}}