{"id":39026,"date":"2025-08-21T17:12:11","date_gmt":"2025-08-21T17:12:11","guid":{"rendered":"https:\/\/www.europesays.com\/pt\/39026\/"},"modified":"2025-08-21T17:12:11","modified_gmt":"2025-08-21T17:12:11","slug":"pacificador-ganha-novo-poster-com-herois-da-2a-temporada","status":"publish","type":"post","link":"https:\/\/www.europesays.com\/pt\/39026\/","title":{"rendered":"Pacificador ganha novo p\u00f4ster com &#8220;her\u00f3is&#8221; da 2\u00aa temporada"},"content":{"rendered":"<p>Estreando hoje no cat\u00e1logo da\u00a0<strong>HBO Max<\/strong>, a segunda temporada de\u00a0<strong>Pacificador<\/strong>\u00a0acaba de ganhar um novo p\u00f4ster com os &#8220;her\u00f3is&#8221; da s\u00e9rie do\u00a0<strong>DCU<\/strong>. Veja abaixo!<\/p>\n<p>      <strong>Tudo sobre Pacificador<\/strong><\/p>\n<p>A nova temporada acompanha Christopher Smith (<strong>John Cena<\/strong>), o Pacificador, enquanto ele tenta reconciliar seu passado com um novo senso de prop\u00f3sito. Al\u00e9m disso, a temporada mostra o anti-her\u00f3i enfrentando novos criminosos em sua controversa miss\u00e3o de alcan\u00e7ar a paz a qualquer custo. Por\u00e9m, o segundo da s\u00e9rie passar\u00e1 a fazer parte do novo DCU, que inclui os personagens de\u00a0Superman\u00a0e\u00a0Comando das Criaturas.<\/p>\n<p data-gtm-vis-first-on-screen67967661_30=\"255361\" data-gtm-vis-has-fired67967661_30=\"1\" data-gtm-vis-total-visible-time67967661_30=\"100\">Uma das propostas da temporada \u00e9 justamente explicar como a s\u00e9rie saiu do antigo DCEU e entrou no DCU, e especificando o que \u00e9 o c\u00e2none do universo, al\u00e9m de lidar com a quest\u00e3o do multiverso. Segundo o criador, roteirista e tamb\u00e9m CEO do DC Studios,\u00a0<strong>James Gunn<\/strong>, a s\u00e9rie tamb\u00e9m continur\u00e1 pontas deixadas por\u00a0Superman\u00a0e ser\u00e1 importante para pautar o futuro do DCU.<\/p>\n<p>Retornam na segunda temporada os talentos\u00a0<strong>Danielle Brooks<\/strong>\u00a0(Adebayo),\u00a0<strong>Jennifer Holland<\/strong>\u00a0(Emilia Harcourt),\u00a0<strong>Freddie Stroma<\/strong>\u00a0(Adrian Chase\/Vigilante),<strong>\u00a0Steve Agee<\/strong>\u00a0(John Economos) e\u00a0<strong>Robert Patrick<\/strong>\u00a0(Auggie Smith\/Drag\u00e3o Branco) retornam para a segunda temporada. Entre as novidades do elenco est\u00e3o\u00a0<strong>Frank Grillo<\/strong>\u00a0(Rick Flag Sr.),<strong>\u00a0David Denman<\/strong>,\u00a0<strong>Sol Rodr\u00edguez<\/strong>\u00a0(Sasha Bordeaux\/Black Queen) e<strong>\u00a0Tim Meadows<\/strong>\u00a0(Langston Fleury).<\/p>\n<p>Uma das tramas da temporada ser\u00e1 Rick Flag Sr., que apareceu em\u00a0Superman\u00a0e\u00a0Comando das Criaturas, perseguindo o Pacificador, respons\u00e1vel por matar seu filho no filme\u00a0<strong>O Esquadr\u00e3o Suicida<\/strong>, primeira apari\u00e7\u00e3o do personagem de John Cena.<\/p>\n<p><strong>James Gunn<\/strong>\u00a0assina o roteiro dos oito epis\u00f3dios da nova temporada Pacificador e dirige tr\u00eas deles, incluindo a estreia da temporada. Gunn,\u00a0<strong>Peter Safran<\/strong>\u00a0e Cena s\u00e3o os produtores executivos.\u00a0<strong>Greg Mottola<\/strong>,\u00a0<strong>Peter Sollett<\/strong>\u00a0e\u00a0<strong>Althea Jones<\/strong>\u00a0tamb\u00e9m dirigem epis\u00f3dios.<\/p>\n<p data-gtm-vis-first-on-screen67967661_30=\"258484\" data-gtm-vis-has-fired67967661_30=\"1\" data-gtm-vis-recent-on-screen67967661_30=\"258484\" data-gtm-vis-total-visible-time67967661_30=\"100\">A segunda temporada de Pacificador\u00a0chegou no HBO Max do dia 21 de agosto, com novos epis\u00f3dios estreando \u00e0s 22h toda quinta-feira. A primeira temporada tamb\u00e9m est\u00e1 no streaming.<\/p>\n","protected":false},"excerpt":{"rendered":"Estreando hoje no cat\u00e1logo da\u00a0HBO Max, a segunda temporada de\u00a0Pacificador\u00a0acaba de ganhar um novo p\u00f4ster com os &#8220;her\u00f3is&#8221;&hellip;\n","protected":false},"author":2,"featured_media":39027,"comment_status":"","ping_status":"","sticky":false,"template":"","format":"standard","meta":{"footnotes":""},"categories":[140],"tags":[114,115,147,148,146,32,33],"class_list":{"0":"post-39026","1":"post","2":"type-post","3":"status-publish","4":"format-standard","5":"has-post-thumbnail","7":"category-filmes","8":"tag-entertainment","9":"tag-entretenimento","10":"tag-film","11":"tag-filmes","12":"tag-movies","13":"tag-portugal","14":"tag-pt"},"share_on_mastodon":{"url":"","error":""},"_links":{"self":[{"href":"https:\/\/www.europesays.com\/pt\/wp-json\/wp\/v2\/posts\/39026","targetHints":{"allow":["GET"]}}],"collection":[{"href":"https:\/\/www.europesays.com\/pt\/wp-json\/wp\/v2\/posts"}],"about":[{"href":"https:\/\/www.europesays.com\/pt\/wp-json\/wp\/v2\/types\/post"}],"author":[{"embeddable":true,"href":"https:\/\/www.europesays.com\/pt\/wp-json\/wp\/v2\/users\/2"}],"replies":[{"embeddable":true,"href":"https:\/\/www.europesays.com\/pt\/wp-json\/wp\/v2\/comments?post=39026"}],"version-history":[{"count":0,"href":"https:\/\/www.europesays.com\/pt\/wp-json\/wp\/v2\/posts\/39026\/revisions"}],"wp:featuredmedia":[{"embeddable":true,"href":"https:\/\/www.europesays.com\/pt\/wp-json\/wp\/v2\/media\/39027"}],"wp:attachment":[{"href":"https:\/\/www.europesays.com\/pt\/wp-json\/wp\/v2\/media?parent=39026"}],"wp:term":[{"taxonomy":"category","embeddable":true,"href":"https:\/\/www.europesays.com\/pt\/wp-json\/wp\/v2\/categories?post=39026"},{"taxonomy":"post_tag","embeddable":true,"href":"https:\/\/www.europesays.com\/pt\/wp-json\/wp\/v2\/tags?post=39026"}],"curies":[{"name":"wp","href":"https:\/\/api.w.org\/{rel}","templated":true}]}}