{"id":39032,"date":"2025-08-21T17:17:19","date_gmt":"2025-08-21T17:17:19","guid":{"rendered":"https:\/\/www.europesays.com\/pt\/39032\/"},"modified":"2025-08-21T17:17:19","modified_gmt":"2025-08-21T17:17:19","slug":"futuros-eletricos-da-volkswagen-poderao-mudar-num-detalhe-crucial","status":"publish","type":"post","link":"https:\/\/www.europesays.com\/pt\/39032\/","title":{"rendered":"Futuros el\u00e9tricos da Volkswagen poder\u00e3o mudar num detalhe crucial"},"content":{"rendered":"<p>\n\tA fam\u00edlia el\u00e9trica ID da Volkswagen poder\u00e1 desagregar-se em breve, deixando de estar unida sob a mesma designa\u00e7\u00e3o.\n<\/p>\n<p>A fam\u00edlia el\u00e9trica ID da Volkswagen est\u00e1 prestes a crescer com o <a href=\"https:\/\/www.razaoautomovel.com\/etiqueta\/volkswagen-id-2\" rel=\"nofollow noopener\" target=\"_blank\">ID.2<\/a> \u2014 ser\u00e1 apresentado oficialmente no Sal\u00e3o de Munique, no pr\u00f3ximo m\u00eas de setembro \u2014, mas permanece uma d\u00favida sobre o novo modelo. Vai-se mesmo chamar ID.2?<\/p>\n<p>S\u00e3o cada vez mais os rumores que dizem que n\u00e3o. <strong>O novo modelo el\u00e9trico poder\u00e1 prescindir da designa\u00e7\u00e3o \u201cID\u201d<\/strong>, rompendo com a tradi\u00e7\u00e3o da linha iniciada em 2020. E n\u00e3o dever\u00e1 ser o \u00fanico. Pode mesmo ser o in\u00edcio do fim desta designa\u00e7\u00e3o.<\/p>\n<p><img loading=\"lazy\" decoding=\"async\" width=\"2048\" height=\"1152\" src=\"data:image\/svg+xml,%3Csvg%20xmlns=\" http:=\"\" alt=\"\" class=\"wp-image-1045584\" data-lazy- data-lazy- data-lazy-src=\"https:\/\/www.europesays.com\/pt\/wp-content\/uploads\/2025\/08\/Fotos-espia_Volkswagen_ID.2_GTI_02.webp.webp\"\/>\u00a9 Raz\u00e3o Autom\u00f3vel Qual ser\u00e1 o nome do futuro Volkswagen ID.2?<\/p>\n<p>A not\u00edcia foi avan\u00e7ada pelo jornal franc\u00eas <a href=\"https:\/\/www.automobile-magazine.fr\/insolite\/article\/49053-chez-volkswagen-une-gamme-entiere-de-voitures-va-disparaitre-sous-un-tonnerre-dapplaudissements\" target=\"_blank\" rel=\"noreferrer noopener nofollow\">L\u2019Automobile<\/a>, que refere que o diretor-executivo da Volkswagen, Thomas Sch\u00e4fer, ter\u00e1 anunciado internamente o abandono da nomenclatura \u201cID\u201d nos futuros lan\u00e7amentos.<\/p>\n<p>A mudan\u00e7a n\u00e3o implica o fim de modelos como o ID.3, ID.4 ou ID.7. Mas poder\u00e3o receber novas designa\u00e7\u00f5es quando chegar a altura de serem renovados ou substitu\u00eddos por uma nova gera\u00e7\u00e3o.<\/p>\n<p>Thomas Sch\u00e4fer j\u00e1 tinha dito no passado que a Volkswagen tinha nomes fortes e ic\u00f3nicos, n\u00e3o fazendo sentido acabar com eles apenas por agora haver modelos 100% el\u00e9tricos.<\/p>\n<p>Descubra o seu pr\u00f3ximo autom\u00f3vel:<\/p>\n<p>Por isso mesmo vamos (voltar a) ter um Golf 100% el\u00e9trico que ser\u00e1 vendido em paralelo com o Golf a combust\u00e3o (em duas plataformas distintas) e um in\u00e9dito T-Roc el\u00e9trico.<\/p>\n<p>Resta-nos agora esperar pelo Sal\u00e3o de Munique, entre os dias 9 e 14 de setembro, para descobrir se a nomenclatura \u201cID\u201d se mant\u00e9m ou n\u00e3o na vers\u00e3o de produ\u00e7\u00e3o do ID.2All. Entre as v\u00e1rias apostas, encontram-se nomes como \u201cVolkswagen e-Polo\u201d, uma vez que o ID.2 \u00e9 o equivalente el\u00e9trico ao utilit\u00e1rio alem\u00e3o.<\/p>\n<p>Recorde-se que esta n\u00e3o seria uma estreia: j\u00e1 houve um <a href=\"https:\/\/www.razaoautomovel.com\/etiqueta\/volkswagen-e-golf\" rel=\"nofollow noopener\" target=\"_blank\">e-Golf<\/a>.<\/p>\n<p><a href=\"https:\/\/www.razaoautomovel.com\/noticias\/antevisao-fotos-espia-volkswagen-id-2-gti\/\" class=\"module-related\" rel=\"nofollow noopener\" target=\"_blank\"><br \/>\n\tSaiba mais:<br \/>\n\tEste \u00e9 o primeiro Volkswagen GTI el\u00e9trico e est\u00e1 quase a chegar<br \/>\n<\/a><\/p>\n<p>\t\t\tSabe esta resposta?<br \/>\n\t\t\tEm que ano foi lan\u00e7ado o primeiro Volkswagen Golf GTI Mk1?<\/p>\n","protected":false},"excerpt":{"rendered":"A fam\u00edlia el\u00e9trica ID da Volkswagen poder\u00e1 desagregar-se em breve, deixando de estar unida sob a mesma designa\u00e7\u00e3o.&hellip;\n","protected":false},"author":2,"featured_media":39033,"comment_status":"","ping_status":"","sticky":false,"template":"","format":"standard","meta":{"footnotes":""},"categories":[83],"tags":[88,89,428,90,295,32,33,505],"class_list":{"0":"post-39032","1":"post","2":"type-post","3":"status-publish","4":"format-standard","5":"has-post-thumbnail","7":"category-empresas","8":"tag-business","9":"tag-economy","10":"tag-eletricos","11":"tag-empresas","12":"tag-industria","13":"tag-portugal","14":"tag-pt","15":"tag-volkswagen"},"share_on_mastodon":{"url":"","error":""},"_links":{"self":[{"href":"https:\/\/www.europesays.com\/pt\/wp-json\/wp\/v2\/posts\/39032","targetHints":{"allow":["GET"]}}],"collection":[{"href":"https:\/\/www.europesays.com\/pt\/wp-json\/wp\/v2\/posts"}],"about":[{"href":"https:\/\/www.europesays.com\/pt\/wp-json\/wp\/v2\/types\/post"}],"author":[{"embeddable":true,"href":"https:\/\/www.europesays.com\/pt\/wp-json\/wp\/v2\/users\/2"}],"replies":[{"embeddable":true,"href":"https:\/\/www.europesays.com\/pt\/wp-json\/wp\/v2\/comments?post=39032"}],"version-history":[{"count":0,"href":"https:\/\/www.europesays.com\/pt\/wp-json\/wp\/v2\/posts\/39032\/revisions"}],"wp:featuredmedia":[{"embeddable":true,"href":"https:\/\/www.europesays.com\/pt\/wp-json\/wp\/v2\/media\/39033"}],"wp:attachment":[{"href":"https:\/\/www.europesays.com\/pt\/wp-json\/wp\/v2\/media?parent=39032"}],"wp:term":[{"taxonomy":"category","embeddable":true,"href":"https:\/\/www.europesays.com\/pt\/wp-json\/wp\/v2\/categories?post=39032"},{"taxonomy":"post_tag","embeddable":true,"href":"https:\/\/www.europesays.com\/pt\/wp-json\/wp\/v2\/tags?post=39032"}],"curies":[{"name":"wp","href":"https:\/\/api.w.org\/{rel}","templated":true}]}}