{"id":39047,"date":"2025-08-21T17:32:07","date_gmt":"2025-08-21T17:32:07","guid":{"rendered":"https:\/\/www.europesays.com\/pt\/39047\/"},"modified":"2025-08-21T17:32:07","modified_gmt":"2025-08-21T17:32:07","slug":"joao-mario-apresentado-na-juventus-alberto-costa-e-um-jogador-com-muito-potencial-zerozero-pt","status":"publish","type":"post","link":"https:\/\/www.europesays.com\/pt\/39047\/","title":{"rendered":"Jo\u00e3o M\u00e1rio apresentado na Juventus: \u00abAlberto Costa \u00e9 um jogador com muito potencial\u00bb &#8211; zerozero.pt"},"content":{"rendered":"<ol>\n<li><a href=\"https:\/\/news.google.com\/rss\/articles\/CBMivwFBVV95cUxOMDY0bUJIbVd6Y0VBYkNPM0JGTFBaT1JXUVJLNHl0ZjFuU0JQLU8teTBWNXg4TC1JMHNtVV9HZnV1VDJjZlNmeDdhTTBTem5PazNPNGxyQldYUHFwb0lGVlJlb01EaG5pX09vWTFoMDhxSk9VN1dldHpKM3RoSURtWTNmd1B0R0U2UXlkeXVaTVZCVmlvSDY5YkhvdjFiY3huZkJFMFB0OFZXTFJESU5aeUpvY3lycFNPeklQclJaTQ?oc=5\" target=\"_blank\" rel=\"nofollow noopener\">Jo\u00e3o M\u00e1rio apresentado na Juventus: \u00abAlberto Costa \u00e9 um jogador com muito potencial\u00bb<\/a>&nbsp;&nbsp;zerozero.pt<\/li>\n<li><a href=\"https:\/\/news.google.com\/rss\/articles\/CBMirwFBVV95cUxNU2Q5NkI0ckpwNGhudHNRcHpEZ3MySnhrdFp5cjFtMFdmZUdueTR3RW1QeE52OEtxUjRsVTJlQUEtWmZNOC1fQjNNcjRPYmJHYkRQSm1NNHhFbUpnWGF6UmtjWU9rRGIzR2p3ZzYzakViQVB2MFVHbzFydTV4R01OcDVMNVdBdzA3bG5GYlAwZjJNaTc3ck5QTnJGNm93dlB5RmNiV0VrTVlVSkpRUjRR?oc=5\" target=\"_blank\" rel=\"nofollow noopener\">Jo\u00e3o M\u00e1rio aborda troca com Alberto: \u00abSer\u00e1 uma bela rivalidade\u00bb<\/a>&nbsp;&nbsp;A Bola<\/li>\n<li><a href=\"https:\/\/news.google.com\/rss\/articles\/CBMiwwFBVV95cUxQdXRIc2hITFdOV3hiaE1zN0N0c3VPY0hpUGtvYzNDLW1xT2d1UDRjY1dlT0ZJVFRfWG9xSXpYQ1Q2bk1ydFY0UVdTNE96UjFiRG1keHdPS2QtdGhpdHVhYzRPNG1pYUVXbWxCY3lqRlRNWDZNejZzNEJTVU15QU9sSEhROUIxSlJVaXFlSW1na0ZVb2hjRmU0TXJOUk1SSVc4bE9ZZk1EU2V0cGZnQXJxTXkwRlY2RWdhREpvTFVHLXBNb3fSAccBQVVfeXFMTmJBLTFsclNaTE9mWFdVaEFIeUVlczFPYUlRZ3RhMkhXUjQ5X3F3eWt0Q3ItcUwtSjJDbGY2NXNZbVZoS3RObDIyR3FKLUYyRjc5bGtlZE9KVmpKRVNVQUNoQkdmczItX09URGNMdEp3S1RXV3Z6ektib1JmVHM2bEYzamtKY05xMjZtd1IzcjJudXJqQUZhYzhleWUwc2J5dVhfMEtMVk1TVnpjUVQwVWY1RVZjc2FPWno4NVoxTmxyLU5NbzBPdw?oc=5\" target=\"_blank\" rel=\"nofollow noopener\">Jo\u00e3o M\u00e1rio elogia Concei\u00e7\u00e3o e Alberto Costa: \u00abDesejo-lhe o melhor no FC Porto\u00bb<\/a>&nbsp;&nbsp;TVI<\/li>\n<li><a href=\"https:\/\/news.google.com\/rss\/articles\/CBMi1wFBVV95cUxPQVc2cFJZQkhRWUtsckJlMldFSnhoLTJJb2Y5WkU2U0h5YTV5SjFmZngwT0p4Mm96XzZLX0o0RWRrX2xwYUNad3NNU2J6TjF2S1ZIczVPYzNrdlg3NWNZTXFIV1pJR25IZ00wOG9jNm9yWGtXZ2daR0RNb0pRMlg2THVVeEJ4SV94QW5YRGh1TUVUdkVMQlNWQU5faWp2bWNEbkVBMkx2SzZaWi1UdnhCUGVlYVRHLVZkb0RUQURJcTJmX25LREVWWnFWeWlZRjNBTzQ5S3hBWQ?oc=5\" target=\"_blank\" rel=\"nofollow noopener\">Jo\u00e3o M\u00e1rio: \u201cVim de um clube grande, estou habituado a competir ao mais alto n\u00edvel\u201d<\/a>&nbsp;&nbsp;Flashscore.pt<\/li>\n<li><a href=\"https:\/\/news.google.com\/rss\/articles\/CBMitwFBVV95cUxNNWhhSElFS3kwcHVrZFZ3ekhmTWpWUXRQREZGMGV4TkNTR3d2Vmc4TkNTZFpKRDJ1OEtnV2ZGTXJxM0MtUGd1OGRyWmdfTmc4UnRLTUhLVWQwZy1FTW11SXFDZGs1SjN2Q1JBYnFQWVhLb2dxQ1FURnNrcXFoYkVSUmhhRzNfT2hrajZqWjRhdmxsYk9IMk1XdGhMbjltbDVIM1RybllfNHhKY1BRVmJuaG1JMVFzX3c?oc=5\" target=\"_blank\" rel=\"nofollow noopener\">&#8220;Francisco Concei\u00e7\u00e3o \u00e9 o meu maior apoio. Juventus? Um desafio enorme&#8230;&#8221;<\/a>&nbsp;&nbsp;Not\u00edcias ao Minuto<\/li>\n<\/ol>\n","protected":false},"excerpt":{"rendered":"Jo\u00e3o M\u00e1rio apresentado na Juventus: \u00abAlberto Costa \u00e9 um jogador com muito potencial\u00bb&nbsp;&nbsp;zerozero.pt Jo\u00e3o M\u00e1rio aborda troca com&hellip;\n","protected":false},"author":2,"featured_media":39048,"comment_status":"","ping_status":"","sticky":false,"template":"","format":"standard","meta":{"footnotes":""},"categories":[87],"tags":[135,526,524,13,32,33,527,525,134,523],"class_list":{"0":"post-39047","1":"post","2":"type-post","3":"status-publish","4":"format-standard","5":"has-post-thumbnail","7":"category-desporto","8":"tag-desporto","9":"tag-football","10":"tag-futebol","11":"tag-noticias","12":"tag-portugal","13":"tag-pt","14":"tag-resultados","15":"tag-soccer","16":"tag-sports","17":"tag-zerozero"},"share_on_mastodon":{"url":"","error":""},"_links":{"self":[{"href":"https:\/\/www.europesays.com\/pt\/wp-json\/wp\/v2\/posts\/39047","targetHints":{"allow":["GET"]}}],"collection":[{"href":"https:\/\/www.europesays.com\/pt\/wp-json\/wp\/v2\/posts"}],"about":[{"href":"https:\/\/www.europesays.com\/pt\/wp-json\/wp\/v2\/types\/post"}],"author":[{"embeddable":true,"href":"https:\/\/www.europesays.com\/pt\/wp-json\/wp\/v2\/users\/2"}],"replies":[{"embeddable":true,"href":"https:\/\/www.europesays.com\/pt\/wp-json\/wp\/v2\/comments?post=39047"}],"version-history":[{"count":0,"href":"https:\/\/www.europesays.com\/pt\/wp-json\/wp\/v2\/posts\/39047\/revisions"}],"wp:featuredmedia":[{"embeddable":true,"href":"https:\/\/www.europesays.com\/pt\/wp-json\/wp\/v2\/media\/39048"}],"wp:attachment":[{"href":"https:\/\/www.europesays.com\/pt\/wp-json\/wp\/v2\/media?parent=39047"}],"wp:term":[{"taxonomy":"category","embeddable":true,"href":"https:\/\/www.europesays.com\/pt\/wp-json\/wp\/v2\/categories?post=39047"},{"taxonomy":"post_tag","embeddable":true,"href":"https:\/\/www.europesays.com\/pt\/wp-json\/wp\/v2\/tags?post=39047"}],"curies":[{"name":"wp","href":"https:\/\/api.w.org\/{rel}","templated":true}]}}