{"id":390642,"date":"2026-05-22T03:45:36","date_gmt":"2026-05-22T03:45:36","guid":{"rendered":"https:\/\/www.europesays.com\/pt\/390642\/"},"modified":"2026-05-22T03:45:36","modified_gmt":"2026-05-22T03:45:36","slug":"estudo-mede-verdadeira-dimensao-da-doenca-renal-em-portugal-comunicados-de-imprensa","status":"publish","type":"post","link":"https:\/\/www.europesays.com\/pt\/390642\/","title":{"rendered":"Estudo mede verdadeira dimens\u00e3o da doen\u00e7a renal em Portugal &#8211; Comunicados de Imprensa"},"content":{"rendered":"<p class=\"\">&#13;<br \/>\n        Portugal est\u00e1 a realizar, pela primeira vez, um estudo nacional de preval\u00eancia da doen\u00e7a real cr\u00f3nica (DRC), uma doen\u00e7a silenciosa, progressiva e frequentemente diagnosticada em fases avan\u00e7adas. O estudo, um projeto da\u00a0Boehringer\u00a0Ingelheim\u00a0e que conta com o apoio cient\u00edfico da Sociedade Portuguesa de Nefrologia (SPN) e o apoio institucional da Associa\u00e7\u00e3o Portuguesa de Insuficientes Renais (APIR), pretende apurar quantas pessoas vivem com DRC no pa\u00eds, onde est\u00e3o e quais as suas principais caracter\u00edsticas cl\u00ednicas e sociodemogr\u00e1ficas.\u00a0&#13;\n    <\/p>\n<p class=\"\">&#13;<br \/>\n        \u00a0\u00a0&#13;\n    <\/p>\n<p class=\"\">&#13;<br \/>\n        Apesar de se estimar que a DRC afete at\u00e9 10% da popula\u00e7\u00e3o adulta, Portugal n\u00e3o disp\u00f5e atualmente de dados nacionais recentes e abrangentes que permitam conhecer a real dimens\u00e3o do problema. Esta falta de informa\u00e7\u00e3o dificulta o planeamento de estrat\u00e9gias eficazes de preven\u00e7\u00e3o, diagn\u00f3stico precoce e resposta em sa\u00fade.\u00a0\u00a0&#13;\n    <\/p>\n<p class=\"\">&#13;<br \/>\n        \u00a0\u00a0&#13;\n    <\/p>\n<p class=\"\">&#13;<br \/>\n        O estudo, agora em curso, ir\u00e1 incluir cerca de 3.000 participantes, selecionados de forma aleat\u00f3ria e representativa em todo o territ\u00f3rio continental, A\u00e7ores e Madeira.\u00a0 O objetivo \u00e9 identificar tanto casos j\u00e1 diagnosticados, como tamb\u00e9m pessoas que vivem com DRC sem o saber.\u00a0&#13;\n    <\/p>\n<p class=\"\">&#13;<br \/>\n        \u00a0\u00a0&#13;\n    <\/p>\n<p class=\"\">&#13;<br \/>\n        Edgar Almeida, presidente da Sociedade Portuguesa de Nefrologia, refere que \u201ceste estudo representa um marco para a nefrologia em Portugal. Pela primeira vez, teremos dados robustos e representativos sobre a preval\u00eancia real da doen\u00e7a renal cr\u00f3nica, essenciais para melhorar o diagn\u00f3stico precoce e orientar pol\u00edticas de sa\u00fade mais eficazes.\u201d\u00a0\u00a0&#13;\n    <\/p>\n<p class=\"\">&#13;<br \/>\n        \u00a0\u00a0&#13;\n    <\/p>\n<p class=\"\">&#13;<br \/>\n        Por sua vez, Paulo Urbano, presidente da APIR afirma que \u201cpara quem vive com doen\u00e7a renal, informa\u00e7\u00e3o significa melhores cuidados e mais qualidade de vida. Este projeto d\u00e1 visibilidade a uma condi\u00e7\u00e3o muitas vezes silenciosa e permite que o pa\u00eds conhe\u00e7a, finalmente, a verdadeira dimens\u00e3o do problema.\u201d\u00a0&#13;\n    <\/p>\n<p class=\"\">&#13;<br \/>\n        \u00a0\u00a0&#13;\n    <\/p>\n<p class=\"\">&#13;<br \/>\n        \u00a0Para a execu\u00e7\u00e3o do estudo, a\u00a0Boehringer\u00a0Ingelheim\u00a0escolheu a IQVIA, empresa global de refer\u00eancia na realiza\u00e7\u00e3o de estudos epidemiol\u00f3gicos e de investiga\u00e7\u00e3o em sa\u00fade. O convite \u00e0 participa\u00e7\u00e3o \u00e9 feito porta a porta por equipas qualificadas. A participa\u00e7\u00e3o \u00e9 simples e volunt\u00e1ria, envolvendo um question\u00e1rio de caracteriza\u00e7\u00e3o e uma avalia\u00e7\u00e3o simples da fun\u00e7\u00e3o renal, realizada atrav\u00e9s de an\u00e1lises ao sangue e \u00e0 urina.\u00a0&#13;\n    <\/p>\n<p class=\"\">&#13;<br \/>\n        \u00a0\u00a0&#13;\n    <\/p>\n<p class=\"\">&#13;<br \/>\n        Este estudo de preval\u00eancia integra-se no Projeto H\u00c9RCULES, uma iniciativa mais ampla de gera\u00e7\u00e3o de evid\u00eancia de mundo real promovida pela\u00a0Boehringer\u00a0Ingelheim, dedicada \u00e0s doen\u00e7as\u00a0cardiorrenais\u00a0e metab\u00f3licas.\u00a0\u00a0&#13;\n    <\/p>\n<p class=\"\">&#13;<br \/>\n        \u00a0\u00a0&#13;\n    <\/p>\n<p class=\"\">&#13;<br \/>\n        Os dados recolhidos permitir\u00e3o compreender a preval\u00eancia real da DRC em Portugal, identificar fatores de risco e perceber de que forma a doen\u00e7a se relaciona com outras condi\u00e7\u00f5es frequentes, como doen\u00e7as cardiovasculares e metab\u00f3licas. A ambi\u00e7\u00e3o \u00e9 criar uma base cient\u00edfica s\u00f3lida que apoie decis\u00f5es futuras em sa\u00fade p\u00fablica, com impacto na preven\u00e7\u00e3o e no diagn\u00f3stico precoce.\u00a0&#13;\n    <\/p>\n<p class=\"\">&#13;<br \/>\n        \u00a0\u00a0&#13;\n    <\/p>\n<p class=\"\">&#13;<br \/>\n        \u201cA doen\u00e7a renal cr\u00f3nica \u00e9 uma condi\u00e7\u00e3o silenciosa, raramente sintom\u00e1tica nas fases iniciais e, por isso, \u00e9 frequentemente diagnosticada tardiamente, mesmo nas pessoas de risco\u201d, afirma No\u00e9lia\u00a0Lopez, Diretora M\u00e9dica da\u00a0Boehringer\u00a0Ingelheim\u00a0Portugal. \u201cQueremos saber quantos s\u00e3o, onde est\u00e3o e conhecer as suas caracter\u00edsticas cl\u00ednicas e sociodemogr\u00e1ficas, colmatando a lacuna de conhecimento que existe nesta \u00e1rea.\u201d\u00a0&#13;\n    <\/p>\n<p class=\"\">&#13;<br \/>\n        \u00a0\u00a0&#13;\n    <\/p>\n<p class=\"\">&#13;<br \/>\n        Os resultados do estudo de preval\u00eancia est\u00e3o previstos para o final de 2026 e ser\u00e3o divulgados junto da comunidade cient\u00edfica, decisores, profissionais de sa\u00fade e sociedade em geral.\u00a0&#13;\n    <\/p>\n<p class=\"\">&#13;<br \/>\n        \u00a0\u00a0&#13;\n    <\/p>\n<p class=\"\">&#13;<br \/>\n        Com o Projeto H\u00c9RCULES, a\u00a0Boehringer\u00a0Ingelheim\u00a0refor\u00e7a o seu compromisso com a gera\u00e7\u00e3o de conhecimento cient\u00edfico independente, com o objetivo de contribuir para uma melhor compreens\u00e3o da sa\u00fade renal em Portugal e apoiar, a m\u00e9dio e longo prazo, estrat\u00e9gias de preven\u00e7\u00e3o, diagn\u00f3stico precoce e melhoria da resposta do sistema de sa\u00fade.\u00a0&#13;\n    <\/p>\n<p class=\"\">&#13;<br \/>\n        \u00a0\u00a0&#13;\n    <\/p>\n<p class=\"\">&#13;<br \/>\n        Para mais informa\u00e7\u00e3o sobre este estudo, consultar:\u00a0&#13;\n    <\/p>\n<p class=\"\">&#13;<br \/>\n        https:\/\/www.boehringer-ingelheim.com\/pt\/sobre-nos\/projecto-hercules\u00a0&#13;\n    <\/p>\n","protected":false},"excerpt":{"rendered":"&#13; Portugal est\u00e1 a realizar, pela primeira vez, um estudo nacional de preval\u00eancia da doen\u00e7a real cr\u00f3nica (DRC),&hellip;\n","protected":false},"author":2,"featured_media":390643,"comment_status":"","ping_status":"","sticky":false,"template":"","format":"standard","meta":{"footnotes":"","_share_on_mastodon":"0"},"categories":[86],"tags":[64865,64864,4357,5842,529,4345,116,32,33,117],"class_list":["post-390642","post","type-post","status-publish","format-standard","has-post-thumbnail","category-saude","tag-apir","tag-direcao-regional-da-cultura","tag-doenca","tag-doenca-cronica","tag-doencas","tag-doencas-e-condicoes","tag-health","tag-portugal","tag-pt","tag-saude"],"share_on_mastodon":{"url":"https:\/\/pubeurope.com\/@pt\/116616175714844687","error":""},"_links":{"self":[{"href":"https:\/\/www.europesays.com\/pt\/wp-json\/wp\/v2\/posts\/390642","targetHints":{"allow":["GET"]}}],"collection":[{"href":"https:\/\/www.europesays.com\/pt\/wp-json\/wp\/v2\/posts"}],"about":[{"href":"https:\/\/www.europesays.com\/pt\/wp-json\/wp\/v2\/types\/post"}],"author":[{"embeddable":true,"href":"https:\/\/www.europesays.com\/pt\/wp-json\/wp\/v2\/users\/2"}],"replies":[{"embeddable":true,"href":"https:\/\/www.europesays.com\/pt\/wp-json\/wp\/v2\/comments?post=390642"}],"version-history":[{"count":0,"href":"https:\/\/www.europesays.com\/pt\/wp-json\/wp\/v2\/posts\/390642\/revisions"}],"wp:featuredmedia":[{"embeddable":true,"href":"https:\/\/www.europesays.com\/pt\/wp-json\/wp\/v2\/media\/390643"}],"wp:attachment":[{"href":"https:\/\/www.europesays.com\/pt\/wp-json\/wp\/v2\/media?parent=390642"}],"wp:term":[{"taxonomy":"category","embeddable":true,"href":"https:\/\/www.europesays.com\/pt\/wp-json\/wp\/v2\/categories?post=390642"},{"taxonomy":"post_tag","embeddable":true,"href":"https:\/\/www.europesays.com\/pt\/wp-json\/wp\/v2\/tags?post=390642"}],"curies":[{"name":"wp","href":"https:\/\/api.w.org\/{rel}","templated":true}]}}