{"id":390906,"date":"2026-05-22T11:27:45","date_gmt":"2026-05-22T11:27:45","guid":{"rendered":"https:\/\/www.europesays.com\/pt\/390906\/"},"modified":"2026-05-22T11:27:45","modified_gmt":"2026-05-22T11:27:45","slug":"duques-de-edimburgo-visitam-portugal-no-inicio-de-junho","status":"publish","type":"post","link":"https:\/\/www.europesays.com\/pt\/390906\/","title":{"rendered":"Duques de Edimburgo visitam Portugal no in\u00edcio de junho"},"content":{"rendered":"<p>                <b>Num comunicado emitido esta quinta-feira, a casa real brit\u00e2nica anunciou que os duques de Edimburgo v\u00e3o visitar Portugal para assinalar o 640.\u00ba anivers\u00e1rio do Tratado de Windsor, \u201cque fundamenta a alian\u00e7a diplom\u00e1tica mais antiga do mundo\u201d.<\/b><\/p>\n<p>O programa da visita vai incluir eventos relacionados com &#8220;oportunidades para a juventude, inclus\u00e3o no desporto e Mulheres, Paz e Seguran\u00e7a&#8221;, entre Lisboa e Porto.<\/p>\n<p><b>Eduardo e Sofia v\u00e3o ainda visitar locais hist\u00f3ricos &#8220;que refletem o patrim\u00f3nio do Reino Unido e de Portugal, a par de encontros com estudantes e organiza\u00e7\u00f5es comunit\u00e1rias&#8221; e entidades que mostram parcerias inovadoras.<\/b><\/p>\n<p><b>Esta \u00e9 a primeira visita de um membro da monarquia brit\u00e2nica a Portugal desde 2011<\/b>, quando o Rei Carlos III e a Rainha Camila, na altura Pr\u00edncipe de Gales e Duquesa da Cornualha, visitaram o pa\u00eds. O pr\u00edncipe Andr\u00e9 visitou Portugal em maio de 2005, acompanhado pela mulher, e junho de 2009, sozinho. <\/p>\n<p>O casal tinha antes os t\u00edtulos de conde e a condessa de Wessex, tendo recebido os novos t\u00edtulos de Duque e a Duquesa de Edimburgo em 2023. O pr\u00edncipe Eduardo \u00e9 o quarto e mais novo filho da rainha Isabel II e do pr\u00edncipe Filipe, sendo o irm\u00e3o mais novo do rei Carlos III.<\/p>\n<p><b>O Tratado de Windsor, assinado a 9 de maio de 1386, consolidou as rela\u00e7\u00f5es entre Portugal e o Reino Unido, considerada a alian\u00e7a diplom\u00e1tica mais antiga em vigor. <\/b><\/p>\n<p>Em 2023, o antigo presidente da Rep\u00fablica Marcelo Rebelo de Sousa deslocou-se a Londres para participar com o Rei Carlos III numa cerim\u00f3nia para celebrar a alian\u00e7a luso-brit\u00e2nica, a prop\u00f3sito do anivers\u00e1rio do Tratado de Tagilde, assinado em 10 de julho de 1372.<\/p>\n<p>O Tratado de Windsor foi selado pelo casamento do Rei Jo\u00e3o I e Filipa de Lencastre, que se tornou Rainha de Portugal.<br \/>&#13;\n            <\/p>\n","protected":false},"excerpt":{"rendered":"Num comunicado emitido esta quinta-feira, a casa real brit\u00e2nica anunciou que os duques de Edimburgo v\u00e3o visitar Portugal&hellip;\n","protected":false},"author":2,"featured_media":390907,"comment_status":"","ping_status":"","sticky":false,"template":"","format":"standard","meta":{"footnotes":"","_share_on_mastodon":"0"},"categories":[85],"tags":[64887,42623,2666,114,115,32,33,713],"class_list":["post-390906","post","type-post","status-publish","format-standard","has-post-thumbnail","category-entretenimento","tag-duque","tag-edimburgo","tag-eduardo","tag-entertainment","tag-entretenimento","tag-portugal","tag-pt","tag-reino-unido"],"share_on_mastodon":{"url":"https:\/\/pubeurope.com\/@pt\/116617992300029188","error":""},"_links":{"self":[{"href":"https:\/\/www.europesays.com\/pt\/wp-json\/wp\/v2\/posts\/390906","targetHints":{"allow":["GET"]}}],"collection":[{"href":"https:\/\/www.europesays.com\/pt\/wp-json\/wp\/v2\/posts"}],"about":[{"href":"https:\/\/www.europesays.com\/pt\/wp-json\/wp\/v2\/types\/post"}],"author":[{"embeddable":true,"href":"https:\/\/www.europesays.com\/pt\/wp-json\/wp\/v2\/users\/2"}],"replies":[{"embeddable":true,"href":"https:\/\/www.europesays.com\/pt\/wp-json\/wp\/v2\/comments?post=390906"}],"version-history":[{"count":0,"href":"https:\/\/www.europesays.com\/pt\/wp-json\/wp\/v2\/posts\/390906\/revisions"}],"wp:featuredmedia":[{"embeddable":true,"href":"https:\/\/www.europesays.com\/pt\/wp-json\/wp\/v2\/media\/390907"}],"wp:attachment":[{"href":"https:\/\/www.europesays.com\/pt\/wp-json\/wp\/v2\/media?parent=390906"}],"wp:term":[{"taxonomy":"category","embeddable":true,"href":"https:\/\/www.europesays.com\/pt\/wp-json\/wp\/v2\/categories?post=390906"},{"taxonomy":"post_tag","embeddable":true,"href":"https:\/\/www.europesays.com\/pt\/wp-json\/wp\/v2\/tags?post=390906"}],"curies":[{"name":"wp","href":"https:\/\/api.w.org\/{rel}","templated":true}]}}