{"id":390963,"date":"2026-05-22T12:21:19","date_gmt":"2026-05-22T12:21:19","guid":{"rendered":"https:\/\/www.europesays.com\/pt\/390963\/"},"modified":"2026-05-22T12:21:19","modified_gmt":"2026-05-22T12:21:19","slug":"lembra-se-de-jacques-costa-fez-algo-inedito-no-big-brother-e-agora-esta-muito-diferente-veja-as-fotos-secret-story","status":"publish","type":"post","link":"https:\/\/www.europesays.com\/pt\/390963\/","title":{"rendered":"Lembra-se de Jacques Costa? Fez algo in\u00e9dito no Big Brother e agora est\u00e1 muito diferente. Veja as fotos &#8211; Secret Story"},"content":{"rendered":"<p>\n                    Veja como est\u00e1 hoje a concorrente marcante.\n                <\/p>\n<p data-end=\"443\" data-start=\"0\">Jacques Costa continua a ser um dos nomes mais recordados da edi\u00e7\u00e3o de 2024 do Big Brother, n\u00e3o s\u00f3 pelo percurso no jogo, mas tamb\u00e9m por um momento que ficou marcado como in\u00e9dito no formato.<\/p>\n<p data-end=\"443\" data-start=\"0\">Durante uma das galas, recusou-se a nomear outros concorrentes, justificando a decis\u00e3o com a sua postura e com o desejo de n\u00e3o compactuar com \u201cguerras\u201d dentro da casa e defender a paz.\u00a0<\/p>\n<p data-end=\"797\" data-start=\"445\">Perante essa recusa, o Big Brother nomeou-a de imediato, colocando-a em risco de expuls\u00e3o. Mas Cl\u00e1udio Ramos n\u00e3o concordou e sugeriu uma expuls\u00e3o direta.\u00a0<\/p>\n<p data-end=\"797\" data-start=\"445\">A concorrente acabou mesmo por ser expulsa, num momento que marcou a edi\u00e7\u00e3o e continua a ser recordado pelos f\u00e3s do reality show.<\/p>\n<p data-end=\"797\" data-start=\"445\">Agora, longe da casa mais vigiada do pa\u00eds, Jacques Costa surge bastante diferente nas imagens mais recentes, com uma apar\u00eancia e estilo renovados que t\u00eam chamado a aten\u00e7\u00e3o nas redes sociais.<\/p>\n<p data-end=\"797\" data-start=\"445\">Percorra a galeria que prepar\u00e1mos para si e veja como est\u00e1 hoje a ex-concorrente.\u00a0<\/p>\n","protected":false},"excerpt":{"rendered":"Veja como est\u00e1 hoje a concorrente marcante. Jacques Costa continua a ser um dos nomes mais recordados da&hellip;\n","protected":false},"author":2,"featured_media":390964,"comment_status":"","ping_status":"","sticky":false,"template":"","format":"standard","meta":{"footnotes":"","_share_on_mastodon":"0"},"categories":[142],"tags":[18706,7080,114,115,18705,37964,32,33,151,18704],"class_list":["post-390963","post","type-post","status-publish","format-standard","has-post-thumbnail","category-tv","tag-bastidores-secret-story","tag-big-brother-2024","tag-entertainment","tag-entretenimento","tag-entrevistas-concorrentes-tvi","tag-jacques-costa","tag-portugal","tag-pt","tag-tv","tag-vida-fora-da-casa"],"share_on_mastodon":{"url":"https:\/\/pubeurope.com\/@pt\/116618204776899528","error":""},"_links":{"self":[{"href":"https:\/\/www.europesays.com\/pt\/wp-json\/wp\/v2\/posts\/390963","targetHints":{"allow":["GET"]}}],"collection":[{"href":"https:\/\/www.europesays.com\/pt\/wp-json\/wp\/v2\/posts"}],"about":[{"href":"https:\/\/www.europesays.com\/pt\/wp-json\/wp\/v2\/types\/post"}],"author":[{"embeddable":true,"href":"https:\/\/www.europesays.com\/pt\/wp-json\/wp\/v2\/users\/2"}],"replies":[{"embeddable":true,"href":"https:\/\/www.europesays.com\/pt\/wp-json\/wp\/v2\/comments?post=390963"}],"version-history":[{"count":0,"href":"https:\/\/www.europesays.com\/pt\/wp-json\/wp\/v2\/posts\/390963\/revisions"}],"wp:featuredmedia":[{"embeddable":true,"href":"https:\/\/www.europesays.com\/pt\/wp-json\/wp\/v2\/media\/390964"}],"wp:attachment":[{"href":"https:\/\/www.europesays.com\/pt\/wp-json\/wp\/v2\/media?parent=390963"}],"wp:term":[{"taxonomy":"category","embeddable":true,"href":"https:\/\/www.europesays.com\/pt\/wp-json\/wp\/v2\/categories?post=390963"},{"taxonomy":"post_tag","embeddable":true,"href":"https:\/\/www.europesays.com\/pt\/wp-json\/wp\/v2\/tags?post=390963"}],"curies":[{"name":"wp","href":"https:\/\/api.w.org\/{rel}","templated":true}]}}