{"id":391018,"date":"2026-05-22T13:19:08","date_gmt":"2026-05-22T13:19:08","guid":{"rendered":"https:\/\/www.europesays.com\/pt\/391018\/"},"modified":"2026-05-22T13:19:08","modified_gmt":"2026-05-22T13:19:08","slug":"vem-ai-em-a-protegida-laura-teme-perder-oscar-e-faz-pedido-inesperado-novelas","status":"publish","type":"post","link":"https:\/\/www.europesays.com\/pt\/391018\/","title":{"rendered":"Vem a\u00ed em \u00abA Protegida\u00bb: Laura teme perder \u00d3scar e faz pedido inesperado &#8211; Novelas"},"content":{"rendered":"<p>Em \u00abA Protegida\u00bb, <a href=\"https:\/\/tvi.iol.pt\/novelas\/search?pagina=1&amp;pesquisa=alexandra+lencastre\" rel=\"nofollow noopener\" target=\"_blank\">Laura (Alexandra Lencastre)<\/a>\u00a0 fala com <a href=\"https:\/\/tvi.iol.pt\/novelas\/search?pagina=1&amp;pesquisa=joaquim+horta\" rel=\"nofollow noopener\" target=\"_blank\">\u00d3scar (Joaquim Horta<\/a>) ao telefone e diz que dava tudo para conseguir proteger a filha. \u00d3scar quer ir ter com Laura, mas ela pede-lhe para n\u00e3o ir, pois quer estar dispon\u00edvel para a filha.<\/p>\n<p>No entanto, diz que h\u00e1 uma coisa que \u00d3scar pode fazer para ajudar: n\u00e3o ir patrulhar bairros perigosos, para n\u00e3o a deixar ainda mais preocupada. \u00d3scar acede.<\/p>\n","protected":false},"excerpt":{"rendered":"Em \u00abA Protegida\u00bb, Laura (Alexandra Lencastre)\u00a0 fala com \u00d3scar (Joaquim Horta) ao telefone e diz que dava tudo&hellip;\n","protected":false},"author":2,"featured_media":391019,"comment_status":"","ping_status":"","sticky":false,"template":"","format":"standard","meta":{"footnotes":"","_share_on_mastodon":"0"},"categories":[142],"tags":[168,882,160,166,114,115,157,167,1406,164,885,161,1409,158,165,159,32,33,156,163,151,162],"class_list":["post-391018","post","type-post","status-publish","format-standard","has-post-thumbnail","category-tv","tag-a-protegida","tag-alexandra-lencastre","tag-ana-guiomar","tag-cristina-ferreira","tag-entertainment","tag-entretenimento","tag-festa-e-festa","tag-ficcao","tag-joaquim-horta","tag-jose-fidalgo","tag-laura","tag-novelas","tag-oscar","tag-para-sempre","tag-pedro-sousa","tag-pedro-teixeira","tag-portugal","tag-pt","tag-queridos-papas","tag-tiago-teotonio-pereira","tag-tv","tag-tvi"],"share_on_mastodon":{"url":"","error":""},"_links":{"self":[{"href":"https:\/\/www.europesays.com\/pt\/wp-json\/wp\/v2\/posts\/391018","targetHints":{"allow":["GET"]}}],"collection":[{"href":"https:\/\/www.europesays.com\/pt\/wp-json\/wp\/v2\/posts"}],"about":[{"href":"https:\/\/www.europesays.com\/pt\/wp-json\/wp\/v2\/types\/post"}],"author":[{"embeddable":true,"href":"https:\/\/www.europesays.com\/pt\/wp-json\/wp\/v2\/users\/2"}],"replies":[{"embeddable":true,"href":"https:\/\/www.europesays.com\/pt\/wp-json\/wp\/v2\/comments?post=391018"}],"version-history":[{"count":0,"href":"https:\/\/www.europesays.com\/pt\/wp-json\/wp\/v2\/posts\/391018\/revisions"}],"wp:featuredmedia":[{"embeddable":true,"href":"https:\/\/www.europesays.com\/pt\/wp-json\/wp\/v2\/media\/391019"}],"wp:attachment":[{"href":"https:\/\/www.europesays.com\/pt\/wp-json\/wp\/v2\/media?parent=391018"}],"wp:term":[{"taxonomy":"category","embeddable":true,"href":"https:\/\/www.europesays.com\/pt\/wp-json\/wp\/v2\/categories?post=391018"},{"taxonomy":"post_tag","embeddable":true,"href":"https:\/\/www.europesays.com\/pt\/wp-json\/wp\/v2\/tags?post=391018"}],"curies":[{"name":"wp","href":"https:\/\/api.w.org\/{rel}","templated":true}]}}