{"id":39112,"date":"2025-08-21T18:16:27","date_gmt":"2025-08-21T18:16:27","guid":{"rendered":"https:\/\/www.europesays.com\/pt\/39112\/"},"modified":"2025-08-21T18:16:27","modified_gmt":"2025-08-21T18:16:27","slug":"conitec-rejeita-oferta-de-ozempic-wegovy-e-similares-no-sus-jota-jornalismo","status":"publish","type":"post","link":"https:\/\/www.europesays.com\/pt\/39112\/","title":{"rendered":"Conitec rejeita oferta de Ozempic, Wegovy e similares no SUS &#8211; JOTA Jornalismo"},"content":{"rendered":"<ol>\n<li><a href=\"https:\/\/news.google.com\/rss\/articles\/CBMikAFBVV95cUxNbWhLZ2xYWFNGQmxrU2U4U1V5b0NEVnhWdjl1WEkycTVLU2xpZ2tyazFzTFBVWWNZNmZoY1BnamVNWFhzQ0I1RlRqbV9rdmNrSkF0S1g3S19MZC1QN0QxMUJpLVZkQ3ZNcVNtSV8zZzhCbFRNcURVbTdXcE9EYkhVMnJ5SFY3a1pjaFJfWUdsVU8?oc=5\" target=\"_blank\" rel=\"nofollow noopener\">Conitec rejeita oferta de Ozempic, Wegovy e similares no SUS<\/a>&nbsp;&nbsp;JOTA Jornalismo<\/li>\n<li><a href=\"https:\/\/news.google.com\/rss\/articles\/CBMiywFBVV95cUxQRTAtMjBSZHNiZ0Z6dXVCSWtNOVRfdUg2MEdCcE1VZXhNLWQwYUU4Z3JOc2RIWExWRXJZYzZuZzJwZ3NUS3ZiUDRUa3hlUktmWlc5UmtGdnd3ZTBhUlM5R0YxRzlrZUJvbllIbDlPOWpkRVIzVGxoRTRtWEtLNjM0ZWRVVFJCS2Y1dmNhSm1FQzRSR05vZENTWFNlSHVNNU1Vajl2NFNYbndXWFBKLTBvU1VvbU9fYUhyRGFPYmdaQlNSMml0cE13TXozZ9IB2gFBVV95cUxOLWcxeDZlN1p4R2ZWb3dfXzdIeHFvTE54ak5mejdDR2FTSHBxd1E3MG9LTmlRY3VfalBTbWZPb3kzeDMtTE05NTF4VExOUGNGRmowNy1oWTRSczZDSmhyY1praTVZa1ZaOUZ2UFNnaEV0NU14ZGtzU2VRRVE4UXM2SjlrQy1JZXNNZ3cxak1haThKUHFxYUJ3MzJjaDdGUEtzNklGZEkzTHVxSm9TT1BMUGIyQjdQZnBPNU5nTjhJOEIwR3FWS1RoZXZlU2diQ09Jd09sVWh3WlpQQQ?oc=5\" target=\"_blank\" rel=\"nofollow noopener\">Comiss\u00e3o ligada ao Minist\u00e9rio da Sa\u00fade barra incorpora\u00e7\u00e3o de Wegovy e Saxenda no SUS<\/a>&nbsp;&nbsp;O Globo<\/li>\n<li><a href=\"https:\/\/news.google.com\/rss\/articles\/CBMilwFBVV95cUxNcjBkQkhWV2wxUUlGdGZyZjhpZWdyamI4VERYdnlZZzlFbWdvdHduMGJmOC1Pc0h2dGlqekpCUC1GekhMRlgzRFN0NERGSDdUTVFaY3c3VDhPSDNFcGlWTWdKTUFpSTlhdGU2bTR1aHlQSGlBcnMtaExaMlhzSjFVcldoV3kzbi1oY0ktNkZ0WkhWWDFfVElz?oc=5\" target=\"_blank\" rel=\"nofollow noopener\">Semaglutida pode ir para o SUS? Veja novo parecer do governo<\/a>&nbsp;&nbsp;VEJA<\/li>\n<li><a href=\"https:\/\/news.google.com\/rss\/articles\/CBMib0FVX3lxTFB6bjlxUEVqV0lCY3NXSFlGOFZVRktBSWhmeFdjYk83d0RhN0ZaN3NRRFZsQnJ0VzlIdkUwZkoxU3BqVUsxYk1VZjFCN3VhU0lvRE5aZU1oQUZhSFM0VUloa0NRMmpmZnRZZTd5Snl4aw?oc=5\" target=\"_blank\" rel=\"nofollow noopener\">Conitec rejeita incluir Wegovy e Saxenda no SUS: \u201cAlto custo\u201d<\/a>&nbsp;&nbsp;Metr\u00f3poles<\/li>\n<li><a href=\"https:\/\/news.google.com\/rss\/articles\/CBMiuwFBVV95cUxQZURSSm41VktudmpsSmJEZHhTa3FFQ3VjTDBJODBoRmRNVlBvQXEtQ3VrczJ0cHFnanpQa2FFaDFUTXF0UXMwMnFpdTcySXhwUmttdlB1RFdIal9ZMmVrSGlPSUM2SDJFUDNrUHpEblFDbENRcjNNc2pYWDhHbU9MRy1TWkRCQXl1THFkaFFib2ZJU3NGM3NPbExtSjZxbTdGQzlNeTE0LW9uaDFNSXRjeE9VRTF4OTJGN3F30gHAAUFVX3lxTE11NEFzd2ZHSTV0NU1GN3dhQzhQSDk1ZHA2TmVXR0I0dUtOQlp4YU1qRElLYUV3MnZQN1RfeVI0ZDdBRldWdDFLWVVwWkpjWjdXaFpuMENpcHZIS2RaMm1ULXFTXzJ6VHlRbDB1QWU3UWR6VFB2MEJfOGV3NG9yTmpZZzU1eEp6V1pwdGlpdVMwejVJMTdUeDJCd1pMLXg0aFRQX1pTdnNZaHMwS0hJYWF2VDlKckdpbW5PTEtiQzZjdg?oc=5\" target=\"_blank\" rel=\"nofollow noopener\">Comiss\u00e3o ligada ao Minist\u00e9rio da Sa\u00fade rejeita inclus\u00e3o de canetas emagrecedoras no SUS<\/a>&nbsp;&nbsp;Portal Leo Dias<\/li>\n<\/ol>\n","protected":false},"excerpt":{"rendered":"Conitec rejeita oferta de Ozempic, Wegovy e similares no SUS&nbsp;&nbsp;JOTA Jornalismo Comiss\u00e3o ligada ao Minist\u00e9rio da Sa\u00fade barra&hellip;\n","protected":false},"author":2,"featured_media":39113,"comment_status":"","ping_status":"","sticky":false,"template":"","format":"standard","meta":{"footnotes":""},"categories":[86],"tags":[12013,116,12014,3083,12015,1025,32,33,117,3008],"class_list":{"0":"post-39112","1":"post","2":"type-post","3":"status-publish","4":"format-standard","5":"has-post-thumbnail","7":"category-saude","8":"tag-conitec","9":"tag-health","10":"tag-jota-pro-saude","11":"tag-medicamentos","12":"tag-novo-nordisk","13":"tag-ozempic","14":"tag-portugal","15":"tag-pt","16":"tag-saude","17":"tag-wegovy"},"share_on_mastodon":{"url":"","error":""},"_links":{"self":[{"href":"https:\/\/www.europesays.com\/pt\/wp-json\/wp\/v2\/posts\/39112","targetHints":{"allow":["GET"]}}],"collection":[{"href":"https:\/\/www.europesays.com\/pt\/wp-json\/wp\/v2\/posts"}],"about":[{"href":"https:\/\/www.europesays.com\/pt\/wp-json\/wp\/v2\/types\/post"}],"author":[{"embeddable":true,"href":"https:\/\/www.europesays.com\/pt\/wp-json\/wp\/v2\/users\/2"}],"replies":[{"embeddable":true,"href":"https:\/\/www.europesays.com\/pt\/wp-json\/wp\/v2\/comments?post=39112"}],"version-history":[{"count":0,"href":"https:\/\/www.europesays.com\/pt\/wp-json\/wp\/v2\/posts\/39112\/revisions"}],"wp:featuredmedia":[{"embeddable":true,"href":"https:\/\/www.europesays.com\/pt\/wp-json\/wp\/v2\/media\/39113"}],"wp:attachment":[{"href":"https:\/\/www.europesays.com\/pt\/wp-json\/wp\/v2\/media?parent=39112"}],"wp:term":[{"taxonomy":"category","embeddable":true,"href":"https:\/\/www.europesays.com\/pt\/wp-json\/wp\/v2\/categories?post=39112"},{"taxonomy":"post_tag","embeddable":true,"href":"https:\/\/www.europesays.com\/pt\/wp-json\/wp\/v2\/tags?post=39112"}],"curies":[{"name":"wp","href":"https:\/\/api.w.org\/{rel}","templated":true}]}}