{"id":391292,"date":"2026-05-22T18:08:12","date_gmt":"2026-05-22T18:08:12","guid":{"rendered":"https:\/\/www.europesays.com\/pt\/391292\/"},"modified":"2026-05-22T18:08:12","modified_gmt":"2026-05-22T18:08:12","slug":"afonso-eulalio-continua-de-rosa-na-etapa-do-azar-da-volta-a-italia-ciclismo","status":"publish","type":"post","link":"https:\/\/www.europesays.com\/pt\/391292\/","title":{"rendered":"Afonso Eul\u00e1lio continua de rosa na etapa do \u201cazar\u201d da Volta a It\u00e1lia | Ciclismo"},"content":{"rendered":"<p>A 13.\u00aa etapa da <a href=\"https:\/\/www.publico.pt\/volta-a-italia\" target=\"_self\" rel=\"nofollow noopener\">Volta a It\u00e1lia<\/a> n\u00e3o foi de azar para o l\u00edder, Afonso Eul\u00e1lio (Bahrain)\u200b, que manteve a camisola rosa, nem para o italiano Alberto Bettiol (Astana), que se imp\u00f4s nos \u00faltimos 13 quil\u00f3metros, somando o segundo triunfo da carreira na prova ap\u00f3s uma fuga \u00e0 entrada de Verbania.<\/p>\n<p>O italiano de 32 anos integrou a fuga do dia antes de se isolar, j\u00e1 muito perto do final, numa etapa de 189 quil\u00f3metros que ligou Alessandria a Verbania. Bettiol cortou a meta ap\u00f3s 3h51m33s de corrida, \u00e0 frente do noruegu\u00eas Andreas Leknessund (Uno-X), que chegou 26 segundos depois do italiano, e do belga Jasper Stuyven (Soudal Quick-Step), terceiro, a 44 segundos do vencedor.<\/p>\n<p>        &#13;<\/p>\n<blockquote class=\"twitter-tweet\" data-media-max-width=\"560\">\n<p lang=\"it\" dir=\"ltr\">??Five years later, a second win at the Corsa Rosa, and a finish of pure joy!<\/p>\n<p>??Cinque anni dopo, la seconda perla alla Corsa Rosa, e un finale di gioia assoluta!<\/p>\n<p>? The <a href=\"https:\/\/twitter.com\/continentaltire?ref_src=twsrc%5Etfw\" rel=\"nofollow noopener\" target=\"_blank\">@continentaltire<\/a> Ultimo Kilometro<a href=\"https:\/\/twitter.com\/hashtag\/GirodItalia?src=hash&amp;ref_src=twsrc%5Etfw\" rel=\"nofollow noopener\" target=\"_blank\">#GirodItalia<\/a> <a href=\"https:\/\/t.co\/UY5EFaYTX4\" rel=\"nofollow\">pic.twitter.com\/UY5EFaYTX4<\/a><\/p>\n<p>\u2014 Giro d&#8217;Italia (@giroditalia) <a href=\"https:\/\/twitter.com\/giroditalia\/status\/2057840084641034624?ref_src=twsrc%5Etfw\" rel=\"nofollow noopener\" target=\"_blank\">May 22, 2026<\/a><\/p><\/blockquote>\n<p> &#13;<\/p>\n<p><a href=\"http:\/\/publico.pt\/2026\/05\/21\/desporto\/noticia\/dia-rosa-afonso-eulalio-2175556?ref=volta-a-italia&amp;cx=page__content\" target=\"_self\" rel=\"nofollow noopener\">Afonso Eul\u00e1lio<\/a> chegou com o pelot\u00e3o, a mais de 13 minutos de Bettiol, <a href=\"https:\/\/www.publico.pt\/2026\/05\/13\/desporto\/noticia\/afonso-eulalio-escapou-tornouse-lider-giro-2174587?ref=volta-a-italia&amp;cx=page__content\" target=\"_self\" rel=\"nofollow noopener\">mantendo a primeira posi\u00e7\u00e3o da geral<\/a>, com o dinamarqu\u00eas <a href=\"https:\/\/www.giroditalia.it\/classifiche\/\" target=\"_self\" rel=\"nofollow noopener\">Jonas Vingegaard (Visma-Lease a Bike) a 33 segundos da lideran\u00e7a<\/a> e o neerland\u00eas Thymen Arensman (Netcompany INEOS) a 2m03s.<\/p>\n<p>Este s\u00e1bado, o portugu\u00eas de 24 anos enfrenta novo teste \u00e0 lideran\u00e7a numa etapa de 133 quil\u00f3metros, entre Aosta e Pila, que inclui tr\u00eas contagens de primeira categoria, a \u00faltima das quais a coincidir com a meta.<\/p>\n<p>        &#13;<\/p>\n<blockquote class=\"twitter-tweet\" data-media-max-width=\"560\">\n<p lang=\"en\" dir=\"ltr\">BETTIOL GOES SOLO THROUGH THE CROWDS! <\/p>\n<p>He&#8217;s flying towards Verbania, and towards a second <a href=\"https:\/\/twitter.com\/hashtag\/Giroditalia?src=hash&amp;ref_src=twsrc%5Etfw\" rel=\"nofollow noopener\" target=\"_blank\">#Giroditalia<\/a> win ?? <a href=\"https:\/\/t.co\/8CGdSlvWd5\" rel=\"nofollow\">pic.twitter.com\/8CGdSlvWd5<\/a><\/p>\n<p>\u2014 Giro d&#8217;Italia (@giroditalia) <a href=\"https:\/\/twitter.com\/giroditalia\/status\/2057835203855348136?ref_src=twsrc%5Etfw\" rel=\"nofollow noopener\" target=\"_blank\">May 22, 2026<\/a><\/p><\/blockquote>\n<p> &#13;<\/p>\n<p>            <script async src=\"https:\/\/platform.twitter.com\/widgets.js\" charset=\"utf-8\"><\/script><\/p>\n","protected":false},"excerpt":{"rendered":"A 13.\u00aa etapa da Volta a It\u00e1lia n\u00e3o foi de azar para o l\u00edder, Afonso Eul\u00e1lio (Bahrain)\u200b, que&hellip;\n","protected":false},"author":2,"featured_media":391293,"comment_status":"","ping_status":"","sticky":false,"template":"","format":"standard","meta":{"footnotes":"","_share_on_mastodon":"0"},"categories":[8],"tags":[27,28,1342,135,15,16,14,25,26,21,22,12,13,19,20,1867,32,23,24,33,17,18,29,30,31,37924],"class_list":["post-391292","post","type-post","status-publish","format-standard","has-post-thumbnail","category-principais-noticias","tag-breaking-news","tag-breakingnews","tag-ciclismo","tag-desporto","tag-featured-news","tag-featurednews","tag-headlines","tag-latest-news","tag-latestnews","tag-main-news","tag-mainnews","tag-news","tag-noticias","tag-noticias-principais","tag-noticiasprincipais","tag-outras-modalidades","tag-portugal","tag-principais-noticias","tag-principaisnoticias","tag-pt","tag-top-stories","tag-topstories","tag-ultimas","tag-ultimas-noticias","tag-ultimasnoticias","tag-volta-a-italia"],"share_on_mastodon":{"url":"https:\/\/pubeurope.com\/@pt\/116619569523985893","error":""},"_links":{"self":[{"href":"https:\/\/www.europesays.com\/pt\/wp-json\/wp\/v2\/posts\/391292","targetHints":{"allow":["GET"]}}],"collection":[{"href":"https:\/\/www.europesays.com\/pt\/wp-json\/wp\/v2\/posts"}],"about":[{"href":"https:\/\/www.europesays.com\/pt\/wp-json\/wp\/v2\/types\/post"}],"author":[{"embeddable":true,"href":"https:\/\/www.europesays.com\/pt\/wp-json\/wp\/v2\/users\/2"}],"replies":[{"embeddable":true,"href":"https:\/\/www.europesays.com\/pt\/wp-json\/wp\/v2\/comments?post=391292"}],"version-history":[{"count":0,"href":"https:\/\/www.europesays.com\/pt\/wp-json\/wp\/v2\/posts\/391292\/revisions"}],"wp:featuredmedia":[{"embeddable":true,"href":"https:\/\/www.europesays.com\/pt\/wp-json\/wp\/v2\/media\/391293"}],"wp:attachment":[{"href":"https:\/\/www.europesays.com\/pt\/wp-json\/wp\/v2\/media?parent=391292"}],"wp:term":[{"taxonomy":"category","embeddable":true,"href":"https:\/\/www.europesays.com\/pt\/wp-json\/wp\/v2\/categories?post=391292"},{"taxonomy":"post_tag","embeddable":true,"href":"https:\/\/www.europesays.com\/pt\/wp-json\/wp\/v2\/tags?post=391292"}],"curies":[{"name":"wp","href":"https:\/\/api.w.org\/{rel}","templated":true}]}}