{"id":391348,"date":"2026-05-22T19:09:10","date_gmt":"2026-05-22T19:09:10","guid":{"rendered":"https:\/\/www.europesays.com\/pt\/391348\/"},"modified":"2026-05-22T19:09:10","modified_gmt":"2026-05-22T19:09:10","slug":"reconciliacao-a-vista-sonia-jesus-abre-o-coracao-sobre-vito-pode-ser-que-ele-volte-para-mim-secret-story","status":"publish","type":"post","link":"https:\/\/www.europesays.com\/pt\/391348\/","title":{"rendered":"Reconcilia\u00e7\u00e3o \u00e0 vista? S\u00f3nia Jesus abre o cora\u00e7\u00e3o sobre Vit\u00f3: \u00abPode ser que ele volte para mim\u00bb &#8211; Secret Story"},"content":{"rendered":"<p data-end=\"546\" data-start=\"145\">S\u00f3nia Jesus esteve \u00e0 conversa com<strong> Cl\u00e1udio Ramos<\/strong> no programa Dois \u00e0s 10, onde revisitou a sua passagem pelos reality shows da esta\u00e7\u00e3o, mas acabou tamb\u00e9m por falar sobre a fase mais sens\u00edvel que atravessa na vida pessoal. Recorde-se que <a href=\"https:\/\/tvi.iol.pt\/secretstory\/carolina-pinto\/marco-costa\/separacoes-inesperadas-marco-costa-e-carolina-pinto-nao-foram-os-unicos-com-eles-o-amor-tambem-nao-venceu\" rel=\"nofollow noopener\" target=\"_blank\"><strong>S\u00f3nia <\/strong>anunciou a <strong>separa\u00e7\u00e3o <\/strong>de <\/a><strong><a href=\"https:\/\/tvi.iol.pt\/secretstory\/carolina-pinto\/marco-costa\/separacoes-inesperadas-marco-costa-e-carolina-pinto-nao-foram-os-unicos-com-eles-o-amor-tambem-nao-venceu\" rel=\"nofollow noopener\" target=\"_blank\">Vit\u00f3<\/a> <\/strong>em outubro do ano passado, colocando um ponto final numa rela\u00e7\u00e3o marcada por v\u00e1rios momentos especiais.<\/p>\n<p data-end=\"1029\" data-start=\"548\">Durante a conversa, o apresentador recordou o pedido de casamento em direto no <strong>Big Brother 2020<\/strong> e lan\u00e7ou uma quest\u00e3o carregada de emo\u00e7\u00e3o: <strong>\u00abQuantas vezes fechas os olhinhos e imaginas o Vit\u00f3 de joelhos a pedir-te em casamento ali \u00e0 minha frente?\u00bb. <\/strong>Sem esconder o carinho que continua a sentir pelo pai dos seus tr\u00eas filhos, S\u00f3nia respondeu:<strong> \u00abOh\u2026 Pode ser que um dia destes eu venha c\u00e1 outra vez [e que ele diga] \u2018Cl\u00e1udio, quero voltar para a S\u00f3nia, ajuda-me\u2019\u2026\u00bb<\/strong>.<\/p>\n<p data-end=\"1573\" data-is-last-node=\"\" data-is-only-node=\"\" data-start=\"1031\">A resposta apanhou Cl\u00e1udio Ramos de surpresa, que n\u00e3o resistiu a tentar perceber se ainda existe margem para uma reconcilia\u00e7\u00e3o: <strong>\u00abEspera! Acabaste de dar um sinalzinho. Voc\u00eas n\u00e3o est\u00e3o juntos porque tu n\u00e3o queres ou porque ele n\u00e3o quer?\u00bb<\/strong>. Apesar de n\u00e3o querer aprofundar o tema, S\u00f3nia voltou a deixar a porta entreaberta ao afirmar:<strong> \u00abOh Cl\u00e1udio, o destino a Deus pertence. Pode ser que ele entre em contacto contigo\u2026 Olha\u2026 Isso \u00e9 que era\u00bb<\/strong>. Uma resposta que rapidamente alimentou a esperan\u00e7a dos f\u00e3s numa poss\u00edvel reaproxima\u00e7\u00e3o do antigo casal.<\/p>\n<p><strong>Veja o v\u00eddeo.<\/strong><\/p>\n","protected":false},"excerpt":{"rendered":"S\u00f3nia Jesus esteve \u00e0 conversa com Cl\u00e1udio Ramos no programa Dois \u00e0s 10, onde revisitou a sua passagem&hellip;\n","protected":false},"author":2,"featured_media":391349,"comment_status":"","ping_status":"","sticky":false,"template":"","format":"standard","meta":{"footnotes":"","_share_on_mastodon":"0"},"categories":[142],"tags":[2642,18706,329,114,115,18705,32,33,1412,20528,151,18704,23668],"class_list":["post-391348","post","type-post","status-publish","format-standard","has-post-thumbnail","category-tv","tag-amor","tag-bastidores-secret-story","tag-claudio-ramos","tag-entertainment","tag-entretenimento","tag-entrevistas-concorrentes-tvi","tag-portugal","tag-pt","tag-reconciliacao","tag-sonia-jesus","tag-tv","tag-vida-fora-da-casa","tag-vito"],"share_on_mastodon":{"url":"https:\/\/pubeurope.com\/@pt\/116619808988206484","error":""},"_links":{"self":[{"href":"https:\/\/www.europesays.com\/pt\/wp-json\/wp\/v2\/posts\/391348","targetHints":{"allow":["GET"]}}],"collection":[{"href":"https:\/\/www.europesays.com\/pt\/wp-json\/wp\/v2\/posts"}],"about":[{"href":"https:\/\/www.europesays.com\/pt\/wp-json\/wp\/v2\/types\/post"}],"author":[{"embeddable":true,"href":"https:\/\/www.europesays.com\/pt\/wp-json\/wp\/v2\/users\/2"}],"replies":[{"embeddable":true,"href":"https:\/\/www.europesays.com\/pt\/wp-json\/wp\/v2\/comments?post=391348"}],"version-history":[{"count":0,"href":"https:\/\/www.europesays.com\/pt\/wp-json\/wp\/v2\/posts\/391348\/revisions"}],"wp:featuredmedia":[{"embeddable":true,"href":"https:\/\/www.europesays.com\/pt\/wp-json\/wp\/v2\/media\/391349"}],"wp:attachment":[{"href":"https:\/\/www.europesays.com\/pt\/wp-json\/wp\/v2\/media?parent=391348"}],"wp:term":[{"taxonomy":"category","embeddable":true,"href":"https:\/\/www.europesays.com\/pt\/wp-json\/wp\/v2\/categories?post=391348"},{"taxonomy":"post_tag","embeddable":true,"href":"https:\/\/www.europesays.com\/pt\/wp-json\/wp\/v2\/tags?post=391348"}],"curies":[{"name":"wp","href":"https:\/\/api.w.org\/{rel}","templated":true}]}}