{"id":391641,"date":"2026-05-23T01:34:13","date_gmt":"2026-05-23T01:34:13","guid":{"rendered":"https:\/\/www.europesays.com\/pt\/391641\/"},"modified":"2026-05-23T01:34:13","modified_gmt":"2026-05-23T01:34:13","slug":"criou-a-empresa-ha-pouco-tempo-e-ja-conseguiu-um-feito-inedito-este-ex-concorrente-ja-limpou-o-iate-de-cristiano-ronaldo-secret-story","status":"publish","type":"post","link":"https:\/\/www.europesays.com\/pt\/391641\/","title":{"rendered":"Criou a empresa h\u00e1 pouco tempo e j\u00e1 conseguiu um feito in\u00e9dito. Este ex-concorrente j\u00e1 limpou o iate de Cristiano Ronaldo &#8211; Secret Story"},"content":{"rendered":"<p data-end=\"581\" data-start=\"157\">Depois das passagens por alguns reality shows da TVI,\u00a0<a href=\"https:\/\/tvi.iol.pt\/secretstory\/joana-diniz\/companhia-especial\/de-ferias-no-brasil-joana-diniz-mostra-foto-muito-atrevida-com-ex-concorrente-do-big-brother\" rel=\"nofollow noopener\" target=\"_blank\"><strong>Gabriel Sousa<\/strong> decidiu dar uma volta<\/a> \u00e0 sua vida profissional e criou a empresa de limpezas <strong>GabClean<\/strong>. Esta sexta-feira, o ex-concorrente marcou presen\u00e7a no programa Dois \u00e0s 10, onde falou sobre esta nova fase e garantiu que j\u00e1 consegue viver exclusivamente deste projeto.<\/p>\n<p data-end=\"1535\" data-start=\"583\">Durante a conversa, Gabriel explicou que o neg\u00f3cio tem corrido bem e acabou por surpreender ao confirmar que<strong> j\u00e1 trabalhou para Cristiano Ronaldo<\/strong>. A revela\u00e7\u00e3o surgiu depois de Cl\u00e1udio Ramos lhe perguntar:<strong> \u00abTu limpaste o iate do Ronaldo?\u00bb<\/strong>. Sem hesitar, respondeu: \u00abSim\u00bb, acrescentando logo depois: <strong>\u00abMas ele n\u00e3o me fez publicidade\u00bb<\/strong>. Questionado se o craque pagou pelo servi\u00e7o, esclareceu: <strong>\u00abClaro\u00bb<\/strong>. O ex-concorrente contou ainda como tudo aconteceu: \u00abUma menina que eu conheci h\u00e1 uns tempos, quando trabalhava num restaurante, fiquei com amizade dela e mandou-me mensagem, viu que eu tinha a empresa, ela faz gest\u00e3o de eventos, e ela disse: \u201c<strong>Preciso que me venhas limpar um iate, vou-te mandar as fotos, d\u00e1-me o or\u00e7amento<\/strong>\u201d. Eu dei o or\u00e7amento, fechei, fui limpar at\u00e9 durante a noite e ela depois, quando eu l\u00e1 cheguei, \u00e9 que me disse: \u201cOlha, isto \u00e9 o iate do Ronaldo\u201d. Explicou-me tudo como \u00e9 que era, como \u00e9 que tinha que ser tratado\u00bb.<\/p>\n<p data-end=\"1991\" data-is-last-node=\"\" data-is-only-node=\"\" data-start=\"1537\">Perante a hist\u00f3ria, Cl\u00e1udio Ramos quis saber se o momento o deixou nervoso:<strong> \u00abEstavas nervoso?\u00bb<\/strong>. Gabriel foi direto:<strong> \u00abN\u00e3o. Hoje em dia j\u00e1 n\u00e3o fico nervoso\u00bb<\/strong>. O apresentador aproveitou ainda para brincar e perguntou se a embarca\u00e7\u00e3o <strong>\u00abestava muito sujo\u00bb<\/strong>, ao que o empres\u00e1rio respondeu<strong>: \u00abN\u00e3o, por acaso. E agora devo voltar a limpar em breve. N\u00e3o sei se \u00e9 o mesmo ou se ser\u00e1 outro\u00bb<\/strong>. Tudo indica que esta nova aposta profissional est\u00e1 a correr de vento em popa.<\/p>\n<p data-end=\"1991\" data-is-last-node=\"\" data-is-only-node=\"\" data-start=\"1537\"><strong>Veja o v\u00eddeo.<\/strong><\/p>\n<p data-end=\"1991\" data-is-last-node=\"\" data-is-only-node=\"\" data-start=\"1537\">\u00a0<\/p>\n","protected":false},"excerpt":{"rendered":"Depois das passagens por alguns reality shows da TVI,\u00a0Gabriel Sousa decidiu dar uma volta \u00e0 sua vida profissional&hellip;\n","protected":false},"author":2,"featured_media":391642,"comment_status":"","ping_status":"","sticky":false,"template":"","format":"standard","meta":{"footnotes":"","_share_on_mastodon":"0"},"categories":[142],"tags":[18706,329,667,114,115,18705,1728,18145,32,33,151,18704],"class_list":["post-391641","post","type-post","status-publish","format-standard","has-post-thumbnail","category-tv","tag-bastidores-secret-story","tag-claudio-ramos","tag-cristiano-ronaldo","tag-entertainment","tag-entretenimento","tag-entrevistas-concorrentes-tvi","tag-gabriel-sousa","tag-iate","tag-portugal","tag-pt","tag-tv","tag-vida-fora-da-casa"],"share_on_mastodon":{"url":"https:\/\/pubeurope.com\/@pt\/116621322933555865","error":""},"_links":{"self":[{"href":"https:\/\/www.europesays.com\/pt\/wp-json\/wp\/v2\/posts\/391641","targetHints":{"allow":["GET"]}}],"collection":[{"href":"https:\/\/www.europesays.com\/pt\/wp-json\/wp\/v2\/posts"}],"about":[{"href":"https:\/\/www.europesays.com\/pt\/wp-json\/wp\/v2\/types\/post"}],"author":[{"embeddable":true,"href":"https:\/\/www.europesays.com\/pt\/wp-json\/wp\/v2\/users\/2"}],"replies":[{"embeddable":true,"href":"https:\/\/www.europesays.com\/pt\/wp-json\/wp\/v2\/comments?post=391641"}],"version-history":[{"count":0,"href":"https:\/\/www.europesays.com\/pt\/wp-json\/wp\/v2\/posts\/391641\/revisions"}],"wp:featuredmedia":[{"embeddable":true,"href":"https:\/\/www.europesays.com\/pt\/wp-json\/wp\/v2\/media\/391642"}],"wp:attachment":[{"href":"https:\/\/www.europesays.com\/pt\/wp-json\/wp\/v2\/media?parent=391641"}],"wp:term":[{"taxonomy":"category","embeddable":true,"href":"https:\/\/www.europesays.com\/pt\/wp-json\/wp\/v2\/categories?post=391641"},{"taxonomy":"post_tag","embeddable":true,"href":"https:\/\/www.europesays.com\/pt\/wp-json\/wp\/v2\/tags?post=391641"}],"curies":[{"name":"wp","href":"https:\/\/api.w.org\/{rel}","templated":true}]}}