{"id":391945,"date":"2026-05-23T12:00:13","date_gmt":"2026-05-23T12:00:13","guid":{"rendered":"https:\/\/www.europesays.com\/pt\/391945\/"},"modified":"2026-05-23T12:00:13","modified_gmt":"2026-05-23T12:00:13","slug":"morre-dick-parry-saxofonista-de-pink-floyd-aos-83-anos","status":"publish","type":"post","link":"https:\/\/www.europesays.com\/pt\/391945\/","title":{"rendered":"Morre Dick Parry, saxofonista de Pink Floyd, aos 83 anos"},"content":{"rendered":"<p><img decoding=\"async\" class=\"cb-article-destaque\" src=\"https:\/\/www.europesays.com\/pt\/wp-content\/uploads\/2026\/05\/1_whatsapp-image-2026-05-23-at-08-04-17-66709943.jpeg\" alt=\"Morre Dick Parry, saxofonista de Pink Floyd -  (cr\u00e9dito: Reprodu\u00e7\u00e3o\/Instagram)\" title=\"Morre Dick Parry, saxofonista de Pink Floyd -  (cr\u00e9dito: Reprodu\u00e7\u00e3o\/Instagram)\" width=\"685\" height=\"470\" fetchpriority=\"high\"\/><\/p>\n<p>Morre Dick Parry, saxofonista de Pink Floyd &#8211;  (cr\u00e9dito: Reprodu\u00e7\u00e3o\/Instagram)<\/p>\n<p class=\"texto\">O saxofonista\u00a0Dick Parry morreu aos 83 anos na sexta-feira (22\/5). A informa\u00e7\u00e3o foi confirmada pelo m\u00fasico David Gilmour. A causa da morte n\u00e3o foi divulgada.\u00a0<\/p>\n<p class=\"texto\">Gilmour lembrou que desde os 17 anos tocou em bandas com Dick no saxofone, incluindo o Pink Floyd. &#8220;Seu feeling e timbre tornam seu jeito de tocar saxofone inconfund\u00edvel, uma assinatura de enorme beleza conhecida por milh\u00f5es e parte essencial de m\u00fasicas como Shine On You Crazy Diamond, Wish You Were Here, Us and Them e Money&#8221;, citou.<\/p>\n<p class=\"texto\">\n<ul>\n<li><a href=\"https:\/\/wa.me\/?text=Morre+Dick+Parry%2C+saxofonista+de+Pink+Floyd%2C+aos+83+anos%20https:\/\/www.correiobraziliense.com.br\/diversao-e-arte\/2026\/05\/7426374-morre-dick-parry-saxofonista-de-pink-floyd-aos-83-anos.html\" target=\"_blank\" title=\"Whatsapp\" aria-label=\"WhatsApp\" rel=\"nofollow noopener\"><\/a><\/li>\n<li><a href=\"https:\/\/www.facebook.com\/sharer.php?u=https:\/\/www.correiobraziliense.com.br%2Fdiversao-e-arte%2F2026%2F05%2F7426374-morre-dick-parry-saxofonista-de-pink-floyd-aos-83-anos.html&amp;text=Morre+Dick+Parry%2C+saxofonista+de+Pink+Floyd%2C+aos+83+anos\" target=\"_blank\" title=\"Facebook\" aria-label=\"Facebook\" rel=\"nofollow noopener\"><\/a><\/li>\n<li><a href=\"https:\/\/twitter.com\/intent\/tweet?url=https:\/\/www.correiobraziliense.com.br%2Fdiversao-e-arte%2F2026%2F05%2F7426374-morre-dick-parry-saxofonista-de-pink-floyd-aos-83-anos.html&amp;text=Morre+Dick+Parry%2C+saxofonista+de+Pink+Floyd%2C+aos+83+anos\" target=\"_blank\" title=\"Twitter\" aria-label=\"Twitter\" rel=\"nofollow noopener\"><\/a><\/li>\n<li><a href=\"https:\/\/profile.google.com\/cp\/CgovbS8wNzZ0dms1\" title=\"Google Discover\" target=\"_blank\" aria-label=\"Google Discover\" rel=\"nofollow noopener\"><img decoding=\"async\" src=\"https:\/\/www.europesays.com\/pt\/wp-content\/uploads\/2026\/05\/google-discover-icon.png\" style=\"height: 25px; margin: 0 !important; margin-left: 3px;\" alt=\"Google Discover Icon\"\/><\/a><\/li>\n<\/ul>\n<p>              <a href=\"https:\/\/www.correiobraziliense.com.br\/autor\/correio-braziliense\/page\/1\/\" style=\"height: 100%;\" rel=\"nofollow noopener\" target=\"_blank\"><img decoding=\"async\" class=\"hidden-print author-circle d-block h6 mt-0 mb-0 mr-6 text-center\" src=\"https:\/\/www.europesays.com\/pt\/wp-content\/uploads\/2026\/03\/1773468011_638_logo_800x800-32298422.png\" alt=\"\" width=\"40\" height=\"40\" loading=\"lazy\" style=\"object-fit:cover; width: 40px; height: 40px; margin-right:10px;\"\/><\/a><a href=\"https:\/\/www.correiobraziliense.com.br\/autor\/correio-braziliense\/page\/1\/\" rel=\"nofollow noopener\" target=\"_blank\"><img decoding=\"async\" class=\"hidden-print author-circle d-block h6 mt-0 mb-0 mr-6 text-center\" src=\"https:\/\/www.europesays.com\/pt\/wp-content\/uploads\/2026\/03\/1773468011_638_logo_800x800-32298422.png\" alt=\"\" width=\"40\" height=\"40\" loading=\"lazy\" style=\"object-fit:cover; width: 40px; height: 40px; margin-right:10px;\"\/><\/a><br \/>\n                              a>span {<br \/>\n                    color: #ffffff;<br \/>\n                    font-weight: 700;<br \/>\n                    font-size: 16px !important;<br \/>\n                  }<\/p>\n<p>                  .sigla {<br \/>\n                    display: flex;<br \/>\n                    justify-content: center;<br \/>\n                    align-items: center;<br \/>\n                    background-color: #073267 !important;<br \/>\n                  }<\/p>\n<p>                  .sigla>a>img {<br \/>\n                    width: 100% !important;<br \/>\n                    height: 100% !important;<br \/>\n                  }<\/p>\n<p>                  .orientacao_autor>div.autor>.item {<br \/>\n                    order: 1;<br \/>\n                  }<\/p>\n<p>                  .boxModalAuthor {<br \/>\n                    order: 2;<br \/>\n                  }<\/p>\n<p>                  .btnAutor {<br \/>\n                    background-color: #696969;<br \/>\n                    color: white;<br \/>\n                    width: 25px;<br \/>\n                    height: 25px;<br \/>\n                    border: none;<br \/>\n                    border-radius: 50%;<br \/>\n                    cursor: pointer;<br \/>\n                    text-align: center;<br \/>\n                    margin-left: 3px;<\/p>\n<p>                  }<\/p>\n<p>                  .boxModalAuthor {<br \/>\n                    transition: 2s;<br \/>\n                    margin: 20px 0;<br \/>\n                    padding: 20px;<br \/>\n                    \/* display: grid; *\/<br \/>\n                    grid-template-columns: 160px 1fr;<br \/>\n                    gap: 20px;<br \/>\n                    align-items: center;<br \/>\n                    border-radius: 8px;<br \/>\n                    background: #F5F6F8;<br \/>\n                    display: none;<br \/>\n                    animation: appear 350ms ease-in 1;<br \/>\n                    width: 100%;<br \/>\n                  }<\/p>\n<p>                  @keyframes appear {<br \/>\n                    0% {<br \/>\n                      opacity: 0;<br \/>\n                      transform: translateY(-10px);<br \/>\n                    }<br \/>\n                  }<\/p>\n<p>                  .content-materia .wrapper .body-content-cb article.article .autor .item {<br \/>\n                    margin: 0 !important;<br \/>\n                  }<\/p>\n<p>                  @media (max-width: 600px) {<br \/>\n                    .boxModalAuthor {<br \/>\n                      width: 100% !important;<br \/>\n                      max-width: 100% !important;<br \/>\n                      grid-template-columns: 1fr !important;<br \/>\n                      padding: 10px 0 !important;<br \/>\n                      margin: 10px;<br \/>\n                      justify-items: center !important;<br \/>\n                    }<\/p>\n<p>                    .autor,<br \/>\n                    .orientacao_autor {<br \/>\n                      padding: 0 !important;<br \/>\n                    }<\/p>\n<p>                    .entryImgAuthor img {<br \/>\n                      border-radius: 50% !important;<br \/>\n                      width: 160px !important;<br \/>\n                      height: 160px !important;<br \/>\n                      object-fit: cover !important;<br \/>\n                      max-width: unset !important;<br \/>\n                      margin: 0 !important;<br \/>\n                      padding: 0 !important;<br \/>\n                    }<\/p>\n<p>                    .entryImgAuthor {<br \/>\n                      margin: 0 !important;<br \/>\n                      padding: 0 !important;<br \/>\n                      width: 160px !important;<br \/>\n                      height: 160px !important;<br \/>\n                      overflow: hidden !important;<br \/>\n                      display: block !important;<br \/>\n                    }<\/p>\n<p>                    .socialAuthor {<br \/>\n                      justify-content: center;<br \/>\n                    }<\/p>\n<p>                    .entryNameAuthor {<br \/>\n                      text-align: center;<br \/>\n                      margin-bottom: 0 !important;<br \/>\n                    }<\/p>\n<p>                    .entryStrongAuthor {<br \/>\n                      margin-bottom: 10px !important;<br \/>\n                      width: 100% !important;<br \/>\n                      justify-content: center !important;<br \/>\n                      display: flex;<br \/>\n                      color: #444444bd !important;<br \/>\n                      font-size: 14px;<br \/>\n                      font-weight: 400;<br \/>\n                      font-style: italic;<br \/>\n                    }<\/p>\n<p>                  }<\/p>\n<p>                  .entryImgAuthor {<br \/>\n                    margin: 0 !important;<br \/>\n                    padding: 0;<br \/>\n                    width: 160px;<br \/>\n                    height: 160px;<br \/>\n                    overflow: hidden;<br \/>\n                    display: block;<br \/>\n                  }<\/p>\n<p>                  .entryImgAuthor img {<br \/>\n                    border-radius: 50%;<br \/>\n                    width: 100% !important;<br \/>\n                    height: 100% !important;<br \/>\n                    object-fit: cover;<br \/>\n                    max-width: unset;<br \/>\n                    margin: 0 !important;<br \/>\n                    padding: 0;<br \/>\n                  }<\/p>\n<p>                  .entryImgAuthor>.author-circle {<br \/>\n                    width: 100%;<br \/>\n                    height: 100%;<br \/>\n                    display: flex;<br \/>\n                    justify-content: center;<br \/>\n                    align-items: center;<br \/>\n                    background: #073267 !important;<br \/>\n                    color: #FFF;<br \/>\n                    font-weight: 700;<br \/>\n                    border-radius: 50%;<br \/>\n                  }<\/p>\n<p>                  .entryTextAuthor {<br \/>\n                    margin: 0 !important;<br \/>\n                    padding: 0;<br \/>\n                    width: 100%;<br \/>\n                  }<\/p>\n<p>                  .socialAuthor {<br \/>\n                    display: flex;<br \/>\n                    gap: 20px;<br \/>\n                    font-family: Lato !important;<br \/>\n                    font-size: 12px;<br \/>\n                    color: #444;<br \/>\n                    margin: 0 !important;<br \/>\n                    padding: 0;<br \/>\n                  }<\/p>\n<p>                  .socialAuthor li a {<br \/>\n                    color: #333 !important;<br \/>\n                    text-decoration: none !important;<br \/>\n                    border-bottom: none !important;<br \/>\n                  }<\/p>\n<p>                  .entryNameAuthor {<br \/>\n                    margin: 0 !important;<br \/>\n                    padding: 0;<br \/>\n                    color: #073267 !important;<br \/>\n                    font-family: PT Serif !important;<br \/>\n                    font-size: 24px;<br \/>\n                    margin-bottom: 10px;<\/p>\n<p>                  }<\/p>\n<p>                  .entryDescricaoAuthor {<br \/>\n                    font-family: latoregular, sans-serif !important;<br \/>\n                    color: #444 !important;<br \/>\n                    font-size: 16px !important;<\/p>\n<p>                  }<\/p>\n<p>                  .entryStrongAuthor {<br \/>\n                    font-family: latoregular, sans-serif !important;<br \/>\n                    font-style: normal;<br \/>\n                    color: #444444bd !important;<br \/>\n                    font-size: 14px;<br \/>\n                    font-weight: 400;<br \/>\n                    font-style: italic;<br \/>\n                  }<\/p>\n<p>                  .svgAuthor {<br \/>\n                    width: 18px;<br \/>\n                    height: 18px;<br \/>\n                    display: flex;<br \/>\n                    align-items: center;<br \/>\n                  }<\/p>\n<p>                  .entryRedeSocialAuthor {<br \/>\n                    display: flex;<br \/>\n                    gap: 4px;<br \/>\n                    text-decoration: none !important;<br \/>\n                  }<\/p>\n<p>                  \/* CSS do taboola *\/<br \/>\n                  .trc_rbox_header {<br \/>\n                    margin-bottom: 0 !important;<br \/>\n                  }<\/p>\n<p>                  .logoDiv {<br \/>\n                    margin-bottom: 0 !important;<br \/>\n                  }<\/p>\n<p>                  div.glide__bullets {<br \/>\n                    height: max-content;<br \/>\n                  }<\/p>\n<p>                  .trc_header_ext {<br \/>\n                    margin-bottom: 0 !important;<br \/>\n                  }<\/p>\n<p>                  .taboola-widget {<br \/>\n                    background-color: #FFF;<br \/>\n                  }<\/p>\n<p>                  .taboola-widget .thumbBlock {<br \/>\n                    height: 400px;<br \/>\n                  }<\/p>\n<p>                  .trc_elastic_thumbnails-a-photogallery .videoCube_aspect {<br \/>\n                    padding-bottom: 58%;<br \/>\n                  }<\/p>\n<p>                  @media (max-width: 1024px) {<br \/>\n                    .taboola-widget .thumbBlock {<br \/>\n                      height: 350px;<br \/>\n                    }<\/p>\n<p>                    .trc_elastic_thumbnails-a-photogallery .videoCube_aspect {<br \/>\n                      padding-bottom: 64%;<br \/>\n                    }<br \/>\n                  }<\/p>\n<p>                  @media (max-width: 600px) {<br \/>\n                    .taboola-widget .thumbBlock {<br \/>\n                      height: 250px;<br \/>\n                    }<\/p>\n<p>                    .trc_elastic_thumbnails-a-photogallery .videoCube_aspect {<br \/>\n                      padding-bottom: 0;<br \/>\n                    }<\/p>\n<p>                    .trc_related_container DIV.videoCube.thumbnail_top .thumbBlock {<br \/>\n                      width: 100%;<br \/>\n                    }<\/p>\n<p>                    \/* .trc_elastic .videoCube .thumbBlock {<br \/>\n                      position: unset !important;<br \/>\n                    } *\/<\/p>\n<p>                    .taboola-widget div {<br \/>\n                      padding: 0 !important;<br \/>\n                    }<\/p>\n<p>                    .trc_rbox_container .logoDiv .trc_rbox_header_span {<br \/>\n                      font-size: 1.1rem<br \/>\n                    }<br \/>\n                  }<br \/>\n                ]]><\/p>\n<p>                          <script async src=\"https:\/\/platform.twitter.com\/widgets.js\" charset=\"utf-8\"><\/script><\/p>\n","protected":false},"excerpt":{"rendered":"Morre Dick Parry, saxofonista de Pink Floyd &#8211; (cr\u00e9dito: Reprodu\u00e7\u00e3o\/Instagram) O saxofonista\u00a0Dick Parry morreu aos 83 anos na&hellip;\n","protected":false},"author":2,"featured_media":391946,"comment_status":"","ping_status":"","sticky":false,"template":"","format":"standard","meta":{"footnotes":"","_share_on_mastodon":"0"},"categories":[145],"tags":[211,210,114,115,1339,150,9202,32,33],"class_list":["post-391945","post","type-post","status-publish","format-standard","has-post-thumbnail","category-celebridades","tag-celebridades","tag-celebrities","tag-entertainment","tag-entretenimento","tag-luto","tag-musica","tag-pink-floyd","tag-portugal","tag-pt"],"share_on_mastodon":{"url":"https:\/\/pubeurope.com\/@pt\/116623784945085676","error":""},"_links":{"self":[{"href":"https:\/\/www.europesays.com\/pt\/wp-json\/wp\/v2\/posts\/391945","targetHints":{"allow":["GET"]}}],"collection":[{"href":"https:\/\/www.europesays.com\/pt\/wp-json\/wp\/v2\/posts"}],"about":[{"href":"https:\/\/www.europesays.com\/pt\/wp-json\/wp\/v2\/types\/post"}],"author":[{"embeddable":true,"href":"https:\/\/www.europesays.com\/pt\/wp-json\/wp\/v2\/users\/2"}],"replies":[{"embeddable":true,"href":"https:\/\/www.europesays.com\/pt\/wp-json\/wp\/v2\/comments?post=391945"}],"version-history":[{"count":0,"href":"https:\/\/www.europesays.com\/pt\/wp-json\/wp\/v2\/posts\/391945\/revisions"}],"wp:featuredmedia":[{"embeddable":true,"href":"https:\/\/www.europesays.com\/pt\/wp-json\/wp\/v2\/media\/391946"}],"wp:attachment":[{"href":"https:\/\/www.europesays.com\/pt\/wp-json\/wp\/v2\/media?parent=391945"}],"wp:term":[{"taxonomy":"category","embeddable":true,"href":"https:\/\/www.europesays.com\/pt\/wp-json\/wp\/v2\/categories?post=391945"},{"taxonomy":"post_tag","embeddable":true,"href":"https:\/\/www.europesays.com\/pt\/wp-json\/wp\/v2\/tags?post=391945"}],"curies":[{"name":"wp","href":"https:\/\/api.w.org\/{rel}","templated":true}]}}