{"id":392279,"date":"2026-05-23T18:20:17","date_gmt":"2026-05-23T18:20:17","guid":{"rendered":"https:\/\/www.europesays.com\/pt\/392279\/"},"modified":"2026-05-23T18:20:17","modified_gmt":"2026-05-23T18:20:17","slug":"principais-paises-europeus-pedem-a-israel-fim-da-expansao-de-colonatos","status":"publish","type":"post","link":"https:\/\/www.europesays.com\/pt\/392279\/","title":{"rendered":"Principais pa\u00edses europeus pedem a Israel fim da expans\u00e3o de colonatos"},"content":{"rendered":"\n<p>&#13;<br \/>\nNuma declara\u00e7\u00e3o conjunta, os l\u00edderes das principais pot\u00eancias europeias condenaram a viol\u00eancia crescente dos colonos nos territ\u00f3rios ocupados, alertando que &#8220;atingiu n\u00edveis sem precedentes&#8221;.&#13;\n<\/p>\n<p>&#13;<br \/>\nAl\u00e9m disso, afirmaram que as pol\u00edticas e pr\u00e1ticas do Governo israelita est\u00e3o a &#8220;minar a estabilidade e as perspetivas de uma solu\u00e7\u00e3o de dois Estados&#8221; para o problema israelo-palestiniano.&#13;\n<\/p>\n<p>&#13;<br \/>\n&#8220;Apelamos ao Governo de Israel para que ponha fim \u00e0 expans\u00e3o dos colonatos e dos poderes administrativos, assegure a responsabiliza\u00e7\u00e3o pela viol\u00eancia dos colonos e investigue as den\u00fancias contra as for\u00e7as israelitas&#8221;, afirma a declara\u00e7\u00e3o.&#13;\n<\/p>\n<p>&#13;<br \/>\nOs l\u00edderes europeus instaram tamb\u00e9m Israel a &#8220;respeitar a cust\u00f3dia hashemita dos lugares sagrados em Jerusal\u00e9m e os acordos hist\u00f3ricos do estatuto&#8221;, que decorre da anexa\u00e7\u00e3o israelita da parte oriental da cidade, considerada ilegal pelas Na\u00e7\u00f5es Unidas.&#13;\n<\/p>\n<p>&#13;<br \/>\nParalelamente, pediram o levantamento das restri\u00e7\u00f5es financeiras impostas \u00e0 Autoridade Palestiniana, que governa partes da Cisjord\u00e2nia, bem como medidas para aliviar a situa\u00e7\u00e3o da economia no territ\u00f3rio.&#13;\n<\/p>\n<p>&#13;<br \/>\nAs quatro pot\u00eancias destacaram o projeto de desenvolvimento na zona conhecida como E1, um corredor estrat\u00e9gico de expans\u00e3o de colonatos perto de Jerusal\u00e9m Oriental que, alertaram, &#8220;dividir\u00e1 a Cisjord\u00e2nia&#8221; em duas partes.&#13;\n<\/p>\n<p>&#13;<br \/>\n&#8220;O direito internacional \u00e9 claro: os colonatos israelitas na Cisjord\u00e2nia s\u00e3o ilegais. Os projetos de constru\u00e7\u00e3o na \u00e1rea E1 n\u00e3o seriam exce\u00e7\u00e3o&#8221;, adverte a declara\u00e7\u00e3o.&#13;\n<\/p>\n<p>&#13;<br \/>\nO grupo de pa\u00edses europeus apelou ainda \u00e0s empresas privadas para evitarem concursos de constru\u00e7\u00e3o nesta \u00e1rea, apontando potenciais problemas legais e danos para a sua reputa\u00e7\u00e3o, &#8220;incluindo o risco de envolvimento em graves viola\u00e7\u00f5es&#8221; do direito internacional.&#13;\n<\/p>\n<p>&#13;<br \/>\n&#8220;Opomo-nos firmemente \u00e0queles, incluindo membros do Governo israelita, que defendem a anexa\u00e7\u00e3o e a desloca\u00e7\u00e3o for\u00e7ada da popula\u00e7\u00e3o palestiniana&#8221;, conclui a declara\u00e7\u00e3o. &#13;\n<\/p>\n<p>&#13;<br \/>\nA Cisjord\u00e2nia vive um aumento substancial da viol\u00eancia desde os ataques do grupo islamita palestiniano Hamas, em 07 de outubro de 2023 no sul de Israel, que desencadearam a guerra na Faixa de Gaza.&#13;\n<\/p>\n<p>&#13;<br \/>\nA par do conflito no enclave palestiniano, Israel expandiu os seus colonatos ilegais na Cisjord\u00e2nia e aumentou a restri\u00e7\u00e3o de movimentos da popula\u00e7\u00e3o, ao mesmo tempo que dispararam atos de viol\u00eancia atribu\u00eddos \u00e0s for\u00e7as israelitas e a colonos radicais.&#13;\n<\/p>\n<p>&#13;<br \/>\nEntre 07 de outubro de 2023 e 13 de maio de 2026, as Na\u00e7\u00f5es Unidas registaram 1.095 palestinianos mortos, dos quais 240 eram crian\u00e7as, na Cisjord\u00e2nia ocupada, incluindo Jerusal\u00e9m Oriental.&#13;\n<\/p>\n<p>&#13;<br \/>\nDesde o in\u00edcio do ano, a viol\u00eancia custou a vida a 49 palestinianos.&#13;\n<\/p>\n<p>&#13;<br \/>\nOs colonos israelitas, que residem em assentamentos ilegais na Cisjord\u00e2nia, em viola\u00e7\u00e3o do direito internacional, assediam diariamente a popula\u00e7\u00e3o, roubando as suas culturas e animais e invadindo as suas casas em ataques violentos, que por vezes resultam em assass\u00ednios a coberto da impunidade.&#13;\n<\/p>\n<p>&#13;<br \/>\nAs desloca\u00e7\u00f5es for\u00e7adas atingiram mais de 40 mil habitantes nos \u00faltimos tr\u00eas anos, de acordo com dados da ag\u00eancia da ONU para os Refugiados Palestinianos (UNRWA), organiza\u00e7\u00e3o proibida por Israel.\u00a0&#13;<\/p>\n","protected":false},"excerpt":{"rendered":"&#13; Numa declara\u00e7\u00e3o conjunta, os l\u00edderes das principais pot\u00eancias europeias condenaram a viol\u00eancia crescente dos colonos nos territ\u00f3rios&hellip;\n","protected":false},"author":2,"featured_media":392280,"comment_status":"","ping_status":"","sticky":false,"template":"","format":"standard","meta":{"footnotes":"","_share_on_mastodon":"0"},"categories":[50],"tags":[27,28,7191,5719,15,16,255,14,259,233,46695,25,26,21,22,62,12,13,19,20,23,24,17,18,29,30,31,63,64,65],"class_list":["post-392279","post","type-post","status-publish","format-standard","has-post-thumbnail","category-mundo","tag-breaking-news","tag-breakingnews","tag-cisjordania","tag-faixa","tag-featured-news","tag-featurednews","tag-hamas","tag-headlines","tag-israel","tag-italia","tag-jerusalem-oriental","tag-latest-news","tag-latestnews","tag-main-news","tag-mainnews","tag-mundo","tag-news","tag-noticias","tag-noticias-principais","tag-noticiasprincipais","tag-principais-noticias","tag-principaisnoticias","tag-top-stories","tag-topstories","tag-ultimas","tag-ultimas-noticias","tag-ultimasnoticias","tag-world","tag-world-news","tag-worldnews"],"share_on_mastodon":{"url":"https:\/\/pubeurope.com\/@pt\/116625278628557658","error":""},"_links":{"self":[{"href":"https:\/\/www.europesays.com\/pt\/wp-json\/wp\/v2\/posts\/392279","targetHints":{"allow":["GET"]}}],"collection":[{"href":"https:\/\/www.europesays.com\/pt\/wp-json\/wp\/v2\/posts"}],"about":[{"href":"https:\/\/www.europesays.com\/pt\/wp-json\/wp\/v2\/types\/post"}],"author":[{"embeddable":true,"href":"https:\/\/www.europesays.com\/pt\/wp-json\/wp\/v2\/users\/2"}],"replies":[{"embeddable":true,"href":"https:\/\/www.europesays.com\/pt\/wp-json\/wp\/v2\/comments?post=392279"}],"version-history":[{"count":0,"href":"https:\/\/www.europesays.com\/pt\/wp-json\/wp\/v2\/posts\/392279\/revisions"}],"wp:featuredmedia":[{"embeddable":true,"href":"https:\/\/www.europesays.com\/pt\/wp-json\/wp\/v2\/media\/392280"}],"wp:attachment":[{"href":"https:\/\/www.europesays.com\/pt\/wp-json\/wp\/v2\/media?parent=392279"}],"wp:term":[{"taxonomy":"category","embeddable":true,"href":"https:\/\/www.europesays.com\/pt\/wp-json\/wp\/v2\/categories?post=392279"},{"taxonomy":"post_tag","embeddable":true,"href":"https:\/\/www.europesays.com\/pt\/wp-json\/wp\/v2\/tags?post=392279"}],"curies":[{"name":"wp","href":"https:\/\/api.w.org\/{rel}","templated":true}]}}