{"id":392524,"date":"2026-05-23T23:22:13","date_gmt":"2026-05-23T23:22:13","guid":{"rendered":"https:\/\/www.europesays.com\/pt\/392524\/"},"modified":"2026-05-23T23:22:13","modified_gmt":"2026-05-23T23:22:13","slug":"ex-concorrente-do-big-brother-revela-que-esteve-em-iate-de-cristiano-ronaldo-e-nem-imagina-a-fazer-o-que","status":"publish","type":"post","link":"https:\/\/www.europesays.com\/pt\/392524\/","title":{"rendered":"Ex-concorrente do &#8220;Big Brother&#8221; revela que esteve em iate de Cristiano Ronaldo (e nem imagina a fazer o qu\u00ea!)"},"content":{"rendered":"<p>Ultrapassada a respetiva participa\u00e7\u00e3o no &#8220;<a href=\"https:\/\/tvi.iol.pt\/bigbrother\" rel=\"noopener noreferrer nofollow\" target=\"_blank\">Big Brother<\/a> 2024&#8243;, Gabriel Sousa aventurou-se no mundo dos neg\u00f3cios e abriu uma empresa na \u00e1rea das limpezas, especializada na higieniza\u00e7\u00e3o de carpetes, sof\u00e1s e tapetes. Foi a prop\u00f3sito desta profiss\u00e3o que o jovem esteve, esta sexta-feira, dia 22, no programa &#8220;<a href=\"https:\/\/tvi.iol.pt\/doisas10\/\" rel=\"noopener noreferrer nofollow\" target=\"_blank\">Dois \u00e0s 10<\/a>&#8220;.<\/p>\n<p>Durante a conversa com Cl\u00e1udio Ramos, <a href=\"https:\/\/selfie.iol.pt\/famosos\/big-brother\/gabriel-sousa-apresenta-pessoa-especial-e-beija-a-a-mulher-que-me-ensinou-a-amar\/20250719\/687b63e7d34ef72ee4488173\" rel=\"noopener noreferrer nofollow\" target=\"_blank\">Gabriel Sousa<\/a> acabou por revelar que j\u00e1 limpou um iate de Cristiano Ronaldo, revelando como surgiu a oportunidade de trabalhar para o futebolista.<\/p>\n<p>&#8220;Uma menina, a Magali, que conheci h\u00e1 uns tempos, quando trabalhava num restaurante, mandou-me uma mensagem. Ela faz gest\u00e3o de eventos e disse-me: &#8216;Preciso que venhas limpar um iate. Vou mandar-te umas fotos e manda-me o or\u00e7amento&#8217;. Dei o or\u00e7amento e fechei. At\u00e9 fui limpar durante a noite. Depois, quando l\u00e1 cheguei, disse-me que era o iate do Ronaldo e explicou-me como tudo era e como tinha de ser tratado&#8221;, contou o ex-participante do reality show da <a href=\"https:\/\/tvi.iol.pt\/\" rel=\"noopener noreferrer nofollow\" target=\"_blank\">TVI<\/a>, que foi claro ao ser questionado pelo apresentador sobre se a embarca\u00e7\u00e3o &#8220;estava muito suja&#8221;: &#8220;N\u00e3o.&#8221;<\/p>\n<p>Veja, agora, o v\u00eddeo do referido momento protagonizado por <a href=\"https:\/\/selfie.iol.pt\/famosos\/big-brother\/gabriel-sousa-fala-sobre-relacao-toxica-deixa-me-cansado-partido-com-dores\/20251108\/690f0805d34e2bd5c6d3c526\" rel=\"noopener noreferrer nofollow\" target=\"_blank\">Gabriel Sousa<\/a> no matutino.<\/p>\n","protected":false},"excerpt":{"rendered":"Ultrapassada a respetiva participa\u00e7\u00e3o no &#8220;Big Brother 2024&#8243;, Gabriel Sousa aventurou-se no mundo dos neg\u00f3cios e abriu uma&hellip;\n","protected":false},"author":2,"featured_media":392525,"comment_status":"","ping_status":"","sticky":false,"template":"","format":"standard","meta":{"footnotes":"","_share_on_mastodon":"0"},"categories":[142],"tags":[6308,7081,48,7080,667,801,114,115,6309,980,11384,1728,619,32,33,1012,151,162],"class_list":["post-392524","post","type-post","status-publish","format-standard","has-post-thumbnail","category-tv","tag-bb","tag-bb2024","tag-big-brother","tag-big-brother-2024","tag-cristiano-ronaldo","tag-dois-as-10","tag-entertainment","tag-entretenimento","tag-ex-concorrente","tag-famosos","tag-futebolista","tag-gabriel-sousa","tag-nacional","tag-portugal","tag-pt","tag-selfie","tag-tv","tag-tvi"],"share_on_mastodon":{"url":"https:\/\/pubeurope.com\/@pt\/116626466104657793","error":""},"_links":{"self":[{"href":"https:\/\/www.europesays.com\/pt\/wp-json\/wp\/v2\/posts\/392524","targetHints":{"allow":["GET"]}}],"collection":[{"href":"https:\/\/www.europesays.com\/pt\/wp-json\/wp\/v2\/posts"}],"about":[{"href":"https:\/\/www.europesays.com\/pt\/wp-json\/wp\/v2\/types\/post"}],"author":[{"embeddable":true,"href":"https:\/\/www.europesays.com\/pt\/wp-json\/wp\/v2\/users\/2"}],"replies":[{"embeddable":true,"href":"https:\/\/www.europesays.com\/pt\/wp-json\/wp\/v2\/comments?post=392524"}],"version-history":[{"count":0,"href":"https:\/\/www.europesays.com\/pt\/wp-json\/wp\/v2\/posts\/392524\/revisions"}],"wp:featuredmedia":[{"embeddable":true,"href":"https:\/\/www.europesays.com\/pt\/wp-json\/wp\/v2\/media\/392525"}],"wp:attachment":[{"href":"https:\/\/www.europesays.com\/pt\/wp-json\/wp\/v2\/media?parent=392524"}],"wp:term":[{"taxonomy":"category","embeddable":true,"href":"https:\/\/www.europesays.com\/pt\/wp-json\/wp\/v2\/categories?post=392524"},{"taxonomy":"post_tag","embeddable":true,"href":"https:\/\/www.europesays.com\/pt\/wp-json\/wp\/v2\/tags?post=392524"}],"curies":[{"name":"wp","href":"https:\/\/api.w.org\/{rel}","templated":true}]}}