{"id":392937,"date":"2026-05-24T11:32:12","date_gmt":"2026-05-24T11:32:12","guid":{"rendered":"https:\/\/www.europesays.com\/pt\/392937\/"},"modified":"2026-05-24T11:32:12","modified_gmt":"2026-05-24T11:32:12","slug":"famoso-apresentador-chora-morte-do-filho-de-14-anos-a-dor-e-muito-maior-do-que-consigo-suportar","status":"publish","type":"post","link":"https:\/\/www.europesays.com\/pt\/392937\/","title":{"rendered":"Famoso apresentador chora morte do filho de 14 anos: &#8220;A dor \u00e9 muito maior do que consigo suportar&#8221;"},"content":{"rendered":"<p>O apresentador de programas infantis Daniel Coleman anunciou na sexta-feira, dia 22, a morte do filho, Isaac. O adolescente de 14 anos tinha sido diagnosticado com cancro oral em est\u00e1gio 3 e sofria de anemia de Fanconi, uma condi\u00e7\u00e3o rara e heredit\u00e1ria que afeta a medula \u00f3ssea e outras partes do corpo.<\/p>\n<p>&#8220;Meu doce menino. H\u00e1 tanta coisa que quero dizer, mas ainda n\u00e3o sei como. J\u00e1 sinto tantas saudades e a dor no meu cora\u00e7\u00e3o \u00e9 muito maior do que consigo suportar. Mas, ao rever milhares de fotos e v\u00eddeos nesta \u00faltima semana, tamb\u00e9m me sinto imensamente orgulhoso. Os teus 14 anos foram repletos de desafios, mas enfrentaste-os com tanta garra&#8230; e, de alguma forma, mantiveste a tua alegria caracter\u00edstica apesar de tudo&#8221;, escreveu a estrela de &#8220;Danny Go!&#8221;, da Netflix, na legenda da publica\u00e7\u00e3o que realizou no Instagram para homenagear o filho.<\/p>\n<p>&#8220;Tinhas um brilho \u00fanico, Isaac! Lembrar-me do quanto eras amado e do quanto a tua vida foi plena conforta-me muito. Ser teu pai foi a maior honra da minha vida. Tenho muito orgulho em ti e amar-te-ei para sempre. Descansa em paz, filho&#8221;, reatou Daniel Coleman.<\/p>\n<p>O apresentador \u00e9 ainda pai de Levi, de oito anos, igualmente fruto do casamento de Daniel Coleman com Mindy Coleman.<\/p>\n<blockquote class=\"instagram-media\" data-instgrm-captioned=\"\" data-instgrm-permalink=\"https:\/\/www.instagram.com\/p\/DYpAyjIEepY\/?utm_source=ig_embed&amp;utm_campaign=loading\" data-instgrm-version=\"14\" style=\" background:#FFF; border:0; border-radius:3px; box-shadow:0 0 1px 0 rgba(0,0,0,0.5),0 1px 10px 0 rgba(0,0,0,0.15); margin: 1px; max-width:540px; min-width:326px; padding:0; width:99.375%; width:-webkit-calc(100% - 2px); width:calc(100% - 2px);\">\n<\/blockquote>\n<p>                        <script async src=\"\/\/www.instagram.com\/embed.js\"><\/script><\/p>\n","protected":false},"excerpt":{"rendered":"O apresentador de programas infantis Daniel Coleman anunciou na sexta-feira, dia 22, a morte do filho, Isaac. O&hellip;\n","protected":false},"author":2,"featured_media":392938,"comment_status":"","ping_status":"","sticky":false,"template":"","format":"standard","meta":{"footnotes":"","_share_on_mastodon":"0"},"categories":[145],"tags":[211,210,65159,114,115,980,1015,82,17665,7804,41971,32,33,1012],"class_list":["post-392937","post","type-post","status-publish","format-standard","has-post-thumbnail","category-celebridades","tag-celebridades","tag-celebrities","tag-daniel-coleman","tag-entertainment","tag-entretenimento","tag-famosos","tag-instagram","tag-internacional","tag-isaac","tag-morreu","tag-mortes-2026","tag-portugal","tag-pt","tag-selfie"],"share_on_mastodon":{"url":"https:\/\/pubeurope.com\/@pt\/116629336653962489","error":""},"_links":{"self":[{"href":"https:\/\/www.europesays.com\/pt\/wp-json\/wp\/v2\/posts\/392937","targetHints":{"allow":["GET"]}}],"collection":[{"href":"https:\/\/www.europesays.com\/pt\/wp-json\/wp\/v2\/posts"}],"about":[{"href":"https:\/\/www.europesays.com\/pt\/wp-json\/wp\/v2\/types\/post"}],"author":[{"embeddable":true,"href":"https:\/\/www.europesays.com\/pt\/wp-json\/wp\/v2\/users\/2"}],"replies":[{"embeddable":true,"href":"https:\/\/www.europesays.com\/pt\/wp-json\/wp\/v2\/comments?post=392937"}],"version-history":[{"count":0,"href":"https:\/\/www.europesays.com\/pt\/wp-json\/wp\/v2\/posts\/392937\/revisions"}],"wp:featuredmedia":[{"embeddable":true,"href":"https:\/\/www.europesays.com\/pt\/wp-json\/wp\/v2\/media\/392938"}],"wp:attachment":[{"href":"https:\/\/www.europesays.com\/pt\/wp-json\/wp\/v2\/media?parent=392937"}],"wp:term":[{"taxonomy":"category","embeddable":true,"href":"https:\/\/www.europesays.com\/pt\/wp-json\/wp\/v2\/categories?post=392937"},{"taxonomy":"post_tag","embeddable":true,"href":"https:\/\/www.europesays.com\/pt\/wp-json\/wp\/v2\/tags?post=392937"}],"curies":[{"name":"wp","href":"https:\/\/api.w.org\/{rel}","templated":true}]}}