{"id":392941,"date":"2026-05-24T11:37:11","date_gmt":"2026-05-24T11:37:11","guid":{"rendered":"https:\/\/www.europesays.com\/pt\/392941\/"},"modified":"2026-05-24T11:37:11","modified_gmt":"2026-05-24T11:37:11","slug":"dc-leva-super-choque-para-missao-perigosa-na-amazonia","status":"publish","type":"post","link":"https:\/\/www.europesays.com\/pt\/392941\/","title":{"rendered":"DC leva Super-Choque para miss\u00e3o perigosa na Amaz\u00f4nia"},"content":{"rendered":"<p>  <img width=\"76\" height=\"40\"   alt=\"Capa da Publica\u00e7\u00e3o\" class=\"article-cover__image\"\/><\/p>\n<p class=\"post__tagline\">Nova fase dos Novos Tit\u00e3s colocar\u00e1 her\u00f3i ao lado de Jon Kent e Yara Flor<\/p>\n<p>        23\/05\/2026      <\/p>\n<p>        &#8230;<\/p>\n<p>      Por<br \/>\n      <a href=\"https:\/\/twitter.com\/\" target=\"_blank\" rel=\"nofollow noopener\"><br \/>\n        Equipe Legi\u00e3o dos Her\u00f3is      <\/a><\/p>\n<p data-start=\"137\" data-end=\"355\">Um dos her\u00f3is mais queridos da DC est\u00e1 prestes a ganhar um novo destaque nos quadrinhos. <strong data-start=\"226\" data-end=\"242\">Super-Choque<\/strong> vai se juntar aos <strong data-start=\"261\" data-end=\"276\">Novos Tit\u00e3s<\/strong> a partir da edi\u00e7\u00e3o <strong data-start=\"296\" data-end=\"314\">New Titans #38<\/strong>, que chega em agosto nos Estados Unidos.<\/p>\n<p data-start=\"357\" data-end=\"574\">A hist\u00f3ria marca a primeira grande participa\u00e7\u00e3o de Virgil Hawkins no Universo DC ap\u00f3s seu retorno em <strong data-start=\"458\" data-end=\"501\">DC K.O.: The Kids Are All Fight Special<\/strong> e os eventos de <strong data-start=\"518\" data-end=\"573\">New History of the DC Universe: The Dakota Incident<\/strong>.<\/p>\n<p data-start=\"576\" data-end=\"619\"><strong data-start=\"576\" data-end=\"619\">Super-Choque cruza caminho com Jon Kent<\/strong><\/p>\n<p data-start=\"621\" data-end=\"696\">A nova trama come\u00e7a quando Virgil Hawkins encontra Jon Kent no Monte Tit\u00e3s.<\/p>\n<p data-start=\"698\" data-end=\"965\">Ao mesmo tempo, uma emiss\u00e1ria da tribo da Mo\u00e7a-Maravilha chega com not\u00edcias preocupantes vindas da floresta amaz\u00f4nica brasileira. Com isso, Yara Flor \u00e9 convocada para agir enquanto os Tit\u00e3s se preparam para uma miss\u00e3o perigosa ligada a uma amea\u00e7a crescente na regi\u00e3o.<\/p>\n<p data-start=\"967\" data-end=\"1095\">A chegada do Super-Choque acontece justamente em um momento de tens\u00e3o interna para a equipe, que j\u00e1 est\u00e1 sendo levada ao limite.<\/p>\n<p data-start=\"967\" data-end=\"1095\"><img fetchpriority=\"high\" decoding=\"async\" class=\"alignnone size-full wp-image-900995 lazyload\" alt=\"\" width=\"768\" height=\"1087\" \/><\/p>\n<p data-start=\"1097\" data-end=\"1136\"><strong data-start=\"1097\" data-end=\"1136\">Amaz\u00f4nia ser\u00e1 centro da nova amea\u00e7a<\/strong><\/p>\n<p data-start=\"1138\" data-end=\"1229\">A nova fase promete colocar os Tit\u00e3s diante de uma crise de grandes propor\u00e7\u00f5es na Amaz\u00f4nia.<\/p>\n<p data-start=\"1231\" data-end=\"1384\">Segundo a descri\u00e7\u00e3o oficial, Virgil ter\u00e1 papel fundamental na hist\u00f3ria e ajudar\u00e1 a impulsionar a equipe para uma de suas miss\u00f5es mais dif\u00edceis at\u00e9 agora.<\/p>\n<p data-start=\"1386\" data-end=\"1526\">O arco tamb\u00e9m deve explorar como o her\u00f3i se encaixa nessa nova forma\u00e7\u00e3o, ao lado de nomes como Jon Kent, Yara Flor, Stephanie Brown e Terra.<\/p>\n<p data-start=\"1386\" data-end=\"1526\"><img decoding=\"async\" class=\"alignnone size-full wp-image-900996 lazyload\" alt=\"\" width=\"768\" height=\"523\" \/><\/p>\n<p data-start=\"1528\" data-end=\"1561\"><strong data-start=\"1528\" data-end=\"1561\">Edi\u00e7\u00e3o anterior ter\u00e1 prel\u00fadio<\/strong><\/p>\n<p data-start=\"1563\" data-end=\"1687\">Antes da estreia oficial de Super-Choque na equipe, <strong data-start=\"1615\" data-end=\"1633\">New Titans #37<\/strong> trar\u00e1 um prel\u00fadio de quatro p\u00e1ginas focado em Virgil.<\/p>\n<p data-start=\"1689\" data-end=\"1864\">A hist\u00f3ria vai mostrar o que acontece com o personagem ap\u00f3s seu retorno recente e preparar seu encontro com Jon Kent, conectando os eventos anteriores \u00e0 nova miss\u00e3o dos Tit\u00e3s.<\/p>\n<p data-start=\"1689\" data-end=\"1864\"><img decoding=\"async\" class=\"alignnone size-full wp-image-900997 lazyload\" alt=\"\" width=\"1293\" height=\"1920\" \/><\/p>\n<p data-start=\"1866\" data-end=\"1885\"><strong data-start=\"1866\" data-end=\"1885\">Equipe criativa<\/strong><\/p>\n<p data-start=\"1887\" data-end=\"1956\"><strong data-start=\"1887\" data-end=\"1905\">New Titans #38<\/strong> ter\u00e1 roteiro de Tate Brombal e arte de Sami Basri.<\/p>\n<p data-start=\"1958\" data-end=\"2096\">A edi\u00e7\u00e3o contar\u00e1 com capa principal de Taurin Clarke, variantes de Dike Ruan e Lucas Meyer, al\u00e9m de uma capa metalizada assinada por Ruan.<\/p>\n<p data-start=\"2098\" data-end=\"2170\">Por enquanto, ainda n\u00e3o h\u00e1 previs\u00e3o de publica\u00e7\u00e3o da hist\u00f3ria no Brasil.<\/p>\n<p data-start=\"2172\" data-end=\"2239\"><strong data-start=\"2172\" data-end=\"2239\">New Titans #38 ser\u00e1 lan\u00e7ada em 19 de agosto nos Estados Unidos.<\/strong><\/p>\n<p data-start=\"2172\" data-end=\"2239\">Fique com:<\/p>\n<p>    <script async src=\"https:\/\/platform.twitter.com\/widgets.js\" charset=\"utf-8\"><\/script><\/p>\n","protected":false},"excerpt":{"rendered":"Nova fase dos Novos Tit\u00e3s colocar\u00e1 her\u00f3i ao lado de Jon Kent e Yara Flor 23\/05\/2026 &#8230; Por&hellip;\n","protected":false},"author":2,"featured_media":392942,"comment_status":"","ping_status":"","sticky":false,"template":"","format":"standard","meta":{"footnotes":"","_share_on_mastodon":"0"},"categories":[140],"tags":[2670,114,115,147,148,64110,1172,146,32,33,65160],"class_list":["post-392941","post","type-post","status-publish","format-standard","has-post-thumbnail","category-filmes","tag-dc-comics","tag-entertainment","tag-entretenimento","tag-film","tag-filmes","tag-garena-free-fire","tag-minisserie","tag-movies","tag-portugal","tag-pt","tag-sabir-pirzada"],"share_on_mastodon":{"url":"https:\/\/pubeurope.com\/@pt\/116629356307708568","error":""},"_links":{"self":[{"href":"https:\/\/www.europesays.com\/pt\/wp-json\/wp\/v2\/posts\/392941","targetHints":{"allow":["GET"]}}],"collection":[{"href":"https:\/\/www.europesays.com\/pt\/wp-json\/wp\/v2\/posts"}],"about":[{"href":"https:\/\/www.europesays.com\/pt\/wp-json\/wp\/v2\/types\/post"}],"author":[{"embeddable":true,"href":"https:\/\/www.europesays.com\/pt\/wp-json\/wp\/v2\/users\/2"}],"replies":[{"embeddable":true,"href":"https:\/\/www.europesays.com\/pt\/wp-json\/wp\/v2\/comments?post=392941"}],"version-history":[{"count":0,"href":"https:\/\/www.europesays.com\/pt\/wp-json\/wp\/v2\/posts\/392941\/revisions"}],"wp:featuredmedia":[{"embeddable":true,"href":"https:\/\/www.europesays.com\/pt\/wp-json\/wp\/v2\/media\/392942"}],"wp:attachment":[{"href":"https:\/\/www.europesays.com\/pt\/wp-json\/wp\/v2\/media?parent=392941"}],"wp:term":[{"taxonomy":"category","embeddable":true,"href":"https:\/\/www.europesays.com\/pt\/wp-json\/wp\/v2\/categories?post=392941"},{"taxonomy":"post_tag","embeddable":true,"href":"https:\/\/www.europesays.com\/pt\/wp-json\/wp\/v2\/tags?post=392941"}],"curies":[{"name":"wp","href":"https:\/\/api.w.org\/{rel}","templated":true}]}}