{"id":39312,"date":"2025-08-21T21:15:25","date_gmt":"2025-08-21T21:15:25","guid":{"rendered":"https:\/\/www.europesays.com\/pt\/39312\/"},"modified":"2025-08-21T21:15:25","modified_gmt":"2025-08-21T21:15:25","slug":"metrobus-vai-circular-em-coimbra-de-15-em-15-minutos-no-proximo-fim-de-semana","status":"publish","type":"post","link":"https:\/\/www.europesays.com\/pt\/39312\/","title":{"rendered":"Metrobus vai circular em Coimbra de 15 em 15 minutos no pr\u00f3ximo fim de semana"},"content":{"rendered":"<p>Vai haver uma a\u00e7\u00e3o de demonstra\u00e7\u00e3o do metrobus, em Coimbra, durante este fim de semana, 23 e 24 de agosto, informou hoje a empresa em comunicado. Iniciativa decorre das 10H00 \u00e0s 19H00, com hor\u00e1rios de 15 em 15 minutos.<\/p>\n<p>De acordo com a nota, \u201d a Metro Mondego vai realizar este fim de semana, 23 e 24 de agosto, uma a\u00e7\u00e3o de demonstra\u00e7\u00e3o do Sistema de Mobilidade do Mondego, entre as esta\u00e7\u00f5es da Portagem e do Vale das Flores\u201d.<\/p>\n<p>\u201cA a\u00e7\u00e3o decorrer\u00e1 das 10H00 \u00e0s 19H00, com o metrobus a partir de 15 em 15 minutos, e efetuando paragem nas oito esta\u00e7\u00f5es interm\u00e9dias do percurso: Parque, Col\u00e9gios, Arrega\u00e7a, Norton de Matos, S\u00e3o Jos\u00e9, Solum, Fernando Namora e Casa Branca\u201d, acrescenta a Metro Mondego.<\/p>\n<p>Os ve\u00edculos do metrobus t\u00eam capacidade para transportar at\u00e9 136 pessoas, incluindo passageiros com mobilidade reduzida.<\/p>\n<p>Posteriormente, est\u00e1 previsto realizar uma a\u00e7\u00e3o semelhante no munic\u00edpio da Lous\u00e3<\/p>\n","protected":false},"excerpt":{"rendered":"Vai haver uma a\u00e7\u00e3o de demonstra\u00e7\u00e3o do metrobus, em Coimbra, durante este fim de semana, 23 e 24&hellip;\n","protected":false},"author":2,"featured_media":39313,"comment_status":"","ping_status":"","sticky":false,"template":"","format":"standard","meta":{"footnotes":""},"categories":[8],"tags":[27,28,15,16,14,25,26,21,22,12,13,19,20,32,23,24,33,17,18,29,30,31],"class_list":{"0":"post-39312","1":"post","2":"type-post","3":"status-publish","4":"format-standard","5":"has-post-thumbnail","7":"category-principais-noticias","8":"tag-breaking-news","9":"tag-breakingnews","10":"tag-featured-news","11":"tag-featurednews","12":"tag-headlines","13":"tag-latest-news","14":"tag-latestnews","15":"tag-main-news","16":"tag-mainnews","17":"tag-news","18":"tag-noticias","19":"tag-noticias-principais","20":"tag-noticiasprincipais","21":"tag-portugal","22":"tag-principais-noticias","23":"tag-principaisnoticias","24":"tag-pt","25":"tag-top-stories","26":"tag-topstories","27":"tag-ultimas","28":"tag-ultimas-noticias","29":"tag-ultimasnoticias"},"share_on_mastodon":{"url":"","error":""},"_links":{"self":[{"href":"https:\/\/www.europesays.com\/pt\/wp-json\/wp\/v2\/posts\/39312","targetHints":{"allow":["GET"]}}],"collection":[{"href":"https:\/\/www.europesays.com\/pt\/wp-json\/wp\/v2\/posts"}],"about":[{"href":"https:\/\/www.europesays.com\/pt\/wp-json\/wp\/v2\/types\/post"}],"author":[{"embeddable":true,"href":"https:\/\/www.europesays.com\/pt\/wp-json\/wp\/v2\/users\/2"}],"replies":[{"embeddable":true,"href":"https:\/\/www.europesays.com\/pt\/wp-json\/wp\/v2\/comments?post=39312"}],"version-history":[{"count":0,"href":"https:\/\/www.europesays.com\/pt\/wp-json\/wp\/v2\/posts\/39312\/revisions"}],"wp:featuredmedia":[{"embeddable":true,"href":"https:\/\/www.europesays.com\/pt\/wp-json\/wp\/v2\/media\/39313"}],"wp:attachment":[{"href":"https:\/\/www.europesays.com\/pt\/wp-json\/wp\/v2\/media?parent=39312"}],"wp:term":[{"taxonomy":"category","embeddable":true,"href":"https:\/\/www.europesays.com\/pt\/wp-json\/wp\/v2\/categories?post=39312"},{"taxonomy":"post_tag","embeddable":true,"href":"https:\/\/www.europesays.com\/pt\/wp-json\/wp\/v2\/tags?post=39312"}],"curies":[{"name":"wp","href":"https:\/\/api.w.org\/{rel}","templated":true}]}}