{"id":39317,"date":"2025-08-21T21:23:07","date_gmt":"2025-08-21T21:23:07","guid":{"rendered":"https:\/\/www.europesays.com\/pt\/39317\/"},"modified":"2025-08-21T21:23:07","modified_gmt":"2025-08-21T21:23:07","slug":"casos-de-sindrome-respiratoria-grave-caem-no-pais","status":"publish","type":"post","link":"https:\/\/www.europesays.com\/pt\/39317\/","title":{"rendered":"Casos de s\u00edndrome respirat\u00f3ria grave caem no pa\u00eds"},"content":{"rendered":"<p><strong>Os casos de S\u00edndrome Respirat\u00f3ria Aguda Grave (SRAG) por v\u00edrus sincicial respirat\u00f3rio (VSR) e influenza A est\u00e3o em queda no pa\u00eds<\/strong>. O <strong>Amazonas \u00e9 o\u00a0\u00fanico estado ainda com aumento de notifica\u00e7\u00f5es\u00a0entre\u00a0crian\u00e7as de at\u00e9 2 anos,<\/strong> conforme\u00a0boletim semanal\u00a0 InfoGripe, da Funda\u00e7\u00e3o Oswaldo Cruz (Fiocruz) divulgado nesta quinta-feira (21).<img decoding=\"async\" src=\"https:\/\/www.europesays.com\/pt\/wp-content\/uploads\/2025\/08\/1755811387_984_ebc.png\" style=\"width:1px; height:1px; display:inline;\"\/><img decoding=\"async\" src=\"https:\/\/www.europesays.com\/pt\/wp-content\/uploads\/2025\/08\/1755811387_315_ebc.gif\" style=\"width:1px; height:1px; display:inline;\"\/><\/p>\n<p>Neste ano, j\u00e1 foram notificados\u00a0159.663 casos, sendo que em 53,4% foram detectados a presen\u00e7a de\u00a0v\u00edrus respirat\u00f3rio.<\/p>\n<p>Entre os casos positivos,\u00a045,5% foram provocados pelo v\u00edrus sincicial, seguido por influenza A (25%). Nas quatro \u00faltimas semanas, a preval\u00eancia dois dois v\u00edrus permanece.<\/p>\n<p><a href=\"https:\/\/www.whatsapp.com\/channel\/0029VaoRTgrInlqYLSk59B2M\" target=\"_blank\" rel=\"nofollow noopener\">&gt;&gt; Siga o canal da <strong>Ag\u00eancia Brasil <\/strong>no WhatsApp<\/a><\/p>\n<p>Rinov\u00edrus e Covid<\/p>\n<p>O estudo alerta, no entanto, para tend\u00eancia de alta no\u00a0n\u00famero de casos de\u00a0 rinov\u00edrus em\u00a0crian\u00e7as e adolescentes de 2 a 14 anos no Nordeste e no Centro-Sul. Al\u00e9m disso, foi identificado leve aumento de casos de Covid-19 entre os idosos, a partir de 65 anos, no Amazonas e na Para\u00edba.<\/p>\n<p>Os estados do Cear\u00e1 e Rio de Janeiro tamb\u00e9m apresentam crescimento\u00a0nas notifica\u00e7\u00f5es por Covid-19.<\/p>\n<p>A Fiocruz\u00a0refor\u00e7a a import\u00e2ncia da vacina\u00e7\u00e3o em dia contra a Covid-1, principalmente de\u00a0idosos e pessoas imunocomprometidas, que devem tomar doses de refor\u00e7o a cada seis meses.<\/p>\n<p>A orienta\u00e7\u00e3o \u00e9 que crian\u00e7as e adolescentes com sintomas de gripe ou resfriado\u00a0fiquem em casa e evitem ir \u00e0 escola, para n\u00e3o transmitir o v\u00edrus. Se n\u00e3o for poss\u00edvel, o ideal \u00e9 que usem uma m\u00e1scara.\u00a0<\/p>\n","protected":false},"excerpt":{"rendered":"Os casos de S\u00edndrome Respirat\u00f3ria Aguda Grave (SRAG) por v\u00edrus sincicial respirat\u00f3rio (VSR) e influenza A est\u00e3o em&hellip;\n","protected":false},"author":2,"featured_media":39318,"comment_status":"","ping_status":"","sticky":false,"template":"","format":"standard","meta":{"footnotes":""},"categories":[86],"tags":[116,32,33,117],"class_list":{"0":"post-39317","1":"post","2":"type-post","3":"status-publish","4":"format-standard","5":"has-post-thumbnail","7":"category-saude","8":"tag-health","9":"tag-portugal","10":"tag-pt","11":"tag-saude"},"share_on_mastodon":{"url":"","error":""},"_links":{"self":[{"href":"https:\/\/www.europesays.com\/pt\/wp-json\/wp\/v2\/posts\/39317","targetHints":{"allow":["GET"]}}],"collection":[{"href":"https:\/\/www.europesays.com\/pt\/wp-json\/wp\/v2\/posts"}],"about":[{"href":"https:\/\/www.europesays.com\/pt\/wp-json\/wp\/v2\/types\/post"}],"author":[{"embeddable":true,"href":"https:\/\/www.europesays.com\/pt\/wp-json\/wp\/v2\/users\/2"}],"replies":[{"embeddable":true,"href":"https:\/\/www.europesays.com\/pt\/wp-json\/wp\/v2\/comments?post=39317"}],"version-history":[{"count":0,"href":"https:\/\/www.europesays.com\/pt\/wp-json\/wp\/v2\/posts\/39317\/revisions"}],"wp:featuredmedia":[{"embeddable":true,"href":"https:\/\/www.europesays.com\/pt\/wp-json\/wp\/v2\/media\/39318"}],"wp:attachment":[{"href":"https:\/\/www.europesays.com\/pt\/wp-json\/wp\/v2\/media?parent=39317"}],"wp:term":[{"taxonomy":"category","embeddable":true,"href":"https:\/\/www.europesays.com\/pt\/wp-json\/wp\/v2\/categories?post=39317"},{"taxonomy":"post_tag","embeddable":true,"href":"https:\/\/www.europesays.com\/pt\/wp-json\/wp\/v2\/tags?post=39317"}],"curies":[{"name":"wp","href":"https:\/\/api.w.org\/{rel}","templated":true}]}}