{"id":39321,"date":"2025-08-21T21:25:07","date_gmt":"2025-08-21T21:25:07","guid":{"rendered":"https:\/\/www.europesays.com\/pt\/39321\/"},"modified":"2025-08-21T21:25:07","modified_gmt":"2025-08-21T21:25:07","slug":"inteligencia-artificial-com-consciencia-ou-psicose-da-ia-um-sinal-amarelo","status":"publish","type":"post","link":"https:\/\/www.europesays.com\/pt\/39321\/","title":{"rendered":"Intelig\u00eancia artificial &#8220;com consci\u00eancia&#8221; ou &#8220;psicose da IA&#8221;. Um sinal amarelo"},"content":{"rendered":"<p>&#13;<br \/>\n<b>O diretor executivo da \u00e1rea  de intelig\u00eancia artificial (IA) da Microsoft, Mustafa Suleyman, alertou que h\u00e1 um aumento de relatos de utilizadores desta ferramenta que sofrem de \u201cpsicose da IA\u201d.<\/b>&#13;\n<\/p>\n<p>&#13;<br \/>\n\u00c9 um termo n\u00e3o cl\u00ednico que descreve incidentes em que as pessoas dependem cada vez mais de chatbots de IA, como o ChatGPT, Claude e Grok, e depois <b>&#8220;acabam por se convencer de que algo imagin\u00e1rio se tornou real&#8221;<\/b>.<br \/>&#13;\n<\/p>\n<p>&#13;<br \/>\n\u201cAtualmente, n\u00e3o h\u00e1 nenhuma evid\u00eancia de consci\u00eancia de IA. Mas se as pessoas apenas interpretam essa interatividade como um ato consciente da m\u00e1quina, esses consumidores acreditar\u00e3o nessa perce\u00e7\u00e3o como realidade\u201d, argumenta Mustafa Suleyman.<br \/>&#13;<br \/>\n\u201cPsicose da IA\u201d<br \/>&#13;\n<\/p>\n<p>&#13;<br \/>\nDe acordo com Suleyman, a psicose da IA revela-se como um estado de esp\u00edrito em que os indiv\u00edduos come\u00e7am a <b>atribuir \u00e0 intelig\u00eancia artificial emo\u00e7\u00f5es, inten\u00e7\u00f5es ou consci\u00eancia a sistemas que s\u00e3o n\u00e3o humanos. <\/b><br \/>&#13;\n<\/p>\n<p>Essa condi\u00e7\u00e3o pode evoluir para <b>\u201cum pensamento delirante\u201d no qual entende que a IA tem sentimentos ou mesmo rela\u00e7\u00f5es pessoais com os utilizadores.<\/b>\u00a0<\/p>\n<p>&#13;<br \/>\n\u201cEsta perturba\u00e7\u00e3o da mente pode induzir a perda de &#13;<br \/>\ncontacto com a realidade, desgastando la\u00e7os e estruturas sociais &#13;<br \/>\nfr\u00e1geis e distorcendo as prioridades morais urgentes\u201d, explica Suleyman.&#13;<br \/>\n&#13;\n<\/p>\n<p>&#13;<br \/>\nA  \u201cpsicose da IA\u201d pode ainda causar depend\u00eancia emocional ou levar \u00e0 perce\u00e7\u00e3o distorcida da realidade isto porque essas pessoas passaram a \u201cconfiar muito na IA\u201d para tomar decis\u00f5es.&#13;\n<\/p>\n<p>&#13;<br \/>\nPor\u00e9m Suleyman adverte para o fato de que, <b>\u201cembora a IA possa ser \u00fatil e envolvente, definitivamente n\u00e3o \u00e9 um substituto para o suporte humano ou cl\u00ednico\u201d. <br \/>&#13;<br \/>\n<\/b>&#13;\n<\/p>\n<p>&#13;<br \/>\nDe acordo com a BBC, algumas pessoas entraram em contacto com jornalistas a partilhar algumas experi\u00eancias.&#13;\n<\/p>\n<p>Um dos relatos dizia que essa pessoa &#8220;<b>estava certa de que ela era a \u00fanica no mundo por quem o ChatGPT se tinha genuinamente apaixonado&#8221;<\/b>.<\/p>\n<p>Um outro utilizador estava convencido de que tinha  \u201cdesbloqueado\u201d uma forma humana do chatbot de Elon Musk, o Grok, e acreditava que essa &#8220;hist\u00f3ria valia centenas de milhares de libras&#8221;.\u00a0 <br \/>&#13;<br \/>\n&#8220;Estamos apenas no in\u00edcio&#8221;<br \/>&#13;<br \/>\nAndrew McStay, professor de tecnologia e sociedade da Bangor Uni, escreveu um livro intitulado Automating Empathy (Automatizar a empatia).<\/p>\n<p>\u201cEstamos apenas no in\u00edcio de tudo isto\u201d, diz McStay.<\/p>\n<p>\u201cSe pensarmos nesses tipos de sistemas como uma nova forma de media social \u2013 como a IA social -, podemos come\u00e7ar a pensar na escala potencial de tudo isso. Uma pequena percentagem de um grande n\u00famero de utilizadores ainda pode representar um n\u00famero grande e inaceit\u00e1vel&#8221;.<\/p>\n<p>Este ano, a equipa deste autor realizou um estudo com pouco mais de duas mil pessoas, fazendo-lhes v\u00e1rias perguntas sobre intelig\u00eancia artificial.<\/p>\n<p>Estes investigadores descobriram que 20 por cento acreditam que as pessoas n\u00e3o devem usar ferramentas de IA com menos de 18 anos.<\/p>\n<p>Um total de 57 por cento achava que era fortemente inapropriado a tecnologia identificar-se como uma pessoa real. No entanto, <b>49 por cento acharam que o uso da voz era apropriado para faz\u00ea-las soar mais humanas e envolventes.<\/b><\/p>\n<p><b>\u201cEmbora estas coisas sejam convincentes, elas n\u00e3o s\u00e3o reais<\/b>\u201d, acentuou McStay. <br \/>&#13;\n<\/p>\n<p>&#13;<br \/>\nEstas ferramentas &#8220;n\u00e3o sentem, n\u00e3o entendem, n\u00e3o podem amar, nunca sentiram dor, n\u00e3o ficaram envergonhadas, mas podem parecer como tendo isso tudo, e que s\u00e3o como a fam\u00edlia, amigos e outros elementos de confian\u00e7a&#8221;, adverte.<br \/>&#13;\n<\/p>\n<p>&#13;<br \/>\nEvitar o desfoque da linha entre o humano e a m\u00e1quina <br \/>&#13;<br \/>\nSuleyman est\u00e1 a sugerir \u00e0 industria de tecnologia que reforce a implementa\u00e7\u00e3o de par\u00e2metros \u00e9ticos que limitem a compet\u00eancia da IA, monitorizem sinais de padr\u00f5es de uso pouco saud\u00e1vel e desenvolvam forma\u00e7\u00e3o dedicada a  profissionais de sa\u00fade mental, para estudar e mitigar riscos. <br \/>&#13;\n<\/p>\n<p>Susan Shelmerdine, m\u00e9dica de imagens m\u00e9dicas do Great Ormond Street Hospital e tamb\u00e9m da AI Academic, explica \u00e0 BBC que acredita que um dia os m\u00e9dicos v\u00e3o incluir no question\u00e1rio dos pacientes perguntas sobre o &#8220;quanto usam a IA, da mesma forma que atualmente perguntam sobre tabagismo e h\u00e1bitos de bebida, ex&#8221;.<\/p>\n<p>\u201c<b>J\u00e1 sabemos o que os alimentos ultraprocessados podem fazer ao corpo e isso \u00e9 informa\u00e7\u00e3o ultraprocessada. Vamos ter uma avalanche de mentes ultraprocessadas\u201d<\/b>, observa.<br \/>&#13;\n<\/p>\n<p>&#13;<br \/>\nO diretor executivo da Microsoft tamb\u00e9m prop\u00f5e aos reguladores e educadores que aumentem e disponibilizem mais informa\u00e7\u00e3o para criar uma maior consciencializa\u00e7\u00e3o p\u00fablica sobre os pr\u00f3s e contras da utiliza\u00e7\u00e3o da IA. <br \/>&#13;\n<\/p>\n<p>&#13;<br \/>\nA ferramenta da Intelig\u00eancia Artificial est\u00e1 a ser incorporada, silenciosamente, na vida di\u00e1ria dos utilizadores sob a forma de assistente pessoal e chatbots.&#13;\n<\/p>\n<p>&#13;<br \/>\n<b>\u201cOs companheiros da IA s\u00e3o uma categoria completamente nova e precisamos urgentemente de come\u00e7ar a falar sobre barreiras protetoras, que colocamos em pr\u00e1tica para proteger as pessoas e garantir que essa incr\u00edvel tecnologia possa fazer o seu trabalho de oferecer imenso valor ao mundo\u201d,<\/b> sublinhou Suleyman. Isto porque, sem as devidas prote\u00e7\u00f5es com a IA, h\u00e1 &#8220;um risco real e emergente\u201d, rematou.&#13;<\/p>\n","protected":false},"excerpt":{"rendered":"&#13; O diretor executivo da \u00e1rea de intelig\u00eancia artificial (IA) da Microsoft, Mustafa Suleyman, alertou que h\u00e1 um&hellip;\n","protected":false},"author":2,"featured_media":39322,"comment_status":"","ping_status":"","sticky":false,"template":"","format":"standard","meta":{"footnotes":""},"categories":[84],"tags":[109,107,108,12061,12058,3623,414,933,12059,32,4842,33,12062,105,103,104,12060,106,110],"class_list":{"0":"post-39321","1":"post","2":"type-post","3":"status-publish","4":"format-standard","5":"has-post-thumbnail","7":"category-ciencia-e-tecnologia","8":"tag-ciencia","9":"tag-ciencia-e-tecnologia","10":"tag-cienciaetecnologia","11":"tag-consciencia","12":"tag-disturbio","13":"tag-humano","14":"tag-ia","15":"tag-inteligencia-artificial","16":"tag-maquina","17":"tag-portugal","18":"tag-psicose","19":"tag-pt","20":"tag-realidade","21":"tag-science","22":"tag-science-and-technology","23":"tag-scienceandtechnology","24":"tag-suleyman","25":"tag-technology","26":"tag-tecnologia"},"share_on_mastodon":{"url":"","error":""},"_links":{"self":[{"href":"https:\/\/www.europesays.com\/pt\/wp-json\/wp\/v2\/posts\/39321","targetHints":{"allow":["GET"]}}],"collection":[{"href":"https:\/\/www.europesays.com\/pt\/wp-json\/wp\/v2\/posts"}],"about":[{"href":"https:\/\/www.europesays.com\/pt\/wp-json\/wp\/v2\/types\/post"}],"author":[{"embeddable":true,"href":"https:\/\/www.europesays.com\/pt\/wp-json\/wp\/v2\/users\/2"}],"replies":[{"embeddable":true,"href":"https:\/\/www.europesays.com\/pt\/wp-json\/wp\/v2\/comments?post=39321"}],"version-history":[{"count":0,"href":"https:\/\/www.europesays.com\/pt\/wp-json\/wp\/v2\/posts\/39321\/revisions"}],"wp:featuredmedia":[{"embeddable":true,"href":"https:\/\/www.europesays.com\/pt\/wp-json\/wp\/v2\/media\/39322"}],"wp:attachment":[{"href":"https:\/\/www.europesays.com\/pt\/wp-json\/wp\/v2\/media?parent=39321"}],"wp:term":[{"taxonomy":"category","embeddable":true,"href":"https:\/\/www.europesays.com\/pt\/wp-json\/wp\/v2\/categories?post=39321"},{"taxonomy":"post_tag","embeddable":true,"href":"https:\/\/www.europesays.com\/pt\/wp-json\/wp\/v2\/tags?post=39321"}],"curies":[{"name":"wp","href":"https:\/\/api.w.org\/{rel}","templated":true}]}}