{"id":393224,"date":"2026-05-24T16:07:14","date_gmt":"2026-05-24T16:07:14","guid":{"rendered":"https:\/\/www.europesays.com\/pt\/393224\/"},"modified":"2026-05-24T16:07:14","modified_gmt":"2026-05-24T16:07:14","slug":"mansao-em-fazenda-historica-ana-hickmann-e-edu-guedes-mostram-primeira-noite-na-casa-nova-e-detalhes-da-decoracao","status":"publish","type":"post","link":"https:\/\/www.europesays.com\/pt\/393224\/","title":{"rendered":"Mans\u00e3o em fazenda hist\u00f3rica: Ana Hickmann e Edu Guedes mostram primeira noite na casa nova e detalhes da decora\u00e7\u00e3o"},"content":{"rendered":"\n<p class=\" content-text__container theme-color-primary-first-letter\" data-track-category=\"Link no Texto\" data-track-links=\"\"> <a class=\"\" href=\"https:\/\/oglobo.globo.com\/tudo-sobre\/personalidade\/ana-hickmann\/\" rel=\"nofollow noopener\" target=\"_blank\">Ana Hickmann<\/a> e <a class=\"\" href=\"https:\/\/oglobo.globo.com\/tudo-sobre\/personalidade\/edu-guedes\" rel=\"nofollow noopener\" target=\"_blank\">Edu Guedes<\/a> est\u00e3o se instalando na nova casa do casal, no interior de S\u00e3o Paulo. Localizada em Araras, a hist\u00f3rica mans\u00e3o de 180 anos foi batizada por eles como Casa Gialla. Ap\u00f3s a reforma do local, a apresentadora mostrou a primeira noite deles na propriedade e o in\u00edcio do processo de decora\u00e7\u00e3o. <\/p>\n<p class=\" content-text__container \" data-track-category=\"Link no Texto\" data-track-links=\"\"> Entre os itens novos, est\u00e1 um lustre de cristais de 1,80m de altura, instalado na sala de jantar. Ana contou que esse foi o primeiro presente de ganhou do marido. Ela tamb\u00e9m mostrou um quarto onde guardar\u00e1 as lou\u00e7as. J\u00e1 o chef e apresentador Edu mostrou o primeiro churrasco no local. <\/p>\n<p class=\" content-text__container \" data-track-category=\"Link no Texto\" data-track-links=\"\"> Os dois s\u00e3o casados no civil de desde o ano passado, e a cerim\u00f4nia acontecer\u00e1 na pr\u00f3pria fazenda, em setembro. O casal tamb\u00e9m possui uma cobertura em S\u00e3o Paulo. <\/p>\n<p class=\" content-text__container \" data-track-category=\"Link no Texto\" data-track-links=\"\"> Veja as fotos da nova casa Ana Hickmann e Edu Guedes: <\/p>\n","protected":false},"excerpt":{"rendered":"Ana Hickmann e Edu Guedes est\u00e3o se instalando na nova casa do casal, no interior de S\u00e3o Paulo.&hellip;\n","protected":false},"author":2,"featured_media":393225,"comment_status":"","ping_status":"","sticky":false,"template":"","format":"standard","meta":{"footnotes":"","_share_on_mastodon":"0"},"categories":[145],"tags":[6500,211,210,21577,6497,114,115,32,33,679],"class_list":["post-393224","post","type-post","status-publish","format-standard","has-post-thumbnail","category-celebridades","tag-ana-hickmann","tag-celebridades","tag-celebrities","tag-chef-de-cozinha-e-apresentador-de-televisao","tag-edu-guedes","tag-entertainment","tag-entretenimento","tag-portugal","tag-pt","tag-reportagem"],"share_on_mastodon":{"url":"https:\/\/pubeurope.com\/@pt\/116630417799818472","error":""},"_links":{"self":[{"href":"https:\/\/www.europesays.com\/pt\/wp-json\/wp\/v2\/posts\/393224","targetHints":{"allow":["GET"]}}],"collection":[{"href":"https:\/\/www.europesays.com\/pt\/wp-json\/wp\/v2\/posts"}],"about":[{"href":"https:\/\/www.europesays.com\/pt\/wp-json\/wp\/v2\/types\/post"}],"author":[{"embeddable":true,"href":"https:\/\/www.europesays.com\/pt\/wp-json\/wp\/v2\/users\/2"}],"replies":[{"embeddable":true,"href":"https:\/\/www.europesays.com\/pt\/wp-json\/wp\/v2\/comments?post=393224"}],"version-history":[{"count":0,"href":"https:\/\/www.europesays.com\/pt\/wp-json\/wp\/v2\/posts\/393224\/revisions"}],"wp:featuredmedia":[{"embeddable":true,"href":"https:\/\/www.europesays.com\/pt\/wp-json\/wp\/v2\/media\/393225"}],"wp:attachment":[{"href":"https:\/\/www.europesays.com\/pt\/wp-json\/wp\/v2\/media?parent=393224"}],"wp:term":[{"taxonomy":"category","embeddable":true,"href":"https:\/\/www.europesays.com\/pt\/wp-json\/wp\/v2\/categories?post=393224"},{"taxonomy":"post_tag","embeddable":true,"href":"https:\/\/www.europesays.com\/pt\/wp-json\/wp\/v2\/tags?post=393224"}],"curies":[{"name":"wp","href":"https:\/\/api.w.org\/{rel}","templated":true}]}}