{"id":393248,"date":"2026-05-24T16:29:11","date_gmt":"2026-05-24T16:29:11","guid":{"rendered":"https:\/\/www.europesays.com\/pt\/393248\/"},"modified":"2026-05-24T16:29:11","modified_gmt":"2026-05-24T16:29:11","slug":"jornal-da-franca-glicemia-em-jejum-pode-esconder-picos-ao-longo-do-dia-o-que-observar-no-diabetes","status":"publish","type":"post","link":"https:\/\/www.europesays.com\/pt\/393248\/","title":{"rendered":"Jornal da Franca &#8211; Glicemia em jejum pode esconder picos ao longo do dia; o que observar no diabetes"},"content":{"rendered":"<p>Nutricionista afirma que medir s\u00f3 o valor da manh\u00e3 pode deixar de fora altera\u00e7\u00f5es ap\u00f3s caf\u00e9 da manh\u00e3, almo\u00e7o e jantar<\/p>\n<p>O diabetes avan\u00e7a no pa\u00eds e ainda chega tarde ao radar de muitos brasileiros. Dados do Minist\u00e9rio da Sa\u00fade mostram que, entre 2006 e 2024, a propor\u00e7\u00e3o de adultos com diagn\u00f3stico m\u00e9dico da doen\u00e7a nas capitais e no Distrito Federal passou de 5,5% para 12,9%.\n<\/p>\n<p>J\u00e1 a Federa\u00e7\u00e3o Internacional de Diabetes estima que 16,6 milh\u00f5es de adultos vivem com diabetes no Brasil.<\/p>\n<p>Segundo a nutricionista <a href=\"https:\/\/www.instagram.com\/bela_nutricao\/\" target=\"_blank\" rel=\"noopener nofollow\"><strong>Bela Clerot<\/strong><\/a>, parte desse atraso passa pelo foco quase exclusivo na glicemia em jejum. De acordo com ela, quando a pessoa olha s\u00f3 para esse exame, deixa de perceber sinais que o corpo j\u00e1 vinha dando antes.\n<\/p>\n<p>\u201cPara chegar no ponto de a glicemia alterar pela manh\u00e3, \u00e9 porque o corpo j\u00e1 vem lutando contra isso h\u00e1 muito tempo\u201d, afirma.\n<\/p>\n<p><strong>Jejum glic\u00eamico<\/strong>\n<\/p>\n<p>Ainda segundo Bela, esse racioc\u00ednio sustenta o que ela chama de \u201cjejum glic\u00ea[mico\u201d: olhar menos para o tempo sem comer e mais para o comportamento da glicose ao longo do dia.\n<\/p>\n<p>De acordo com a especialista, a glicemia de jejum pode permanecer dentro do esperado enquanto outras altera\u00e7\u00f5es j\u00e1 aparecem depois das refei\u00e7\u00f5es.\n<\/p>\n<p>A nutricionista observa que, em um organismo sem altera\u00e7\u00e3o importante no controle glic\u00eamico, a glicose sobe ap\u00f3s a refei\u00e7\u00e3o, atinge o pico entre uma e duas horas e volta a ficar abaixo de 100 em at\u00e9 duas ou tr\u00eas horas.\u00a0\u201cQuando ela faz esse pico, o ideal \u00e9 que n\u00e3o passe de 140\u201d,\u00a0diz.\n<\/p>\n<p><strong>Entenda o que pode passar despercebido<\/strong>\n<\/p>\n<p><strong>O jejum pode estar aceit\u00e1vel, mas o p\u00f3s-refei\u00e7\u00e3o n\u00e3o<\/strong>\n<\/p>\n<p>De acordo com Bela, a glicemia de jejum \u00e9 s\u00f3 um recorte. Ela argumenta que uma pessoa pode acordar com um n\u00famero dentro do esperado e, ainda assim, registrar eleva\u00e7\u00f5es importantes depois do caf\u00e9 da manh\u00e3, do almo\u00e7o ou do jantar.\n<\/p>\n<p><strong>O problema pode aparecer antes do exame de rotina<\/strong>\n<\/p>\n<p>Segundo a nutricionista, a glicose p\u00f3s-prandial costuma se alterar antes da glicemia de jejum. Por isso, ela afirma que olhar apenas o exame pedido em consulta de rotina pode deixar de fora uma fase anterior do desajuste metab\u00f3lico.\n<\/p>\n<p><strong>A glicose alta ao acordar nem sempre come\u00e7ou \u00e0 noite<\/strong>\n<\/p>\n<p>Bela tamb\u00e9m chama aten\u00e7\u00e3o para o chamado fen\u00f4meno do alvorecer. Segundo ela, o corpo pode liberar glicose na madrugada para preparar o despertar, e quem j\u00e1 tem resist\u00eancia \u00e0 insulina pode amanhecer com esse valor mais alto.\n<\/p>\n<p><strong>Quando vale medir fora do jejum<\/strong>\n<\/p>\n<p>Segundo a nutricionista, o monitoramento fora do jejum faz mais sentido em pessoas com diabetes, pr\u00e9-diabetes, suspeita de resist\u00eancia \u00e0 insulina ou que j\u00e1 perceberam uma contradi\u00e7\u00e3o frequente entre o exame da manh\u00e3 e a forma como o corpo responde ao longo do dia.\n<\/p>\n<p>Nesses casos, ela orienta medir a glicose antes da refei\u00e7\u00e3o e repetir a checagem uma hora e duas horas depois. Em alguns casos, acrescenta, a terceira hora tamb\u00e9m ajuda a entender se o valor voltou ao patamar anterior.\n<\/p>\n<p>Bela cita ainda que o caf\u00e9 da manh\u00e3 costuma concentrar d\u00favidas frequentes. Segundo ela, refei\u00e7\u00f5es mais ricas em carboidratos logo cedo podem produzir respostas diferentes das observadas em combina\u00e7\u00f5es com mais prote\u00edna e gordura.\n<\/p>\n<p><strong>Oscila\u00e7\u00f5es<\/strong>\n<\/p>\n<p>Ao tratar desse ponto, a nutricionista usa os ovos como exemplo de alimento que prolonga a saciedade e ajuda a reduzir oscila\u00e7\u00f5es ao longo da manh\u00e3.\n<\/p>\n<p>Ela faz uma ressalva:\u00a0\u201cQuem usa medica\u00e7\u00e3o para diabetes, mudan\u00e7as alimentares que levem a uma queda r\u00e1pida da glicose pedem acompanhamento para evitar hipoglicemia e eventual ajuste de dose\u201d.\n<\/p>\n<p>O Minist\u00e9rio da Sa\u00fade informa que o diabetes tipo 2 est\u00e1 diretamente relacionado a fatores como sobrepeso, sedentarismo, triglicer\u00eddeos elevados, hipertens\u00e3o e h\u00e1bitos alimentares inadequados, e afirma que o tratamento deve ser acompanhado por profissional de sa\u00fade.\n<\/p>\n<p><script async src=\"\/\/www.instagram.com\/embed.js\"><\/script><\/p>\n","protected":false},"excerpt":{"rendered":"Nutricionista afirma que medir s\u00f3 o valor da manh\u00e3 pode deixar de fora altera\u00e7\u00f5es ap\u00f3s caf\u00e9 da manh\u00e3,&hellip;\n","protected":false},"author":2,"featured_media":393249,"comment_status":"","ping_status":"","sticky":false,"template":"","format":"standard","meta":{"footnotes":"","_share_on_mastodon":"0"},"categories":[86],"tags":[1027,9082,65206,116,65207,65208,32437,3226,32,33,117],"class_list":["post-393248","post","type-post","status-publish","format-standard","has-post-thumbnail","category-saude","tag-diabetes","tag-glicemia","tag-glicemico","tag-health","tag-indices-ocultos","tag-indices-variaveis","tag-jejum","tag-jornal-da-franca","tag-portugal","tag-pt","tag-saude"],"share_on_mastodon":{"url":"","error":""},"_links":{"self":[{"href":"https:\/\/www.europesays.com\/pt\/wp-json\/wp\/v2\/posts\/393248","targetHints":{"allow":["GET"]}}],"collection":[{"href":"https:\/\/www.europesays.com\/pt\/wp-json\/wp\/v2\/posts"}],"about":[{"href":"https:\/\/www.europesays.com\/pt\/wp-json\/wp\/v2\/types\/post"}],"author":[{"embeddable":true,"href":"https:\/\/www.europesays.com\/pt\/wp-json\/wp\/v2\/users\/2"}],"replies":[{"embeddable":true,"href":"https:\/\/www.europesays.com\/pt\/wp-json\/wp\/v2\/comments?post=393248"}],"version-history":[{"count":0,"href":"https:\/\/www.europesays.com\/pt\/wp-json\/wp\/v2\/posts\/393248\/revisions"}],"wp:featuredmedia":[{"embeddable":true,"href":"https:\/\/www.europesays.com\/pt\/wp-json\/wp\/v2\/media\/393249"}],"wp:attachment":[{"href":"https:\/\/www.europesays.com\/pt\/wp-json\/wp\/v2\/media?parent=393248"}],"wp:term":[{"taxonomy":"category","embeddable":true,"href":"https:\/\/www.europesays.com\/pt\/wp-json\/wp\/v2\/categories?post=393248"},{"taxonomy":"post_tag","embeddable":true,"href":"https:\/\/www.europesays.com\/pt\/wp-json\/wp\/v2\/tags?post=393248"}],"curies":[{"name":"wp","href":"https:\/\/api.w.org\/{rel}","templated":true}]}}