{"id":39325,"date":"2025-08-21T21:27:19","date_gmt":"2025-08-21T21:27:19","guid":{"rendered":"https:\/\/www.europesays.com\/pt\/39325\/"},"modified":"2025-08-21T21:27:19","modified_gmt":"2025-08-21T21:27:19","slug":"drone-russo-cai-na-polonia-varsovia-denuncia-nova-provocacao-da-russia-aos-paises-da-nato","status":"publish","type":"post","link":"https:\/\/www.europesays.com\/pt\/39325\/","title":{"rendered":"Drone russo cai na Pol\u00f3nia. Vars\u00f3via denuncia nova &#8220;provoca\u00e7\u00e3o&#8221; da R\u00fassia aos pa\u00edses da NATO"},"content":{"rendered":"<p>&#13;<br \/>\nAp\u00f3s a queda e explos\u00e3o, durante a \u00faltima noite, de um drone num campo de milho perto de Osiny, no leste da Pol\u00f3nia, a cerca de 100 quIl\u00f3metros da capital, Vars\u00f3via, identificou a origem do dispositivo.\u00a0&#13;\n<\/p>\n<p>&#13;<br \/>\n<b>&#8220;Mais uma vez, estamos a lidar com uma provoca\u00e7\u00e3o da Federa\u00e7\u00e3o Russa,&#13;<br \/>\ncom um drone russo&#8221;, <\/b>declarou\u00a0o ministro polaco da Defesa,\u00a0Wladyslaw Kosiniak-Kamysz, esta quarta-feira aos jornalistas.\u00a0&#13;\n<\/p>\n<p>&#13;<br \/>\n&#8220;<b>Estamos a lidar com um momento crucial, em que &#13;<br \/>\nest\u00e3o em curso discuss\u00f5es sobre a paz, em que existe a esperan\u00e7a de que esta guerra tenha uma hip\u00f3tese de terminar. A R\u00fassia provoca mais uma vez&#8221;, <\/b>acrescentou<b>\u00a0<\/b>Wladyslaw Kosiniak-Kamys.\u00a0&#13;\n<\/p>\n<p>&#13;<br \/>\nSegundo o ministro da Defesa da Pol\u00f3nia, pa\u00eds vizinho da R\u00fassia e membro da NATO, a<b>\u00a0&#8220;R\u00fassia provoca mais uma vez os pa\u00edses da NATO, ap\u00f3s os incidentes envolvendo drones que ocorreram na Rom\u00e9nia, Litu\u00e2nia e Let\u00f3nia, bem como as viola\u00e7\u00f5es do espa\u00e7o a\u00e9reo que ocorreram em quase todos os pa\u00edses da NATO, em particular na Escandin\u00e1via, nos pa\u00edses b\u00e1lticos, bem como na Pol\u00f3nia, Rom\u00e9nia e Bulg\u00e1ria\u00bb,<\/b>\u00a0escreveu ainda o ministro na rede social X.&#13;\n<\/p>\n<p>&#13;<br \/>\nTamb\u00e9m o ministro\u00a0polaco\u00a0dos Neg\u00f3cios Estrangeiros, Rados\u0142aw Sikorski, denunciou,<b> &#8220;uma nova viola\u00e7\u00e3o do nosso espa\u00e7o a\u00e9reo vinda do Leste&#8221;<\/b>.<b>\u00a0<\/b>De acordo com o chefe da diplomacia polaca, o incidente confirma que <b>&#8220;a miss\u00e3o mais importante da Pol\u00f3nia em rela\u00e7\u00e3o \u00e0 NATO \u00e9 a defesa do nosso pr\u00f3prio territ\u00f3rio&#8221;<\/b>.\u00a0<b><br \/>&#13;<br \/>\n<\/b>&#13;\n<\/p>\n<p><b>&#13;<\/p>\n<blockquote class=\"twitter-tweet\"><p>&#13;<\/p>\n<p dir=\"ltr\" lang=\"pl\">&#13;<br \/>\n\tKolejne naruszenie naszej przestrzeni powietrznej ze Wschodu potwierdza, \u017ce najwa\u017cniejsz\u0105 misj\u0105 Polski wobec NATO jest obrona naszego w\u0142asnego terytorium.<br \/>&#13;<br \/>\n\tB\u0119dzie protest MSZ wobec sprawcy.&#13;<br \/>\n\t&#13;\n\t<\/p>\n<p>&#13;<br \/>\n\t&#13;<br \/>\n\t\u2014 Rados\u0142aw Sikorski \ud83c\uddf5\ud83c\uddf1\ud83c\uddea\ud83c\uddfa (@sikorskiradek) <a href=\"https:\/\/twitter.com\/sikorskiradek\/status\/1958169313942077505?ref_src=twsrc%5Etfw\" rel=\"nofollow noopener\" target=\"_blank\">August 20, 2025<\/a>&#13;\n<\/p><\/blockquote>\n<p>&#13;<br \/>\n<\/b><b>&#13;<br \/>\n <br \/>&#13;<br \/>\n<\/b><\/p>\n<p>&#13;<br \/>\nO incidente ocorre um dia ap\u00f3s a reuni\u00e3o de l\u00edderes na Casa Branca, entre Donald Trump, Volodymir Zelensky e os l\u00edderes europeus sobre a paz na Ucr\u00e2nia. No final do encontro, o presidente dos EUA anunciou &#8220;preparativos&#8221; para uma cimeira entre Vladimir Putin e Volodymir Zelensky.&#13;\n<\/p>\n<p>&#13;<br \/>\nAp\u00f3s o chefe de Estado ter anunciado publicamente estar pronto para se encontrar com Putin, o\u00a0presidente russo manifestou disponibilidade para se encontrar com o hom\u00f3logo ucraniano dentro de duas semanas e prop\u00f4s um encontro em Moscovo, sugest\u00e3o descartada por Zelensky provavelmente devido aos riscos para a sua pr\u00f3pria seguran\u00e7a.&#13;\n<\/p>\n<p>&#13;<br \/>\nEnquanto prosseguem as conversa\u00e7\u00f5es entre os l\u00edderes sobre o local da Cimeira entre a R\u00fassia e a Ucr\u00e2nia, est\u00e3o em cima da mesa, Viena, na \u00c1ustria e Genebra, na Su\u00ed\u00e7a, esta \u00faltima proposta pelo presidente franc\u00eas Emmanuel Macron. Na ter\u00e7a-feira, a<b> Su\u00ed\u00e7a disse estar &#8220;mais do que pronta&#8221; para acolher o encontro e precisou que o pa\u00eds oferecer\u00e1 &#8220;imunidade&#8221; a Vladimir Putin se ele vier para uma confer\u00eancia de paz<\/b>, anunciou o ministro su\u00ed\u00e7o dos Neg\u00f3cios Estrangeiros, Ignazio Cassis.\u00a0&#13;\n<\/p>\n<p>&#13;<br \/>\n&#8220;Discutir garantias de seguran\u00e7a sem a R\u00fassia \u00e9 ut\u00f3pico&#8221;<br \/>&#13;\n<\/p>\n<p>&#13;<br \/>\nA prop\u00f3sito das garantias de seguran\u00e7a para a Ucr\u00e2nia, <b>cerca de dez pa\u00edses europeus est\u00e3o prontos para enviar tropas para a Ucr\u00e2nia para garantir um poss\u00edvel acordo de paz<\/b>, entre eles o Reino Unido. No entanto, o chefe da diplomacia russa, Serguei Lavrov, afirmou esta quarta-feira que as garantias de seguran\u00e7a para a Ucr\u00e2nia n\u00e3o poderiam ser decididas sem a aprova\u00e7\u00e3o da Moscovo.&#13;\n<\/p>\n<p>&#13;<br \/>\n<b>&#8220;O Ocidente compreende perfeitamente que discutir seriamente garantias de seguran\u00e7a sem a R\u00fassia \u00e9 ut\u00f3pico, \u00e9 um caminho que n\u00e3o leva a lado nenhum&#8221;<\/b>, afirmou Serguei Lavrov no final das negocia\u00e7\u00f5es, esta quarta-feira, com o chefe da diplomacia da Jord\u00e2nia. <b>&#8220;N\u00e3o podemos aceitar que as quest\u00f5es de seguran\u00e7a coletiva sejam agora abordadas sem a R\u00fassia&#8221;<\/b>, acrescentou.&#13;\n<\/p>\n<p>Recorde-se que recentemente um drone do mesmo tipo foi encontrado no in\u00edcio de agosto na Litu\u00e2nia, o que levou Vilnius a considerar uma <a href=\"https:\/\/www.rtp.pt\/noticias\/mundo\/sinal-alarmante-lituania-pede-ajuda-a-nato-apos-incidente-com-drone-russo_n1674337\" target=\"_blank\" rel=\"nofollow noopener\">&#8220;situa\u00e7\u00e3o alarmante&#8221;<\/a> e a pedir \u00e0 NATO que tomasse &#8220;medidas imediatas&#8221; para refor\u00e7ar a sua defesa a\u00e9rea.\u00a0<\/p>\n<p>&#13;<br \/>\nc\/ag\u00eancias\u00a0&#13;\n<\/p>\n<p><script async src=\"https:\/\/platform.twitter.com\/widgets.js\" charset=\"utf-8\"><\/script><\/p>\n","protected":false},"excerpt":{"rendered":"&#13; Ap\u00f3s a queda e explos\u00e3o, durante a \u00faltima noite, de um drone num campo de milho perto&hellip;\n","protected":false},"author":2,"featured_media":39326,"comment_status":"","ping_status":"","sticky":false,"template":"","format":"standard","meta":{"footnotes":""},"categories":[50],"tags":[27,28,4062,15,16,14,25,26,21,22,7966,62,12,13,19,20,5300,23,24,839,17,18,840,1977,29,30,31,63,64,65],"class_list":{"0":"post-39325","1":"post","2":"type-post","3":"status-publish","4":"format-standard","5":"has-post-thumbnail","7":"category-mundo","8":"tag-breaking-news","9":"tag-breakingnews","10":"tag-drone","11":"tag-featured-news","12":"tag-featurednews","13":"tag-headlines","14":"tag-latest-news","15":"tag-latestnews","16":"tag-main-news","17":"tag-mainnews","18":"tag-militar","19":"tag-mundo","20":"tag-news","21":"tag-noticias","22":"tag-noticias-principais","23":"tag-noticiasprincipais","24":"tag-polonia","25":"tag-principais-noticias","26":"tag-principaisnoticias","27":"tag-russia","28":"tag-top-stories","29":"tag-topstories","30":"tag-ucrania","31":"tag-ue","32":"tag-ultimas","33":"tag-ultimas-noticias","34":"tag-ultimasnoticias","35":"tag-world","36":"tag-world-news","37":"tag-worldnews"},"share_on_mastodon":{"url":"","error":""},"_links":{"self":[{"href":"https:\/\/www.europesays.com\/pt\/wp-json\/wp\/v2\/posts\/39325","targetHints":{"allow":["GET"]}}],"collection":[{"href":"https:\/\/www.europesays.com\/pt\/wp-json\/wp\/v2\/posts"}],"about":[{"href":"https:\/\/www.europesays.com\/pt\/wp-json\/wp\/v2\/types\/post"}],"author":[{"embeddable":true,"href":"https:\/\/www.europesays.com\/pt\/wp-json\/wp\/v2\/users\/2"}],"replies":[{"embeddable":true,"href":"https:\/\/www.europesays.com\/pt\/wp-json\/wp\/v2\/comments?post=39325"}],"version-history":[{"count":0,"href":"https:\/\/www.europesays.com\/pt\/wp-json\/wp\/v2\/posts\/39325\/revisions"}],"wp:featuredmedia":[{"embeddable":true,"href":"https:\/\/www.europesays.com\/pt\/wp-json\/wp\/v2\/media\/39326"}],"wp:attachment":[{"href":"https:\/\/www.europesays.com\/pt\/wp-json\/wp\/v2\/media?parent=39325"}],"wp:term":[{"taxonomy":"category","embeddable":true,"href":"https:\/\/www.europesays.com\/pt\/wp-json\/wp\/v2\/categories?post=39325"},{"taxonomy":"post_tag","embeddable":true,"href":"https:\/\/www.europesays.com\/pt\/wp-json\/wp\/v2\/tags?post=39325"}],"curies":[{"name":"wp","href":"https:\/\/api.w.org\/{rel}","templated":true}]}}