{"id":39327,"date":"2025-08-21T21:28:09","date_gmt":"2025-08-21T21:28:09","guid":{"rendered":"https:\/\/www.europesays.com\/pt\/39327\/"},"modified":"2025-08-21T21:28:09","modified_gmt":"2025-08-21T21:28:09","slug":"gato-aciona-placa-de-inducao-e-causa-incendio-em-coimbra","status":"publish","type":"post","link":"https:\/\/www.europesays.com\/pt\/39327\/","title":{"rendered":"Gato aciona placa de indu\u00e7\u00e3o e causa inc\u00eandio em Coimbra"},"content":{"rendered":"<p>&#8220;Foi-nos informado pelo inquilino que teria havido um inc\u00eandio na placa el\u00e9trica, em que o pr\u00f3prio gato foi para cima da placa e acionou a placa de indu\u00e7\u00e3o. Como tinha pl\u00e1sticos em cima, incendiou&#8221;, explica o subchefe dos Bombeiros Sapadores de Coimbra, Bruno Serra.<\/p>\n<p data-remotead-prev-elm=\"true\" data-remotead-elm-id=\"inread\">O alerta foi dado \u00e0s 2.15 horas de quarta-feira, para a Rua Oliveira Matos, para um inc\u00eandio habitacional que j\u00e1 estaria resolvido, mas era necess\u00e1rio a colabora\u00e7\u00e3o dos bombeiros &#8220;para consolidar&#8221;.<\/p>\n<p>&#8220;Quando cheg\u00e1mos, tivemos que ventilar o espa\u00e7o. Havia muito fumo, muitos gases&#8221;, acrescenta Bruno Serra, que indica que &#8220;os danos ficaram confinados \u00e0 placa&#8221; de indu\u00e7\u00e3o.<\/p>\n<p data-remotead-prev-elm=\"true\" data-remotead-elm-id=\"centro1\"><img decoding=\"async\" class=\"ngx-body\" guid=\"d4eda9fb-b14e-4349-a1f2-3f9edb17b472\" src=\"https:\/\/www.europesays.com\/pt\/wp-content\/uploads\/2025\/08\/1755811689_212_image.jpg\" width=\"100%\"\/>Foto: Direitos reservados<\/p>\n<p>Embora sem ferimentos, o homem foi transportado para o Centro Hospitalar da Universidade de Coimbra por &#8220;precau\u00e7\u00e3o, por inala\u00e7\u00e3o de fumo e gases&#8221;. <\/p>\n<p data-remotead-prev-elm=\"true\" data-remotead-elm-id=\"centro2\">\u00c0 chegada dos operacionais, o gato &#8220;assustou-se e fugiu&#8221;, mas, passado pouco tempo, apareceu. O dono, de 27 anos, &#8220;depois do espa\u00e7o ventilado, fechou as portas e foi \u00e0 unidade hospitalar para ser avaliado&#8221;.<\/p>\n<p>Estiveram no local, al\u00e9m de oito operacionais dos Bombeiros Sapadores, os Volunt\u00e1rios de Coimbra com uma ambul\u00e2ncia, e a PSP.<\/p>\n","protected":false},"excerpt":{"rendered":"&#8220;Foi-nos informado pelo inquilino que teria havido um inc\u00eandio na placa el\u00e9trica, em que o pr\u00f3prio gato foi&hellip;\n","protected":false},"author":2,"featured_media":39328,"comment_status":"","ping_status":"","sticky":false,"template":"","format":"standard","meta":{"footnotes":""},"categories":[10],"tags":[27,28,15,16,14,25,26,21,22,12,13,19,20,32,23,24,33,17,18,29,30,31],"class_list":{"0":"post-39327","1":"post","2":"type-post","3":"status-publish","4":"format-standard","5":"has-post-thumbnail","7":"category-portugal","8":"tag-breaking-news","9":"tag-breakingnews","10":"tag-featured-news","11":"tag-featurednews","12":"tag-headlines","13":"tag-latest-news","14":"tag-latestnews","15":"tag-main-news","16":"tag-mainnews","17":"tag-news","18":"tag-noticias","19":"tag-noticias-principais","20":"tag-noticiasprincipais","21":"tag-portugal","22":"tag-principais-noticias","23":"tag-principaisnoticias","24":"tag-pt","25":"tag-top-stories","26":"tag-topstories","27":"tag-ultimas","28":"tag-ultimas-noticias","29":"tag-ultimasnoticias"},"share_on_mastodon":{"url":"","error":""},"_links":{"self":[{"href":"https:\/\/www.europesays.com\/pt\/wp-json\/wp\/v2\/posts\/39327","targetHints":{"allow":["GET"]}}],"collection":[{"href":"https:\/\/www.europesays.com\/pt\/wp-json\/wp\/v2\/posts"}],"about":[{"href":"https:\/\/www.europesays.com\/pt\/wp-json\/wp\/v2\/types\/post"}],"author":[{"embeddable":true,"href":"https:\/\/www.europesays.com\/pt\/wp-json\/wp\/v2\/users\/2"}],"replies":[{"embeddable":true,"href":"https:\/\/www.europesays.com\/pt\/wp-json\/wp\/v2\/comments?post=39327"}],"version-history":[{"count":0,"href":"https:\/\/www.europesays.com\/pt\/wp-json\/wp\/v2\/posts\/39327\/revisions"}],"wp:featuredmedia":[{"embeddable":true,"href":"https:\/\/www.europesays.com\/pt\/wp-json\/wp\/v2\/media\/39328"}],"wp:attachment":[{"href":"https:\/\/www.europesays.com\/pt\/wp-json\/wp\/v2\/media?parent=39327"}],"wp:term":[{"taxonomy":"category","embeddable":true,"href":"https:\/\/www.europesays.com\/pt\/wp-json\/wp\/v2\/categories?post=39327"},{"taxonomy":"post_tag","embeddable":true,"href":"https:\/\/www.europesays.com\/pt\/wp-json\/wp\/v2\/tags?post=39327"}],"curies":[{"name":"wp","href":"https:\/\/api.w.org\/{rel}","templated":true}]}}