{"id":393501,"date":"2026-05-24T20:53:13","date_gmt":"2026-05-24T20:53:13","guid":{"rendered":"https:\/\/www.europesays.com\/pt\/393501\/"},"modified":"2026-05-24T20:53:13","modified_gmt":"2026-05-24T20:53:13","slug":"apos-muitos-rumores-ex-concorrentes-do-big-brother-assumem-namoro","status":"publish","type":"post","link":"https:\/\/www.europesays.com\/pt\/393501\/","title":{"rendered":"Ap\u00f3s muitos rumores! Ex-concorrentes do &#8220;Big Brother&#8221; assumem namoro"},"content":{"rendered":"<p>Erica Reis e Tom\u00e9 Cunha conheceram-se no &#8220;<a href=\"https:\/\/tvi.iol.pt\/bigbrother\/\" rel=\"noopener noreferrer nofollow\" target=\"_blank\">Big Brother<\/a> 2025&#8243;, de que ambos foram concorrentes. Na altura, ambos mantinham namoros, que terminaram aquando das respetivas expuls\u00f5es do reality show da <a href=\"https:\/\/tvi.iol.pt\/\" rel=\"noopener noreferrer nofollow\" target=\"_blank\">TVI<\/a>.<\/p>\n<p>Sempre c\u00famplices fora da casa mais vigiada do Pa\u00eds, Erica Reis e Tom\u00e9 Cunha foram alvo de rumores de que poderiam estar apaixonados. Aproximadamente um ano depois, essa hip\u00f3tese foi confirmada, num v\u00eddeo publicado pela jovem no Instagram.<\/p>\n<p>Durante a filmagem, os dois aparecem a dar um beijo na boca, confirmando a rela\u00e7\u00e3o.<\/p>\n<p>Veja, agora, o v\u00eddeo com o qual <a href=\"https:\/\/selfie.iol.pt\/famosos\/erica-reis\/revelacao-erica-reis-partilha-momento-secreto-com-o-big-brother-no-confessionario\/20250904\/68a4b082d34ef72ee449993a\" rel=\"noopener noreferrer nofollow\" target=\"_blank\">Erica Reis<\/a> e <a href=\"https:\/\/selfie.iol.pt\/famosos\/big-brother\/big-brother-erica-reis-faz-esclarecimento-sobre-relacao-com-tome-cunha\/20250531\/683af74bd34ef72ee446a6c2\" rel=\"noopener noreferrer nofollow\" target=\"_blank\">Tom\u00e9 Cunha<\/a> oficializaram o namoro.<\/p>\n<blockquote class=\"instagram-media\" data-instgrm-captioned=\"\" data-instgrm-permalink=\"https:\/\/www.instagram.com\/reel\/DYruU1TxYXo\/?utm_source=ig_embed&amp;utm_campaign=loading\" data-instgrm-version=\"14\" style=\" background:#FFF; border:0; border-radius:3px; box-shadow:0 0 1px 0 rgba(0,0,0,0.5),0 1px 10px 0 rgba(0,0,0,0.15); margin: 1px; max-width:540px; min-width:326px; padding:0; width:99.375%; width:-webkit-calc(100% - 2px); width:calc(100% - 2px);\">\n<\/blockquote>\n<p>\u00a0<\/p>\n<p>                        <script async src=\"\/\/www.instagram.com\/embed.js\"><\/script><\/p>\n","protected":false},"excerpt":{"rendered":"Erica Reis e Tom\u00e9 Cunha conheceram-se no &#8220;Big Brother 2025&#8243;, de que ambos foram concorrentes. Na altura, ambos&hellip;\n","protected":false},"author":2,"featured_media":393502,"comment_status":"","ping_status":"","sticky":false,"template":"","format":"standard","meta":{"footnotes":"","_share_on_mastodon":"0"},"categories":[142],"tags":[6308,6812,48,6810,114,115,65265,6309,30302,980,1015,619,8115,7399,21677,1017,32,33,1014,5870,1012,65266,151,162],"class_list":["post-393501","post","type-post","status-publish","format-standard","has-post-thumbnail","category-tv","tag-bb","tag-bb2025","tag-big-brother","tag-big-brother-2025","tag-entertainment","tag-entretenimento","tag-erica-reis","tag-ex-concorrente","tag-ex-concorrentes","tag-famosos","tag-instagram","tag-nacional","tag-namorada","tag-namorado","tag-namorados","tag-namoro","tag-portugal","tag-pt","tag-reality-show","tag-relacao","tag-selfie","tag-tome-cunha","tag-tv","tag-tvi"],"share_on_mastodon":{"url":"https:\/\/pubeurope.com\/@pt\/116631542664102362","error":""},"_links":{"self":[{"href":"https:\/\/www.europesays.com\/pt\/wp-json\/wp\/v2\/posts\/393501","targetHints":{"allow":["GET"]}}],"collection":[{"href":"https:\/\/www.europesays.com\/pt\/wp-json\/wp\/v2\/posts"}],"about":[{"href":"https:\/\/www.europesays.com\/pt\/wp-json\/wp\/v2\/types\/post"}],"author":[{"embeddable":true,"href":"https:\/\/www.europesays.com\/pt\/wp-json\/wp\/v2\/users\/2"}],"replies":[{"embeddable":true,"href":"https:\/\/www.europesays.com\/pt\/wp-json\/wp\/v2\/comments?post=393501"}],"version-history":[{"count":0,"href":"https:\/\/www.europesays.com\/pt\/wp-json\/wp\/v2\/posts\/393501\/revisions"}],"wp:featuredmedia":[{"embeddable":true,"href":"https:\/\/www.europesays.com\/pt\/wp-json\/wp\/v2\/media\/393502"}],"wp:attachment":[{"href":"https:\/\/www.europesays.com\/pt\/wp-json\/wp\/v2\/media?parent=393501"}],"wp:term":[{"taxonomy":"category","embeddable":true,"href":"https:\/\/www.europesays.com\/pt\/wp-json\/wp\/v2\/categories?post=393501"},{"taxonomy":"post_tag","embeddable":true,"href":"https:\/\/www.europesays.com\/pt\/wp-json\/wp\/v2\/tags?post=393501"}],"curies":[{"name":"wp","href":"https:\/\/api.w.org\/{rel}","templated":true}]}}