{"id":393576,"date":"2026-05-24T22:09:22","date_gmt":"2026-05-24T22:09:22","guid":{"rendered":"https:\/\/www.europesays.com\/pt\/393576\/"},"modified":"2026-05-24T22:09:22","modified_gmt":"2026-05-24T22:09:22","slug":"ana-hickmann-revela-primeiro-presente-que-ganhou-de-edu-guedes","status":"publish","type":"post","link":"https:\/\/www.europesays.com\/pt\/393576\/","title":{"rendered":"Ana Hickmann revela primeiro presente que ganhou de Edu Guedes"},"content":{"rendered":"<p dir=\"ltr\"><a href=\"https:\/\/www.correiobraziliense.com.br\/diversao-e-arte\/2026\/04\/7388842-ana-hickmann-compartilha-fotos-raras-com-o-irmao-cacula.html\" target=\"_blank\" rel=\"nofollow noopener\">Ana Hickmann<\/a> e <a href=\"https:\/\/www.correiobraziliense.com.br\/diversao-e-arte\/2025\/05\/7156292-ana-hickmann-sobre-casamento-com-edu-guedes-amor-de-verdade.html\" target=\"_blank\" rel=\"nofollow noopener\">Edu Guedes<\/a> se mudaram para uma casa nova, uma mans\u00e3o hist\u00f3rica de 180 anos localizada em Araras, no interior de S\u00e3o Paulo. O casal batizou a resid\u00eancia como \u201cCasa Gialla\u201d e a apresentadora usou suas redes sociais para mostrar aos seguidores o primeiro dia no novo lar e um pouco da decora\u00e7\u00e3o escolhida para a mans\u00e3o.<\/p>\n<p dir=\"ltr\">\u201cAinda est\u00e1 com algumas coisas faltando, mas est\u00e1 come\u00e7ando a aparecer\u201d, diz Ana Hickmann, enquanto filma a sala da Casa Gialla.\u00a0<\/p>\n<p dir=\"ltr\">Em clima de mudan\u00e7as e nostalgia, a empres\u00e1ria ainda mostra um par de lustres de cristal que enfeiTam a sala de jantar, com 1,80m de altura cada. \u201cEsse \u00e9 o primeiro presente de casamento que eu ganhei do meu marido. Eles t\u00eam 1,80m, da minha altura. Ele comprou em um antiqu\u00e1rio de uma cidade pr\u00f3xima\u201d, conta.<\/p>\n<p dir=\"ltr\">\u201cOlha a quantidade de cristais, \u00e9 muito, muito lindo. Eu s\u00f3 vi lustres assim na It\u00e1lia, em Veneza. \u00c9 lindo demais\u201d, destaca a apresentadora.\u00a0<\/p>\n<p dir=\"ltr\">Al\u00e9m do presente cheio de mem\u00f3rias afetivas, Ana Hickmann fez um breve tour pela casa, que ainda est\u00e1 sem a maioria dos m\u00f3veis e com algumas caixas espalhadas. A casa de Ana Hickmann e Edu Guedes fica na Fazenda S\u00e3o Bento, propriedade hist\u00f3rica\u00a0do s\u00e9culo\u00a019 e que mant\u00e9m a arquitetura da \u00e9poca.<\/p>\n<ul>\n<li><a href=\"https:\/\/wa.me\/?text=Ana+Hickmann+revela+primeiro+presente+que+ganhou+de+Edu+Guedes%20https:\/\/www.correiobraziliense.com.br\/diversao-e-arte\/2026\/05\/7426989-ana-hickmann-revela-primeiro-presente-que-ganhou-de-edu-guedes.html\" target=\"_blank\" title=\"Whatsapp\" aria-label=\"WhatsApp\" rel=\"nofollow noopener\"><\/a><\/li>\n<li><a href=\"https:\/\/www.facebook.com\/sharer.php?u=https:\/\/www.correiobraziliense.com.br%2Fdiversao-e-arte%2F2026%2F05%2F7426989-ana-hickmann-revela-primeiro-presente-que-ganhou-de-edu-guedes.html&amp;text=Ana+Hickmann+revela+primeiro+presente+que+ganhou+de+Edu+Guedes\" target=\"_blank\" title=\"Facebook\" aria-label=\"Facebook\" rel=\"nofollow noopener\"><\/a><\/li>\n<li><a href=\"https:\/\/twitter.com\/intent\/tweet?url=https:\/\/www.correiobraziliense.com.br%2Fdiversao-e-arte%2F2026%2F05%2F7426989-ana-hickmann-revela-primeiro-presente-que-ganhou-de-edu-guedes.html&amp;text=Ana+Hickmann+revela+primeiro+presente+que+ganhou+de+Edu+Guedes\" target=\"_blank\" title=\"Twitter\" aria-label=\"Twitter\" rel=\"nofollow noopener\"><\/a><\/li>\n<li><a href=\"https:\/\/profile.google.com\/cp\/CgovbS8wNzZ0dms1\" title=\"Google Discover\" target=\"_blank\" aria-label=\"Google Discover\" rel=\"nofollow noopener\"><img decoding=\"async\" src=\"https:\/\/www.europesays.com\/pt\/wp-content\/uploads\/2026\/05\/1779660560_55_google-discover-icon.png\" style=\"height: 25px; margin: 0 !important; margin-left: 3px;\" alt=\"Google Discover Icon\"\/><\/a><\/li>\n<\/ul>\n<p>              <a href=\"https:\/\/www.correiobraziliense.com.br\/autor\/correio-braziliense\/page\/1\/\" style=\"height: 100%;\" rel=\"nofollow noopener\" target=\"_blank\"><img decoding=\"async\" class=\"hidden-print author-circle d-block h6 mt-0 mb-0 mr-6 text-center\" src=\"https:\/\/www.europesays.com\/pt\/wp-content\/uploads\/2026\/05\/logo_800x800-32298422.png\" alt=\"\" width=\"40\" height=\"40\" loading=\"lazy\" style=\"object-fit:cover; width: 40px; height: 40px; margin-right:10px;\"\/><\/a><a href=\"https:\/\/www.correiobraziliense.com.br\/autor\/correio-braziliense\/page\/1\/\" rel=\"nofollow noopener\" target=\"_blank\"><img decoding=\"async\" class=\"hidden-print author-circle d-block h6 mt-0 mb-0 mr-6 text-center\" src=\"https:\/\/www.europesays.com\/pt\/wp-content\/uploads\/2026\/05\/logo_800x800-32298422.png\" alt=\"\" width=\"40\" height=\"40\" loading=\"lazy\" style=\"object-fit:cover; width: 40px; height: 40px; margin-right:10px;\"\/><\/a><\/p>\n<p>                          <script async src=\"https:\/\/platform.twitter.com\/widgets.js\" charset=\"utf-8\"><\/script><\/p>\n","protected":false},"excerpt":{"rendered":"Ana Hickmann e Edu Guedes se mudaram para uma casa nova, uma mans\u00e3o hist\u00f3rica de 180 anos localizada&hellip;\n","protected":false},"author":2,"featured_media":393577,"comment_status":"","ping_status":"","sticky":false,"template":"","format":"standard","meta":{"footnotes":"","_share_on_mastodon":"0"},"categories":[145],"tags":[6500,211,210,6497,114,115,32,33],"class_list":["post-393576","post","type-post","status-publish","format-standard","has-post-thumbnail","category-celebridades","tag-ana-hickmann","tag-celebridades","tag-celebrities","tag-edu-guedes","tag-entertainment","tag-entretenimento","tag-portugal","tag-pt"],"share_on_mastodon":{"url":"https:\/\/pubeurope.com\/@pt\/116631841941390219","error":""},"_links":{"self":[{"href":"https:\/\/www.europesays.com\/pt\/wp-json\/wp\/v2\/posts\/393576","targetHints":{"allow":["GET"]}}],"collection":[{"href":"https:\/\/www.europesays.com\/pt\/wp-json\/wp\/v2\/posts"}],"about":[{"href":"https:\/\/www.europesays.com\/pt\/wp-json\/wp\/v2\/types\/post"}],"author":[{"embeddable":true,"href":"https:\/\/www.europesays.com\/pt\/wp-json\/wp\/v2\/users\/2"}],"replies":[{"embeddable":true,"href":"https:\/\/www.europesays.com\/pt\/wp-json\/wp\/v2\/comments?post=393576"}],"version-history":[{"count":0,"href":"https:\/\/www.europesays.com\/pt\/wp-json\/wp\/v2\/posts\/393576\/revisions"}],"wp:featuredmedia":[{"embeddable":true,"href":"https:\/\/www.europesays.com\/pt\/wp-json\/wp\/v2\/media\/393577"}],"wp:attachment":[{"href":"https:\/\/www.europesays.com\/pt\/wp-json\/wp\/v2\/media?parent=393576"}],"wp:term":[{"taxonomy":"category","embeddable":true,"href":"https:\/\/www.europesays.com\/pt\/wp-json\/wp\/v2\/categories?post=393576"},{"taxonomy":"post_tag","embeddable":true,"href":"https:\/\/www.europesays.com\/pt\/wp-json\/wp\/v2\/tags?post=393576"}],"curies":[{"name":"wp","href":"https:\/\/api.w.org\/{rel}","templated":true}]}}