{"id":393590,"date":"2026-05-24T22:27:18","date_gmt":"2026-05-24T22:27:18","guid":{"rendered":"https:\/\/www.europesays.com\/pt\/393590\/"},"modified":"2026-05-24T22:27:18","modified_gmt":"2026-05-24T22:27:18","slug":"ines-morais-apaixonada-por-joao-ricardo-e-com-ciumes-de-sara-jesus-comentadora-de-secret-story-reage-a-rumores","status":"publish","type":"post","link":"https:\/\/www.europesays.com\/pt\/393590\/","title":{"rendered":"In\u00eas Morais apaixonada por Jo\u00e3o Ricardo? E com ci\u00fames de Sara Jesus? Comentadora de &#8220;Secret Story&#8221; reage a rumores!"},"content":{"rendered":"<p><a href=\"https:\/\/selfie.iol.pt\/famosos\/casa-dos-segredos\/e-impressao-minha-aparencia-de-joao-ricardo-chama-a-atencao-e-equipa-do-concorrente-responde\/20260502\/69f5bcafd34edcee7c63b1d6\" rel=\"noopener noreferrer nofollow\" target=\"_blank\">Jo\u00e3o Ricardo Ferreira<\/a> est\u00e1 cada vez mais pr\u00f3ximo de Sara Jesus. Imagens da cumplicidade entre os concorrentes de &#8220;Secret Story &#8211; Desafio Final&#8221; foram mostradas na emiss\u00e3o desta sexta-feira, dia 22, do programa &#8220;Extra&#8221;, dedicado ao reality show da <a href=\"https:\/\/tvi.iol.pt\/\" rel=\"noopener noreferrer nofollow\" target=\"_blank\">TVI<\/a>.<\/p>\n<p>&#8220;Sabes que eu n\u00e3o tenho paci\u00eancia alguma para isto&#8230;&#8221;, reagiu logo In\u00eas Morais, amiga de Jo\u00e3o Ricardo Ferreira. Logo de seguida, dirigindo-se ainda \u00e0 apresentadora Marta Cardoso, a comentadora acabou por reagir aos rumores de que poderia estar apaixonada pelo morador da casa mais vigiada do Pa\u00eds.<\/p>\n<p>&#8220;Tu queres acreditar que a minha tia, ontem ou anteontem, encontrou-me e disse-me: &#8216;In\u00eas, eu estive a ver o &#8216;Di\u00e1rio&#8217; e tu est\u00e1s com ci\u00fames. Gostas do Jo\u00e3o Ricardo, est\u00e1s apaixonada pelo Jo\u00e3o Ricardo e est\u00e1s com ci\u00fames do Jo\u00e3o Ricardo e da Sara&#8230;&#8217;. Diz-me a minha tia Carla&#8230; J\u00e1 viste isto?&#8221;, questionou, bem-disposta.<\/p>\n<p>In\u00eas Morais rep\u00f4s, ent\u00e3o, a verdade. &#8220;A tia Carla est\u00e1 errada. Gosto muito do meu amigo, sim. Disto, n\u00e3o gosto. N\u00e3o \u00e9 o meu tipo de jogo favorito e ele sabe perfeitamente disso. No entanto, acho engra\u00e7ado, porque eu ou\u00e7o sempre muita gente a dizer: &#8216;A Sara est\u00e1 incomodad\u00edssima, ela nem pode v\u00ea-lo \u00e0 frente&#8230;&#8217;. E a Sara acha uma certa piada. Ali\u00e1s, a Sara aproveita muito isto para o jogo dela&#8221;, apontou.<\/p>\n<p>&#8220;No entanto, ela aproveita mesmo s\u00f3 para o jogo dela&#8221;, prosseguiu a comentadora de &#8220;<a href=\"https:\/\/tvi.iol.pt\/secretstory\/\" rel=\"noopener noreferrer nofollow\" target=\"_blank\">Secret Story<\/a> &#8211; Desafio Final&#8221;, contrapondo: &#8220;O Jo\u00e3o Ricardo, emocionado como de costume&#8230; N\u00f3s, aqui, j\u00e1 conhecemos a pe\u00e7a. Eu acho que ele est\u00e1 mais envolvido do que era suposto. At\u00e9 porque o facto de a Sara estar sempre a dar para tr\u00e1s d\u00e1-lhe ainda mais vontade de conhec\u00ea-la. Tenho todo o gosto em ir jantar com eles c\u00e1 fora&#8221;, rematou.<\/p>\n<p>Veja, agora, o v\u00eddeo com todas as declara\u00e7\u00f5es de In\u00eas Morais sobre os rumores de uma poss\u00edvel paix\u00e3o por <a href=\"https:\/\/selfie.iol.pt\/famosos\/casa-dos-segredos\/secret-story-ninguem-reparou-participacao-de-joao-ricardo-marcada-por-detalhe-que-envolve-joana-diniz\/20260510\/6a003d6fd34e28842c83d8b1\" rel=\"noopener noreferrer nofollow\" target=\"_blank\">Jo\u00e3o Ricardo Ferreira<\/a>.<\/p>\n","protected":false},"excerpt":{"rendered":"Jo\u00e3o Ricardo Ferreira est\u00e1 cada vez mais pr\u00f3ximo de Sara Jesus. Imagens da cumplicidade entre os concorrentes de&hellip;\n","protected":false},"author":2,"featured_media":393591,"comment_status":"","ping_status":"","sticky":false,"template":"","format":"standard","meta":{"footnotes":"","_share_on_mastodon":"0"},"categories":[142],"tags":[3539,2632,15384,6980,6338,328,15383,114,115,20987,980,6520,1829,15385,19019,619,32,33,1014,56374,1315,6985,15382,1012,6986,151,162],"class_list":["post-393590","post","type-post","status-publish","format-standard","has-post-thumbnail","category-tv","tag-apresentadora","tag-casa-dos-segredos","tag-casa-dos-segredos-desafio-final","tag-comentadora","tag-concorrente","tag-concorrentes","tag-desafio-final","tag-entertainment","tag-entretenimento","tag-extra","tag-famosos","tag-ines-morais","tag-joao-ricardo","tag-joao-ricardo-ferreira","tag-marta-cardoso","tag-nacional","tag-portugal","tag-pt","tag-reality-show","tag-sara-jesus","tag-secret-story","tag-secret-story-casa-dos-segredos","tag-secret-story-desafio-final","tag-selfie","tag-ss","tag-tv","tag-tvi"],"share_on_mastodon":{"url":"https:\/\/pubeurope.com\/@pt\/116631912195584109","error":""},"_links":{"self":[{"href":"https:\/\/www.europesays.com\/pt\/wp-json\/wp\/v2\/posts\/393590","targetHints":{"allow":["GET"]}}],"collection":[{"href":"https:\/\/www.europesays.com\/pt\/wp-json\/wp\/v2\/posts"}],"about":[{"href":"https:\/\/www.europesays.com\/pt\/wp-json\/wp\/v2\/types\/post"}],"author":[{"embeddable":true,"href":"https:\/\/www.europesays.com\/pt\/wp-json\/wp\/v2\/users\/2"}],"replies":[{"embeddable":true,"href":"https:\/\/www.europesays.com\/pt\/wp-json\/wp\/v2\/comments?post=393590"}],"version-history":[{"count":0,"href":"https:\/\/www.europesays.com\/pt\/wp-json\/wp\/v2\/posts\/393590\/revisions"}],"wp:featuredmedia":[{"embeddable":true,"href":"https:\/\/www.europesays.com\/pt\/wp-json\/wp\/v2\/media\/393591"}],"wp:attachment":[{"href":"https:\/\/www.europesays.com\/pt\/wp-json\/wp\/v2\/media?parent=393590"}],"wp:term":[{"taxonomy":"category","embeddable":true,"href":"https:\/\/www.europesays.com\/pt\/wp-json\/wp\/v2\/categories?post=393590"},{"taxonomy":"post_tag","embeddable":true,"href":"https:\/\/www.europesays.com\/pt\/wp-json\/wp\/v2\/tags?post=393590"}],"curies":[{"name":"wp","href":"https:\/\/api.w.org\/{rel}","templated":true}]}}