{"id":393846,"date":"2026-05-25T05:51:18","date_gmt":"2026-05-25T05:51:18","guid":{"rendered":"https:\/\/www.europesays.com\/pt\/393846\/"},"modified":"2026-05-25T05:51:18","modified_gmt":"2026-05-25T05:51:18","slug":"um-dia-inesquecivel-para-fredrik-dversnes-e-para-a-uno-x-no-giro-ciclismo","status":"publish","type":"post","link":"https:\/\/www.europesays.com\/pt\/393846\/","title":{"rendered":"Um dia inesquec\u00edvel para Fredrik Dversnes e para a Uno-X no Giro | Ciclismo"},"content":{"rendered":"<p>Um vencedor surpreendente, uma queda, protestos do camisola rosa e redefini\u00e7\u00e3o do tempo de chegada. A 15.\u00aa etapa da Volta a It\u00e1lia coroou, pela primeira vez na hist\u00f3ria da prova, a equipa norueguesa Uno-X e, em particular, Fredrik Dversnes, que capitalizou em Mil\u00e3o uma fuga que frustrou os sprinters. <\/p>\n<p>A tirada que antecede o derradeiro dia de descanso da actual edi\u00e7\u00e3o do Giro tinha um percurso talhado para uma chegada ao sprint. Foram 157km entre Voghera e Mil\u00e3o, com um circuito citadino (quatro voltas) a fechar as contas de um dia que poderia ser uma boa oportunidade para ciclistas explosivos como Jonathan Milan (Lidl-Trek), Dylan Groenewegen (Unibet) ou Paul Magnier (Soudal).<\/p>\n<p>Foi com essa perspectiva, a de colocar os seus candidatos na melhor posi\u00e7\u00e3o poss\u00edvel para o sprint decisivo, que trabalharam as respectivas equipas, obrigadas a trabalho extra por for\u00e7a de uma fuga madrugadora, de quatro elementos, que depressa cavou uma diferen\u00e7a de tr\u00eas minutos face ao pelot\u00e3o.<\/p>\n<p>Ap\u00f3s 91km, cruzava-se a meta pela primeira vez em Mil\u00e3o, j\u00e1 com a vantagem obtida por Dversnes, Martin Marcellusi (Bardiani), Mattia Bais e Mirco Maestri (Polti VisitMalta) reduzida a dois minutos. O quarteto resistia na frente, por\u00e9m, mesmo quando Paul Magnier tentou liderar uma aproxima\u00e7\u00e3o, ou quando Enric Mas (Movistar) se envolveu numa pequena queda.<\/p>\n<p>Foi o mote, juntamente com a localiza\u00e7\u00e3o de algumas bandeiras no circuito, para o camisola rosa, Jonas Vingegaard (Visma), abordar a organiza\u00e7\u00e3o e dar voz a alguns protestos. Resultado? A comiss\u00e3o da prova determinou que o tempo da classifica\u00e7\u00e3o geral passava a contar na pen\u00faltima passagem pela linha da meta, o que significa que, nos 16km restantes, quem n\u00e3o estava a lutar pelo triunfo na etapa p\u00f4de poupar-se a um final fren\u00e9tico.<\/p>\n<p>L\u00e1 na frente, a concluir uma tirada especialmente r\u00e1pida, Dversnes, de 29 anos, imp\u00f4s-se em 3h03min18s aos italianos Mirco Maestri e Martin Marcellusi, que fecharam o p\u00f3dio com o mesmo tempo do noruegu\u00eas &#8211; e o mesmo aconteceu com Bais, que foi quarto classificado.<\/p>\n<p>&#8220;Tive uma enorme ajuda dos meus colegas na fuga, os italianos da Bardiani e da Polti foram muito fortes. Sabia que tinha uma oportunidade porque sou bom a envolver-me nas fugas, por isso, era a minha grande ocasi\u00e3o&#8221;, resumiu Dversnes, assumindo que come\u00e7ou a acreditar no triunfo a 5 quil\u00f3metros do fim. Como se n\u00e3o bastasse, ainda conseguiu oferecer \u00e0 Uno-X uma vit\u00f3ria na primeira participa\u00e7\u00e3o de sempre no Giro. &#8220;\u00c9 fabuloso, \u00e9 um sentimento espantoso&#8221;.<\/p>\n<p>Mais atr\u00e1s (61.\u00ba), Vingegaard cortou a meta a 57 segundos, o mesmo tempo registado por Afonso Eul\u00e1lio (Bahrain) e pelo austr\u00edaco Felix Gall (CMA CGM), mantendo-se posi\u00e7\u00f5es e dist\u00e2ncias no topo da classifica\u00e7\u00e3o geral. O dinamarqu\u00eas mant\u00e9m 2min26s de margem face ao portugu\u00eas e 2min50s em rela\u00e7\u00e3o a Gall.<\/p>\n<p>Na segunda-feira, o pelot\u00e3o do Giro beneficia do terceiro e \u00faltimo dia de descanso, antes de disputar a 16.\u00aa etapa, na ter\u00e7a-feira, entre Bellinzona e Car\u00ec, nos Alpes su\u00ed\u00e7os. Um tirada de 113 quil\u00f3metros, com a chegada a coincidir com uma contagem de montanha de primeira categoria.<\/p>\n","protected":false},"excerpt":{"rendered":"Um vencedor surpreendente, uma queda, protestos do camisola rosa e redefini\u00e7\u00e3o do tempo de chegada. A 15.\u00aa etapa&hellip;\n","protected":false},"author":2,"featured_media":393847,"comment_status":"","ping_status":"","sticky":false,"template":"","format":"standard","meta":{"footnotes":"","_share_on_mastodon":"0"},"categories":[87],"tags":[1342,135,1867,32,33,134,37924],"class_list":["post-393846","post","type-post","status-publish","format-standard","has-post-thumbnail","category-desporto","tag-ciclismo","tag-desporto","tag-outras-modalidades","tag-portugal","tag-pt","tag-sports","tag-volta-a-italia"],"share_on_mastodon":{"url":"https:\/\/pubeurope.com\/@pt\/116633658290669083","error":""},"_links":{"self":[{"href":"https:\/\/www.europesays.com\/pt\/wp-json\/wp\/v2\/posts\/393846","targetHints":{"allow":["GET"]}}],"collection":[{"href":"https:\/\/www.europesays.com\/pt\/wp-json\/wp\/v2\/posts"}],"about":[{"href":"https:\/\/www.europesays.com\/pt\/wp-json\/wp\/v2\/types\/post"}],"author":[{"embeddable":true,"href":"https:\/\/www.europesays.com\/pt\/wp-json\/wp\/v2\/users\/2"}],"replies":[{"embeddable":true,"href":"https:\/\/www.europesays.com\/pt\/wp-json\/wp\/v2\/comments?post=393846"}],"version-history":[{"count":0,"href":"https:\/\/www.europesays.com\/pt\/wp-json\/wp\/v2\/posts\/393846\/revisions"}],"wp:featuredmedia":[{"embeddable":true,"href":"https:\/\/www.europesays.com\/pt\/wp-json\/wp\/v2\/media\/393847"}],"wp:attachment":[{"href":"https:\/\/www.europesays.com\/pt\/wp-json\/wp\/v2\/media?parent=393846"}],"wp:term":[{"taxonomy":"category","embeddable":true,"href":"https:\/\/www.europesays.com\/pt\/wp-json\/wp\/v2\/categories?post=393846"},{"taxonomy":"post_tag","embeddable":true,"href":"https:\/\/www.europesays.com\/pt\/wp-json\/wp\/v2\/tags?post=393846"}],"curies":[{"name":"wp","href":"https:\/\/api.w.org\/{rel}","templated":true}]}}