{"id":394018,"date":"2026-05-25T09:31:15","date_gmt":"2026-05-25T09:31:15","guid":{"rendered":"https:\/\/www.europesays.com\/pt\/394018\/"},"modified":"2026-05-25T09:31:15","modified_gmt":"2026-05-25T09:31:15","slug":"pela-primeira-vez-um-jogo-profissional-foi-filmado-com-15-iphones-17-pro","status":"publish","type":"post","link":"https:\/\/www.europesays.com\/pt\/394018\/","title":{"rendered":"Pela primeira vez, um jogo profissional foi filmado com 15 iPhones 17 Pro"},"content":{"rendered":"<p>A Apple deu um passo gigante na forma como os eventos desportivos s\u00e3o filmados. Pela primeira vez na hist\u00f3ria, um jogo profissional ao vivo foi captado e transmitido apenas com smartphones, mais especificamente iPhones 17 Pro.<\/p>\n<p><a target=\"_blank\" href=\"https:\/\/pplware.sapo.pt\/wp-content\/uploads\/2026\/05\/iphone17pro-transmissao-jogo2.jpg\" onclick=\"refreshIframe()\" class=\"foobox\" rel=\"nofollow noopener\"><img fetchpriority=\"high\" decoding=\"async\" src=\"https:\/\/www.europesays.com\/pt\/wp-content\/uploads\/2026\/05\/iphone17pro-transmissao-jogo2-720x405.jpg\" alt=\"Jogo profissional transmitido com iPhones 17 Pro\" width=\"720\" height=\"405\" class=\"aligncenter size-medium wp-image-1120902\"  \/><\/a>\n<\/p>\n<p>No passado dia 23 de maio de 2026, a Apple TV transmitiu o jogo da Major League Soccer (MLS) entre o LA Galaxy e o Houston Dynamo FC a partir do Dignity Health Sports Park, em Carson, na Calif\u00f3rnia.<\/p>\n<p>Contudo, pela primeira vez, um grande evento desportivo profissional ao vivo <strong>foi filmado do in\u00edcio ao fim exclusivamente com iPhones<\/strong>, mais concretamente, com 15 unidades do iPhone 17 Pro distribu\u00eddas por todo o est\u00e1dio.<\/p>\n<p>O an\u00fancio foi feito pela pr\u00f3pria Apple, no seu <a target=\"_blank\" href=\"https:\/\/www.apple.com\/newsroom\/2026\/05\/apple-tv-to-air-first-major-live-pro-sports-event-shot-on-iphone-17-pro\/\" rel=\"nofollow noopener\">website oficial<\/a>, uns dias antes, em parceria com a MLS.<\/p>\n<p>Numa aposta deliberada, a empresa de Cupertino aproveitou o facto de ser o \u00faltimo fim de semana de jogos da MLS antes da pausa para o Campeonato do Mundo da FIFA, garantindo uma <strong>audi\u00eancia acima do habitual<\/strong> para um s\u00e1bado \u00e0 noite a meio da \u00e9poca.<\/p>\n<blockquote class=\"tw-align-center twitter-tweet\" data-media-max-width=\"720\">\n<p lang=\"zh\" dir=\"ltr\">\u4e00\u573aMLS\u8db3\u7403\u8d5b\u5168\u7a0b\u7531iPhone 17 Pro Max\u62cd\u6444\u5b8c\u6210\uff0c\u5171\u90e8\u7f7215\u53f0iPhone\u6444\u50cf\u673a\uff0c\u5176\u4e2d8\u53f0\u52a0\u88c5\u4ef7\u503c26.5\u4e07\u7f8e\u5143\u7684Fujinon\u8d85\u957f\u7126\u955c\u5934\uff0c\u5168\u94fe\u8def\u91c7\u7528Apple Log 2\u3001Blackmagic App\u53caiPad\u5916\u90e8\u6821\u51c6\uff0c\u5b9e\u73b0\u4e13\u4e1a\u7ea7\u4f53\u80b2\u76f4\u64ad\uff0c\u6807\u5fd7\u79fb\u52a8\u8bbe\u5907\u5e7f\u64ad\u80fd\u529b\u7684\u5386\u53f2\u6027\u7a81\u7834\u3002<br \/>\nOnly Apple Can do\uff01 <a target=\"_blank\" href=\"https:\/\/t.co\/7yJM0jn3oL\" rel=\"nofollow\">pic.twitter.com\/7yJM0jn3oL<\/a><\/p>\n<p>\u2014 ryan (@Ryanstarxin) <a target=\"_blank\" href=\"https:\/\/twitter.com\/Ryanstarxin\/status\/2058565734805192783?ref_src=twsrc%5Etfw\" rel=\"nofollow noopener\">May 24, 2026<\/a><\/p>\n<\/blockquote>\n<p>15 iPhones em vez de c\u00e2maras tradicionais<\/p>\n<p>A produ\u00e7\u00e3o foi desenvolvida em parceria com a MLS e contou com <strong>15 iPhones 17 Pro<\/strong> estrategicamente posicionados em diferentes pontos do est\u00e1dio.<\/p>\n<p>Ao contr\u00e1rio de uma transmiss\u00e3o convencional, que recorre a c\u00e2maras profissionais de grande porte, gruas e sistemas de capta\u00e7\u00e3o extremamente complexos, toda a cobertura foi assegurada pelos mesmos dispositivos que <strong>qualquer pessoa pode comprar<\/strong> numa loja Apple.<\/p>\n<p>As c\u00e2maras foram colocadas para cobrir os <strong>aquecimentos das equipas no relvado<\/strong>, as <strong>apresenta\u00e7\u00f5es dos jogadores<\/strong>, <strong>\u00e2ngulos de dentro da baliza<\/strong> no momento dos golos, e <strong>cenas de ambiente<\/strong> no interior do est\u00e1dio.<\/p>\n<p>A Apple sublinhou que o facto de o <strong>iPhone ser compacto<\/strong> permitiria \u00e0 equipa de produ\u00e7\u00e3o explorar \u00e2ngulos e perspetivas que seriam simplesmente impratic\u00e1veis com equipamento tradicional, <strong>aproximando os espectadores da a\u00e7\u00e3o<\/strong> de uma forma nunca antes abordada.<\/p>\n<blockquote>\n<p>Com c\u00e2maras posicionadas por todo o recinto, a transmiss\u00e3o oferecer\u00e1 a qualidade de v\u00eddeo irrepreens\u00edvel que os f\u00e3s esperam, bem como novas perspetivas din\u00e2micas que aproximam os espectadores da a\u00e7\u00e3o, gra\u00e7as ao tamanho compacto do iPhone.<\/p>\n<\/blockquote>\n<p>Escreveu a Apple.<\/p>\n<p><img loading=\"lazy\" decoding=\"async\" src=\"https:\/\/www.europesays.com\/pt\/wp-content\/uploads\/2026\/05\/iphone17pro-transmissao-jogo1-720x405.jpg\" alt=\"Jogo profissional transmitido com iPhones 17 Pro\" width=\"720\" height=\"405\" class=\"aligncenter size-medium wp-image-1120901\"  \/><\/p>\n<p>O iPhone 17 Pro \u00e9 um dispositivo musculado<\/p>\n<p>A pergunta que se imp\u00f5e \u00e9 a seguinte: o que \u00e9 que o <a target=\"_blank\" href=\"https:\/\/pplware.sapo.pt\/tag\/iphone-17-pro\/\" rel=\"nofollow noopener\">iPhone 17 Pro<\/a> tem para <strong>justificar esta confian\u00e7a<\/strong> num contexto t\u00e3o exigente como uma transmiss\u00e3o desportiva ao vivo?<\/p>\n<p>O dispositivo conta com t<strong>r\u00eas c\u00e2maras Fusion de 48 megapix\u00e9is<\/strong>, oferecendo o equivalente a <strong>oito lentes<\/strong> num \u00fanico aparelho compacto.<\/p>\n<p>Para capta\u00e7\u00e3o de v\u00eddeo profissional, destaca-se o suporte ao <strong>Apple Log 2, um perfil de cor<\/strong> que permite registar uma gama crom\u00e1tica muito mais ampla, em <strong>codecs ProRes ou HEVC<\/strong>.<\/p>\n<p>Estas tecnicalidades traduzem-se em <strong>imagens com mais detalhe nas sombras e nas luzes altas<\/strong>, uma vantagem crucial num ambiente como um est\u00e1dio, com ilumina\u00e7\u00e3o artificial intensa e zonas de sombra profunda.<\/p>\n<p><a target=\"_blank\" href=\"https:\/\/pplware.sapo.pt\/wp-content\/uploads\/2025\/10\/iphone17_pro_laranja00.webp\" rel=\"nofollow noopener\"><img loading=\"lazy\" decoding=\"async\" aria-describedby=\"caption-attachment-1082571\" src=\"https:\/\/www.europesays.com\/pt\/wp-content\/uploads\/2026\/05\/iphone17_pro_laranja00-720x405.webp\" alt=\"\" width=\"720\" height=\"405\" class=\"wp-image-1082571 size-medium\"  \/><\/a><\/p>\n<p id=\"caption-attachment-1082571\" class=\"wp-caption-text\">A combina\u00e7\u00e3o de qualidade de imagem, versatilidade e portabilidade foi o que convenceu a Apple e a MLS de que era poss\u00edvel dar este passo.<\/p>\n<p>Evolu\u00e7\u00e3o gradual at\u00e9 uma transmiss\u00e3o hist\u00f3rica<\/p>\n<p>A integra\u00e7\u00e3o do iPhone em transmiss\u00f5es desportivas ao vivo tem sido feita <strong>de forma progressiva<\/strong>\u00a0ao longo dos \u00faltimos meses.<\/p>\n<p>Tudo come\u00e7ou em <strong>setembro de 2025<\/strong>, num jogo de basebol &#8220;Friday Night Baseball&#8221; entre os Boston Red Sox e os Detroit Tigers.<\/p>\n<p>Na altura, o iPhone 17 Pro foi usado para captar <strong>momentos selecionados da partida<\/strong>, em complemento ao equipamento tradicional.<\/p>\n<p>Segundo a Apple, o resultado foi <strong>suficientemente positivo<\/strong> para que um dos iPhones utilizados nessa transmiss\u00e3o tenha acabado <strong>exposto no National Baseball Hall of Fame and Museum<\/strong>, em Cooperstown, em Nova Iorque.<\/p>\n<p>Depois disso, a empresa foi <strong>integrando progressivamente o iPhone em mais transmiss\u00f5es<\/strong>. Na MLS Cup 2025, em dezembro, foram usados <strong>quatro iPhones 17 Pro<\/strong> integrados numa produ\u00e7\u00e3o com mais de <strong>30 c\u00e2maras<\/strong>, o maior conjunto de c\u00e2maras na hist\u00f3ria da MLS Cup.<\/p>\n<p>Em 2026, o iPhone passou a <strong>fazer parte da rota\u00e7\u00e3o regular<\/strong> de produ\u00e7\u00e3o tanto no &#8220;Friday Night Baseball&#8221; como nas transmiss\u00f5es da MLS.<\/p>\n<p>O jogo de 23 de maio foi, portanto, o <strong>culminar de um processo<\/strong> que durou quase um ano.<\/p>\n<blockquote class=\"tw-align-center twitter-tweet\" data-media-max-width=\"720\">\n<p lang=\"en\" dir=\"ltr\">.<a target=\"_blank\" href=\"https:\/\/twitter.com\/LAGalaxy?ref_src=twsrc%5Etfw\" rel=\"nofollow noopener\">@LAGalaxy<\/a> vs. <a target=\"_blank\" href=\"https:\/\/twitter.com\/HoustonDynamo?ref_src=twsrc%5Etfw\" rel=\"nofollow noopener\">@HoustonDynamo<\/a> tonight will become the first ever live professional sporting event capture exclusively on iPhone! \ud83d\udd25 <a target=\"_blank\" href=\"https:\/\/t.co\/3u5AomXiGG\" rel=\"nofollow\">pic.twitter.com\/3u5AomXiGG<\/a><\/p>\n<p>\u2014 Major League Soccer (@MLS) <a target=\"_blank\" href=\"https:\/\/twitter.com\/MLS\/status\/2058327458080805352?ref_src=twsrc%5Etfw\" rel=\"nofollow noopener\">May 23, 2026<\/a><\/p>\n<\/blockquote>\n<p>O que isto significa para o futuro das transmiss\u00f5es desportivas<\/p>\n<p>Outra pergunta inevit\u00e1vel procurar\u00e1 perceber o que este feito significa para o futuro. Se 15 iPhones conseguem cobrir um jogo profissional da MLS com qualidade suficiente para uma transmiss\u00e3o global, <strong>em que contextos \u00e9 que esta abordagem pode ser \u00fatil?<\/strong><\/p>\n<p>A resposta est\u00e1 nos <strong>cen\u00e1rios onde o equipamento tradicional \u00e9 um obst\u00e1culo<\/strong>, seja pelo custo, pela log\u00edstica ou pelas limita\u00e7\u00f5es f\u00edsicas.<\/p>\n<p>Por exemplo, em <strong>ligas de segunda divis\u00e3o<\/strong> com <strong>or\u00e7amentos mais reduzidos<\/strong>, em competi\u00e7\u00f5es internacionais em <strong>mercados onde transportar equipamento pesado \u00e9 dispendioso<\/strong>, ou em <strong>produ\u00e7\u00f5es remotas<\/strong> onde a infraestrutura \u00e9 limitada.<\/p>\n<p>Em todos estes casos, um conjunto de smartphones de alta gama pode representar uma <strong>solu\u00e7\u00e3o vi\u00e1vel e muito mais acess\u00edvel<\/strong>.<\/p>\n<p>N\u00e3o obstante, os cr\u00edticos apontam algumas limita\u00e7\u00f5es, desde o <strong>zoom \u00f3tico<\/strong> do iPhone n\u00e3o rivalizar com as grandes objetivas tradicionais em situa\u00e7\u00f5es de longa dist\u00e2ncia, at\u00e9 \u00e0 <strong>estabiliza\u00e7\u00e3o<\/strong> em sess\u00f5es muito prolongadas poder ser um desafio.<\/p>\n<p>\t\t\t\t\t\t<script async src=\"https:\/\/platform.twitter.com\/widgets.js\" charset=\"utf-8\"><\/script><\/p>\n","protected":false},"excerpt":{"rendered":"A Apple deu um passo gigante na forma como os eventos desportivos s\u00e3o filmados. Pela primeira vez na&hellip;\n","protected":false},"author":2,"featured_media":394019,"comment_status":"","ping_status":"","sticky":false,"template":"","format":"standard","meta":{"footnotes":"","_share_on_mastodon":"0"},"categories":[84],"tags":[109,107,108,524,7178,2853,32,33,105,103,104,106,110],"class_list":["post-394018","post","type-post","status-publish","format-standard","has-post-thumbnail","category-ciencia-e-tecnologia","tag-ciencia","tag-ciencia-e-tecnologia","tag-cienciaetecnologia","tag-futebol","tag-iphone-17-pro","tag-iphone-ipod","tag-portugal","tag-pt","tag-science","tag-science-and-technology","tag-scienceandtechnology","tag-technology","tag-tecnologia"],"share_on_mastodon":{"url":"https:\/\/pubeurope.com\/@pt\/116634523746707654","error":""},"_links":{"self":[{"href":"https:\/\/www.europesays.com\/pt\/wp-json\/wp\/v2\/posts\/394018","targetHints":{"allow":["GET"]}}],"collection":[{"href":"https:\/\/www.europesays.com\/pt\/wp-json\/wp\/v2\/posts"}],"about":[{"href":"https:\/\/www.europesays.com\/pt\/wp-json\/wp\/v2\/types\/post"}],"author":[{"embeddable":true,"href":"https:\/\/www.europesays.com\/pt\/wp-json\/wp\/v2\/users\/2"}],"replies":[{"embeddable":true,"href":"https:\/\/www.europesays.com\/pt\/wp-json\/wp\/v2\/comments?post=394018"}],"version-history":[{"count":0,"href":"https:\/\/www.europesays.com\/pt\/wp-json\/wp\/v2\/posts\/394018\/revisions"}],"wp:featuredmedia":[{"embeddable":true,"href":"https:\/\/www.europesays.com\/pt\/wp-json\/wp\/v2\/media\/394019"}],"wp:attachment":[{"href":"https:\/\/www.europesays.com\/pt\/wp-json\/wp\/v2\/media?parent=394018"}],"wp:term":[{"taxonomy":"category","embeddable":true,"href":"https:\/\/www.europesays.com\/pt\/wp-json\/wp\/v2\/categories?post=394018"},{"taxonomy":"post_tag","embeddable":true,"href":"https:\/\/www.europesays.com\/pt\/wp-json\/wp\/v2\/tags?post=394018"}],"curies":[{"name":"wp","href":"https:\/\/api.w.org\/{rel}","templated":true}]}}